{"id":1099676,"date":"2026-01-19T17:31:59","date_gmt":"2026-01-19T17:31:59","guid":{"rendered":"https:\/\/dimensionturistica.com\/es\/?p=1099676"},"modified":"2026-01-19T17:31:59","modified_gmt":"2026-01-19T17:31:59","slug":"la-leon-se-destaca-como-lider-de-la-industria-de-reuniones-con-el-xvi-congreso-mpi-capitulo-mexico","status":"publish","type":"post","link":"https:\/\/dimensionturistica.com\/es\/la-leon-se-destaca-como-lider-de-la-industria-de-reuniones-con-el-xvi-congreso-mpi-capitulo-mexico\/","title":{"rendered":"La Le\u00f3n se destaca como l\u00edder de la industria de reuniones con el XVI Congreso MPI Cap\u00edtulo M\u00e9xico"},"content":{"rendered":"\n<figure class=\"wp-block-gallery has-nested-images columns-default is-cropped wp-block-gallery-1 is-layout-flex wp-block-gallery-is-layout-flex\">\n<figure class=\"wp-block-image size-large\"><img decoding=\"async\" width=\"500\" height=\"66\" data-id=\"1099678\" src=\"https:\/\/dimensionturistica.com\/es\/wp-content\/uploads\/2026\/01\/2MPI.jpg\" alt=\"\" class=\"wp-image-1099678\" srcset=\"https:\/\/dimensionturistica.com\/es\/wp-content\/uploads\/2026\/01\/2MPI.jpg 500w, https:\/\/dimensionturistica.com\/es\/wp-content\/uploads\/2026\/01\/2MPI-300x40.jpg 300w\" sizes=\"(max-width: 500px) 100vw, 500px\" \/><\/figure>\n<\/figure>\n\n\n\n<p>Le\u00f3n se consolidar\u00e1 como l\u00edder de la industria de reuniones al ser elegida como sede del XVI Congreso Nacional de MPI Cap\u00edtulo M\u00e9xico, que se llevar\u00e1 a cabo del 15 al 17 de julio de 2026 en Poliforum Le\u00f3n, uno de los recintos m\u00e1s grandes y modernos del pa\u00eds para encuentros de gran impacto.<\/p>\n\n\n\n<figure class=\"wp-block-gallery has-nested-images columns-default is-cropped wp-block-gallery-2 is-layout-flex wp-block-gallery-is-layout-flex\">\n<figure class=\"wp-block-image size-large\"><img decoding=\"async\" width=\"1024\" height=\"768\" data-id=\"1099679\" src=\"https:\/\/dimensionturistica.com\/es\/wp-content\/uploads\/2026\/01\/8bef3b4c-3e4f-4817-b433-de90a4ecc15a-1024x768.jpg\" alt=\"\" class=\"wp-image-1099679\" srcset=\"https:\/\/dimensionturistica.com\/es\/wp-content\/uploads\/2026\/01\/8bef3b4c-3e4f-4817-b433-de90a4ecc15a-1024x768.jpg 1024w, https:\/\/dimensionturistica.com\/es\/wp-content\/uploads\/2026\/01\/8bef3b4c-3e4f-4817-b433-de90a4ecc15a-300x225.jpg 300w, https:\/\/dimensionturistica.com\/es\/wp-content\/uploads\/2026\/01\/8bef3b4c-3e4f-4817-b433-de90a4ecc15a-768x576.jpg 768w, https:\/\/dimensionturistica.com\/es\/wp-content\/uploads\/2026\/01\/8bef3b4c-3e4f-4817-b433-de90a4ecc15a-1536x1152.jpg 1536w, https:\/\/dimensionturistica.com\/es\/wp-content\/uploads\/2026\/01\/8bef3b4c-3e4f-4817-b433-de90a4ecc15a-750x563.jpg 750w, https:\/\/dimensionturistica.com\/es\/wp-content\/uploads\/2026\/01\/8bef3b4c-3e4f-4817-b433-de90a4ecc15a-1140x855.jpg 1140w, https:\/\/dimensionturistica.com\/es\/wp-content\/uploads\/2026\/01\/8bef3b4c-3e4f-4817-b433-de90a4ecc15a.jpg 1600w\" sizes=\"(max-width: 1024px) 100vw, 1024px\" \/><\/figure>\n<\/figure>\n\n\n\n<p>Meeting Professionals International (MPI por sus siglas en ingl\u00e9s) es la asociaci\u00f3n de profesionales de la industria de reuniones y eventos m\u00e1s grande del mundo, que desde el a\u00f1o 2000 cuenta con el Cap\u00edtulo M\u00e9xico.<\/p>\n\n\n\n<p>Al participar en la Toma de Protesta de la nueva Mesa Directiva de MPI Cap\u00edtulo M\u00e9xico, que ser\u00e1 presidida por Hugo Rosas, Karla Aguilera Hern\u00e1ndez, directora de Fortalecimiento y Consolidaci\u00f3n de Turismo de Reuniones de la Direcci\u00f3n de Hospitalidad y Turismo de Le\u00f3n, destac\u00f3 las bondades de esta ciudad viva, vibrante y en constante movimiento.<\/p>\n\n\n\n<figure class=\"wp-block-gallery has-nested-images columns-default is-cropped wp-block-gallery-3 is-layout-flex wp-block-gallery-is-layout-flex\">\n<figure class=\"wp-block-image size-large\"><img decoding=\"async\" width=\"640\" height=\"320\" data-id=\"1099680\" src=\"https:\/\/dimensionturistica.com\/es\/wp-content\/uploads\/2026\/01\/1MPI.jpg\" alt=\"\" class=\"wp-image-1099680\" srcset=\"https:\/\/dimensionturistica.com\/es\/wp-content\/uploads\/2026\/01\/1MPI.jpg 640w, https:\/\/dimensionturistica.com\/es\/wp-content\/uploads\/2026\/01\/1MPI-300x150.jpg 300w, https:\/\/dimensionturistica.com\/es\/wp-content\/uploads\/2026\/01\/1MPI-360x180.jpg 360w\" sizes=\"(max-width: 640px) 100vw, 640px\" \/><\/figure>\n<\/figure>\n\n\n\n<p>Resalt\u00f3 que Le\u00f3n es un l\u00edder indiscutible en la industria de reuniones siendo una de las ciudades con m\u00e1s alto \u00edndice de desarrollo de los \u00faltimos 20 a\u00f1os, con un recinto de vanguardia para realizar congresos, convenciones y exposiciones de alto nivel, as\u00ed como la facilidad para llevar a cabo distintos eventos simult\u00e1neos.<\/p>\n\n\n\n<p>Aguilera Hern\u00e1ndez precis\u00f3 que, por la experiencia, el destino garantiza encuentros memorables y exitosos, que se complementa con la gran oferta tur\u00edstica y una agenda anual de eventos de talla mundial como la Feria Estatal de Le\u00f3n, la m\u00e1s grande de Am\u00e9rica Latina; el World Rally Championship, una de las carreras m\u00e1s esperadas del campeonato mundial; y el Festival Internacional del Globo, uno de los m\u00e1s importantes del mundo.<\/p>\n\n\n\n<figure class=\"wp-block-gallery has-nested-images columns-default is-cropped wp-block-gallery-4 is-layout-flex wp-block-gallery-is-layout-flex\">\n<figure class=\"wp-block-image size-large\"><img decoding=\"async\" width=\"500\" height=\"375\" data-id=\"1099681\" src=\"https:\/\/dimensionturistica.com\/es\/wp-content\/uploads\/2026\/01\/4MPI.jpg\" alt=\"\" class=\"wp-image-1099681\" srcset=\"https:\/\/dimensionturistica.com\/es\/wp-content\/uploads\/2026\/01\/4MPI.jpg 500w, https:\/\/dimensionturistica.com\/es\/wp-content\/uploads\/2026\/01\/4MPI-300x225.jpg 300w\" sizes=\"(max-width: 500px) 100vw, 500px\" \/><\/figure>\n<\/figure>\n\n\n\n<p>Se\u00f1al\u00f3 que por su ubicaci\u00f3n estrat\u00e9gica, al centro del pa\u00eds, Le\u00f3n es uno de los destinos con mejor acceso v\u00eda terrestre y a\u00e9rea con hasta 252 vuelos semanales, lo que permite conectar con las capitales y ciudades m\u00e1s importantes del mundo.<\/p>\n\n\n\n<p>Con m\u00e1s de 9,000 cuartos de hotel, 3,500 de ellos en las cercan\u00edas de Distrito Le\u00f3n Mx, y m\u00e1s de 680 establecimientos para disfrutar de la gastronom\u00eda desde grandes exponentes de cocina de autor, tradicional, internacional, de especialidad, hasta antojitos t\u00edpicos, Le\u00f3n es una ciudad perfecta para combinar el viaje de negocios con placer.<\/p>\n\n\n\n<figure class=\"wp-block-gallery has-nested-images columns-default is-cropped wp-block-gallery-5 is-layout-flex wp-block-gallery-is-layout-flex\">\n<figure class=\"wp-block-image size-large\"><img decoding=\"async\" width=\"500\" height=\"375\" data-id=\"1099682\" src=\"https:\/\/dimensionturistica.com\/es\/wp-content\/uploads\/2026\/01\/7MPI.jpg\" alt=\"\" class=\"wp-image-1099682\" srcset=\"https:\/\/dimensionturistica.com\/es\/wp-content\/uploads\/2026\/01\/7MPI.jpg 500w, https:\/\/dimensionturistica.com\/es\/wp-content\/uploads\/2026\/01\/7MPI-300x225.jpg 300w\" sizes=\"(max-width: 500px) 100vw, 500px\" \/><\/figure>\n<\/figure>\n\n\n\n<p>\u201cDisfruten Le\u00f3n, recorran su historia, tradici\u00f3n y cultura en cada rinc\u00f3n. Ser\u00e1n recibidos con los brazos abiertos y estamos seguros de que pasar\u00e1n grandes d\u00edas durante el XVI Congreso Nacional MPI Cap\u00edtulo M\u00e9xico\u201d, expres\u00f3 Karla Aguilera Hern\u00e1ndez.<\/p>\n\n\n\n<p>Por su parte, Connie Vallejo Cort\u00e9s, directora de Atracci\u00f3n de Eventos y Cinematograf\u00eda de la Secretar\u00eda de Turismo e Identidad de Guanajuato, extern\u00f3 la bienvenida a los l\u00edderes de la industria de reuniones, no solo a Le\u00f3n, sino a los municipios cercanos que cuentan con una variada oferta para este segmento, adem\u00e1s de atractivos tur\u00edsticos, hist\u00f3ricos y culturales para enriquecer su visita.<\/p>\n\n\n\n<figure class=\"wp-block-gallery has-nested-images columns-default is-cropped wp-block-gallery-6 is-layout-flex wp-block-gallery-is-layout-flex\">\n<figure class=\"wp-block-image size-large\"><img decoding=\"async\" width=\"500\" height=\"375\" data-id=\"1099683\" src=\"https:\/\/dimensionturistica.com\/es\/wp-content\/uploads\/2026\/01\/3MPI.jpg\" alt=\"\" class=\"wp-image-1099683\" srcset=\"https:\/\/dimensionturistica.com\/es\/wp-content\/uploads\/2026\/01\/3MPI.jpg 500w, https:\/\/dimensionturistica.com\/es\/wp-content\/uploads\/2026\/01\/3MPI-300x225.jpg 300w\" sizes=\"(max-width: 500px) 100vw, 500px\" \/><\/figure>\n<\/figure>\n\n\n\n<p>Al tomar protesta como presidente de MPI Cap\u00edtulo M\u00e9xico, Hugo Rosas present\u00f3 su plan de Trabajo el cual tendr\u00e1 un enfoque especial en la capacitaci\u00f3n y profesionalizaci\u00f3n de los socios, por lo que asegur\u00f3 que este a\u00f1o, el Congreso Nacional tendr\u00e1 un nuevo concepto llamado Enfoque.<\/p>\n\n\n\n<figure class=\"wp-block-gallery has-nested-images columns-default is-cropped wp-block-gallery-7 is-layout-flex wp-block-gallery-is-layout-flex\">\n<figure class=\"wp-block-image size-large\"><img decoding=\"async\" width=\"500\" height=\"375\" data-id=\"1099684\" src=\"https:\/\/dimensionturistica.com\/es\/wp-content\/uploads\/2026\/01\/6MPI.jpg\" alt=\"\" class=\"wp-image-1099684\" srcset=\"https:\/\/dimensionturistica.com\/es\/wp-content\/uploads\/2026\/01\/6MPI.jpg 500w, https:\/\/dimensionturistica.com\/es\/wp-content\/uploads\/2026\/01\/6MPI-300x225.jpg 300w\" sizes=\"(max-width: 500px) 100vw, 500px\" \/><\/figure>\n<\/figure>\n\n\n\n<p>Agradeci\u00f3 a las autoridades estatales y municipales por las facilidades que har\u00e1n de este encuentro de negocios un referente en la industria de reuniones no solo del pa\u00eds sino a nivel internacional.<\/p>\n\n\n\n<p>En el evento tambi\u00e9n estuvieron presentes Alejandro Guti\u00e9rrez de Velasco, director general de Poliforum Le\u00f3n y Ricardo Manzanares, presidente de MPI Cap\u00edtulo Baj\u00edo.<\/p>\n","protected":false},"excerpt":{"rendered":"<p>Le\u00f3n se consolidar\u00e1 como l\u00edder de la industria de reuniones al ser elegida como sede del XVI Congreso Nacional de MPI Cap\u00edtulo M\u00e9xico, que se llevar\u00e1 a cabo del 15 al 17 de julio de 2026 en Poliforum Le\u00f3n, uno de los recintos m\u00e1s grandes y modernos del pa\u00eds para encuentros de gran impacto. Meeting [&hellip;]<\/p>\n","protected":false},"author":1,"featured_media":0,"comment_status":"open","ping_status":"closed","sticky":false,"template":"","format":"standard","meta":{"om_disable_all_campaigns":false,"jnews-multi-image_gallery":[],"jnews_single_post":[],"jnews_primary_category":[],"jnews_social_meta":[],"footnotes":""},"categories":[39],"tags":[],"class_list":["post-1099676","post","type-post","status-publish","format-standard","hentry","category-viajes"],"_links":{"self":[{"href":"https:\/\/dimensionturistica.com\/es\/wp-json\/wp\/v2\/posts\/1099676","targetHints":{"allow":["GET"]}}],"collection":[{"href":"https:\/\/dimensionturistica.com\/es\/wp-json\/wp\/v2\/posts"}],"about":[{"href":"https:\/\/dimensionturistica.com\/es\/wp-json\/wp\/v2\/types\/post"}],"author":[{"embeddable":true,"href":"https:\/\/dimensionturistica.com\/es\/wp-json\/wp\/v2\/users\/1"}],"replies":[{"embeddable":true,"href":"https:\/\/dimensionturistica.com\/es\/wp-json\/wp\/v2\/comments?post=1099676"}],"version-history":[{"count":1,"href":"https:\/\/dimensionturistica.com\/es\/wp-json\/wp\/v2\/posts\/1099676\/revisions"}],"predecessor-version":[{"id":1099685,"href":"https:\/\/dimensionturistica.com\/es\/wp-json\/wp\/v2\/posts\/1099676\/revisions\/1099685"}],"wp:attachment":[{"href":"https:\/\/dimensionturistica.com\/es\/wp-json\/wp\/v2\/media?parent=1099676"}],"wp:term":[{"taxonomy":"category","embeddable":true,"href":"https:\/\/dimensionturistica.com\/es\/wp-json\/wp\/v2\/categories?post=1099676"},{"taxonomy":"post_tag","embeddable":true,"href":"https:\/\/dimensionturistica.com\/es\/wp-json\/wp\/v2\/tags?post=1099676"}],"curies":[{"name":"wp","href":"https:\/\/api.w.org\/{rel}","templated":true}]}}