{"id":1099410,"date":"2026-01-19T00:28:44","date_gmt":"2026-01-19T00:28:44","guid":{"rendered":"https:\/\/dimensionturistica.com\/es\/?p=1099410"},"modified":"2026-01-19T00:28:44","modified_gmt":"2026-01-19T00:28:44","slug":"el-caballero-de-los-siete-reinos-detalles-de-lanzamiento-elenco-y-resumen-de-la-trama","status":"publish","type":"post","link":"https:\/\/dimensionturistica.com\/es\/el-caballero-de-los-siete-reinos-detalles-de-lanzamiento-elenco-y-resumen-de-la-trama\/","title":{"rendered":"El Caballero de los Siete Reinos: Detalles de lanzamiento, elenco y resumen de la trama"},"content":{"rendered":"<h3>La Moda en un Universo \u00c9pico: El Estilo del Caballero de los Siete Reinos<\/h3>\n<p>A medida que el mundo de la moda busca inspiraci\u00f3n en diversas narrativas, no es sorprendente que uno de los fen\u00f3menos m\u00e1s esperados tenga su origen en un universo que ha cautivado a millones: la legendaria saga de los Siete Reinos. La nueva serie de Max promete no solo adentrarnos en una historia \u00e9pica, sino tambi\u00e9n deslumbrarnos con una est\u00e9tica que combina lo medieval y lo contempor\u00e1neo de manera magistral.<\/p>\n<h4>Un Viaje Visual a Trav\u00e9s de la Historia<\/h4>\n<p>El vestuario juega un papel crucial en la construcci\u00f3n del universo que propone la serie. Cada dise\u00f1o es una declaraci\u00f3n que resuena con la esencia de los personajes, desde nobles hasta guerreros. Los trajes, elaborados con atenci\u00f3n a los detalles, reflejan la complejidad de una era donde cada tela y cada costura cuentan una historia. La paleta de colores, que oscila entre los tonos tierra y las profundidades de los metales, evoca tanto la riqueza como la lucha que define a este mundo.<\/p>\n<h4>Elementos Clave del Vestuario<\/h4>\n<ol>\n<li>\n<p><strong>Capas y Texturas<\/strong>: Las capas se convierten en protagonistas, otorgando un aire de misticismo y majestuosidad a quienes las portan. La mezcla de texturas, desde el suave terciopelo hasta el r\u00edgido cuero, crea una narrativa visual que invita a querer explorar m\u00e1s all\u00e1 de lo superficial.<\/p>\n<\/li>\n<li>\n<p><strong>Accesorios Poderosos<\/strong>: Cada accesorio parece dise\u00f1ado para contar su propia historia. Desde joyas que brillan con la luz del sol hasta armas que son m\u00e1s que simples herramientas, todo est\u00e1 puesto para reflejar el estatus y la personalidad del portador.<\/p>\n<\/li>\n<li>\n<p><strong>Calzado Estrat\u00e9gico<\/strong>: Un elemento que a menudo se pasa por alto, el calzado en esta serie no solo es funcional, sino que tambi\u00e9n es una pieza de declaraci\u00f3n. Cada bota y sandalia ha sido concebida para proporcionar tanto comodidad como un toque de distinci\u00f3n.<\/p>\n<\/li>\n<\/ol>\n<h4>Influencias Contempor\u00e1neas<\/h4>\n<p>La serie no se limita a replicar estilos hist\u00f3ricos. Los dise\u00f1adores han incorporado elementos contempor\u00e1neos que permiten que la moda resuene con las audiencias actuales. Esto se manifiesta en l\u00edneas m\u00e1s limpias, cortes audaces y combinaciones de colores que rinden homenaje a las tendencias modernas. Este enfoque h\u00edbrido invita a una reinterpretaci\u00f3n que seguramente influir\u00e1 en la moda actual, desde las pasarelas hasta el street style.<\/p>\n<h4>El Impacto en la Moda Actual<\/h4>\n<p>La moda del Caballero de los Siete Reinos no solo promete capturar las miradas de los fan\u00e1ticos de la serie, sino tambi\u00e9n de los amantes de la moda en general. Con dise\u00f1adores y marcas observando de cerca, es predecible que veremos un resurgimiento de tendencias inspiradas en este estilo medieval que invita a la exploraci\u00f3n y la creatividad.<\/p>\n<p>Los seguidores de la moda se ver\u00e1n atra\u00eddos no solo por la est\u00e9tica visual, sino tambi\u00e9n por las historias que cada atuendo puede contar. La fusi\u00f3n de lo hist\u00f3rico con lo moderno establece un camino disruptivo que invita a la reflexi\u00f3n sobre el papel de la vestimenta como narradora.<\/p>\n<h4>Conclusi\u00f3n<\/h4>\n<p>La serie no solo busca entretener; tambi\u00e9n tiene el potencial de reconfigurar el panorama de la moda contempor\u00e1nea. El Caballero de los Siete Reinos es una celebraci\u00f3n de lo que significa vestir no solo para la ocasi\u00f3n, sino para la historia propia de cada individuo. La ansiedad por ver c\u00f3mo se desarrolla la narrativa visual y su impacto en nuestra forma de vestir, sigue creciendo. <\/p>\n<p>Sin duda, el vestuario de esta serie establecer\u00e1 nuevos paradigmas y, tal vez, una nueva era en el mundo de la moda. Todo queda por verse, pero una cosa es segura: la moda nunca ha sido tan \u00e9pica.<\/p>\n<p><em> &#8221; Fuentes www.vogue.mx &#8221; <\/em><\/p>\n","protected":false},"excerpt":{"rendered":"<p>La Moda en un Universo \u00c9pico: El Estilo del Caballero de los Siete Reinos A medida que el mundo de la moda busca inspiraci\u00f3n en diversas narrativas, no es sorprendente que uno de los fen\u00f3menos m\u00e1s esperados tenga su origen en un universo que ha cautivado a millones: la legendaria saga de los Siete Reinos. [&hellip;]<\/p>\n","protected":false},"author":14,"featured_media":1099411,"comment_status":"open","ping_status":"closed","sticky":false,"template":"","format":"standard","meta":{"om_disable_all_campaigns":false,"jnews-multi-image_gallery":[],"jnews_single_post":[],"jnews_primary_category":[],"jnews_social_meta":[],"footnotes":""},"categories":[144872],"tags":[264168,13310,28658,591,2328,11018,2244,50473,23667,7497,39144,72599],"class_list":["post-1099410","post","type-post","status-publish","format-standard","has-post-thumbnail","hentry","category-fashion","tag-el-caballero-de-los-siete-reinos","tag-estreno","tag-fantasia","tag-fecha","tag-hbo","tag-hbo-max","tag-hora","tag-juego-de-tronos","tag-reparto","tag-serie","tag-series-de-tv","tag-sinopsis"],"_links":{"self":[{"href":"https:\/\/dimensionturistica.com\/es\/wp-json\/wp\/v2\/posts\/1099410","targetHints":{"allow":["GET"]}}],"collection":[{"href":"https:\/\/dimensionturistica.com\/es\/wp-json\/wp\/v2\/posts"}],"about":[{"href":"https:\/\/dimensionturistica.com\/es\/wp-json\/wp\/v2\/types\/post"}],"author":[{"embeddable":true,"href":"https:\/\/dimensionturistica.com\/es\/wp-json\/wp\/v2\/users\/14"}],"replies":[{"embeddable":true,"href":"https:\/\/dimensionturistica.com\/es\/wp-json\/wp\/v2\/comments?post=1099410"}],"version-history":[{"count":1,"href":"https:\/\/dimensionturistica.com\/es\/wp-json\/wp\/v2\/posts\/1099410\/revisions"}],"predecessor-version":[{"id":1099412,"href":"https:\/\/dimensionturistica.com\/es\/wp-json\/wp\/v2\/posts\/1099410\/revisions\/1099412"}],"wp:featuredmedia":[{"embeddable":true,"href":"https:\/\/dimensionturistica.com\/es\/wp-json\/wp\/v2\/media\/1099411"}],"wp:attachment":[{"href":"https:\/\/dimensionturistica.com\/es\/wp-json\/wp\/v2\/media?parent=1099410"}],"wp:term":[{"taxonomy":"category","embeddable":true,"href":"https:\/\/dimensionturistica.com\/es\/wp-json\/wp\/v2\/categories?post=1099410"},{"taxonomy":"post_tag","embeddable":true,"href":"https:\/\/dimensionturistica.com\/es\/wp-json\/wp\/v2\/tags?post=1099410"}],"curies":[{"name":"wp","href":"https:\/\/api.w.org\/{rel}","templated":true}]}}