{"id":1099372,"date":"2026-01-18T21:17:35","date_gmt":"2026-01-18T21:17:35","guid":{"rendered":"https:\/\/dimensionturistica.com\/es\/?p=1099372"},"modified":"2026-01-18T21:17:35","modified_gmt":"2026-01-18T21:17:35","slug":"millie-bobby-brown-presenta-un-nuevo-corte-bob-que-marcara-pauta-en-tendencias-2026","status":"publish","type":"post","link":"https:\/\/dimensionturistica.com\/es\/millie-bobby-brown-presenta-un-nuevo-corte-bob-que-marcara-pauta-en-tendencias-2026\/","title":{"rendered":"Millie Bobby Brown presenta un nuevo corte bob que marcar\u00e1 pauta en tendencias 2026"},"content":{"rendered":"<h3>La Revoluci\u00f3n del Bob: Millie Bobby Brown Marca Tendencia en 2026<\/h3>\n<p>La moda del cabello siempre ha sido un term\u00f3metro de las tendencias culturales, y en 2026, un \u00edcono juvenil se alza como referente de estilo: Millie Bobby Brown. Su reciente decisi\u00f3n de optar por un corte bob ha desatado un torrente de admiraci\u00f3n y emulaci\u00f3n entre sus seguidores y amantes de la moda, desafiando no solo los est\u00e1ndares de belleza, sino tambi\u00e9n estableciendo nuevas pautas para lo que se considera &#8220;chic&#8221;.<\/p>\n<h4>El Corte Bob: M\u00e1s Que Una Simple Elecci\u00f3n Estil\u00edstica<\/h4>\n<p>El corte bob ha experimentado transformaciones a lo largo de los a\u00f1os, pero la versi\u00f3n que ha adoptado Millie es un giro contempor\u00e1neo que resuena con la est\u00e9tica actual. Esta variaci\u00f3n, que combina la elegancia con un aire juvenil y despreocupado, se ha convertido en un s\u00edmbolo de audacia. La actriz se aleja de las largas melenas tradicionales, mostrando que el empoderamiento femenino puede manifestarse a trav\u00e9s de decisiones audaces y frescas.<\/p>\n<h4>Pasarelas y Redes Sociales: Una Sinfon\u00eda de Inspiraci\u00f3n<\/h4>\n<p>La influencia del bob no se limita a las producciones visuales de la manera tradicional. Se ha vuelto omnipresente en las plataformas digitales, donde influencers y celebridades se hacen eco de este estilo. Cada publicaci\u00f3n en redes sociales que muestra este corte se convierte en un im\u00e1n para los likes y los comentarios, creando una comunidad digital din\u00e1mica que intercambia consejos de cuidado y peinados.<\/p>\n<p>En las pasarelas, la adopci\u00f3n del bob ha sido igualmente resonante. Dise\u00f1adores visionarios han interpretado este corte en diferentes contextos, combin\u00e1ndolo con looks vanguardistas y atrevidos, lo que lo convierte en una opci\u00f3n vers\u00e1til para cualquier ocasi\u00f3n.<\/p>\n<h4>C\u00f3mo Adaptar El Bob a Tu Estilo<\/h4>\n<p>Este corte se presta a diversas interpretaciones, permitiendo a cada persona integrar su personalidad a trav\u00e9s de peque\u00f1as variaciones. Desde un bob asim\u00e9trico que evoca modernidad, hasta un bob cl\u00e1sico que aporta un toque atemporal, las opciones son infinitas. Incorporar elementos como flequillos o capas adicionales puede transformar un corte simple en una declaraci\u00f3n de estilo.<\/p>\n<p>Adem\u00e1s, el cuidado del cabello juega un papel crucial en la forma en que se percibe un bob. La textura y el brillo son esenciales para lograr esa luminosidad deseada. Productos que nutren y estilizan contribuyen a que el cabello se vea sano y vibrante, lo que es, sin duda, un aspecto importante para quienes buscan replicar este look.<\/p>\n<h4>Impacto Cultural y Social<\/h4>\n<p>El bob de Millie Bobby Brown no solo simboliza un cambio en la moda capilar, sino que tambi\u00e9n refleja un movimiento m\u00e1s amplio hacia la autenticidad y la autoexpresi\u00f3n. En un mundo que a menudo pone \u00e9nfasis en la conformidad, este corte se erige como un manifiesto de libertad. La capacidad de Millie para influir en la tendencia habla no solo de su talento, sino tambi\u00e9n de su influencia en la juventud actual.<\/p>\n<p>La evoluci\u00f3n del bob se acompa\u00f1a de un mensaje poderoso: la belleza se encuentra en la diversidad de elecciones y en la valent\u00eda de ser uno mismo. Mientras el estilo de Millie contin\u00fae resonando en la cultura popular, podemos esperar que muchas m\u00e1s personas se atrevan a explorar su propia versi\u00f3n de este corte cl\u00e1sico.<\/p>\n<h3>El Futuro del Bob<\/h3>\n<p>A medida que avanza el a\u00f1o, se anticipa que el bob seguir\u00e1 ganando fuerza y evolucionando. Con modelos y celebridades adoptando nuevas variantes, queda claro que este corte ha dejado de ser una simple moda pasajera. Urbanas, sofisticadas y llenas de vida, las melenas bob est\u00e1n aqu\u00ed para quedarse, creando un legado de estilo que, como Millie, sigue inspirando a las pr\u00f3ximas generaciones.<\/p>\n<p>As\u00ed, el impacto del bob, nutrido por la energ\u00eda de figuras como Millie Bobby Brown, se establece firme en el panorama de la moda, invitando a todos a sumarse a esta revoluci\u00f3n del cabello.<\/p>\n<p><em> &#8221; Fuentes www.vogue.mx &#8221; <\/em><\/p>\n","protected":false},"excerpt":{"rendered":"<p>La Revoluci\u00f3n del Bob: Millie Bobby Brown Marca Tendencia en 2026 La moda del cabello siempre ha sido un term\u00f3metro de las tendencias culturales, y en 2026, un \u00edcono juvenil se alza como referente de estilo: Millie Bobby Brown. Su reciente decisi\u00f3n de optar por un corte bob ha desatado un torrente de admiraci\u00f3n y [&hellip;]<\/p>\n","protected":false},"author":14,"featured_media":1099373,"comment_status":"open","ping_status":"closed","sticky":false,"template":"","format":"standard","meta":{"om_disable_all_campaigns":false,"jnews-multi-image_gallery":[],"jnews_single_post":[],"jnews_primary_category":[],"jnews_social_meta":[],"footnotes":""},"categories":[144872],"tags":[208025,39783,9047,6446,201310,7758,124981,659,260561],"class_list":["post-1099372","post","type-post","status-publish","format-standard","has-post-thumbnail","hentry","category-fashion","tag-bob","tag-cabello","tag-cambios","tag-celebridades","tag-corte-de-cabello","tag-estilo","tag-millie-bobby-brown","tag-moda","tag-tendencia-2026"],"_links":{"self":[{"href":"https:\/\/dimensionturistica.com\/es\/wp-json\/wp\/v2\/posts\/1099372","targetHints":{"allow":["GET"]}}],"collection":[{"href":"https:\/\/dimensionturistica.com\/es\/wp-json\/wp\/v2\/posts"}],"about":[{"href":"https:\/\/dimensionturistica.com\/es\/wp-json\/wp\/v2\/types\/post"}],"author":[{"embeddable":true,"href":"https:\/\/dimensionturistica.com\/es\/wp-json\/wp\/v2\/users\/14"}],"replies":[{"embeddable":true,"href":"https:\/\/dimensionturistica.com\/es\/wp-json\/wp\/v2\/comments?post=1099372"}],"version-history":[{"count":1,"href":"https:\/\/dimensionturistica.com\/es\/wp-json\/wp\/v2\/posts\/1099372\/revisions"}],"predecessor-version":[{"id":1099374,"href":"https:\/\/dimensionturistica.com\/es\/wp-json\/wp\/v2\/posts\/1099372\/revisions\/1099374"}],"wp:featuredmedia":[{"embeddable":true,"href":"https:\/\/dimensionturistica.com\/es\/wp-json\/wp\/v2\/media\/1099373"}],"wp:attachment":[{"href":"https:\/\/dimensionturistica.com\/es\/wp-json\/wp\/v2\/media?parent=1099372"}],"wp:term":[{"taxonomy":"category","embeddable":true,"href":"https:\/\/dimensionturistica.com\/es\/wp-json\/wp\/v2\/categories?post=1099372"},{"taxonomy":"post_tag","embeddable":true,"href":"https:\/\/dimensionturistica.com\/es\/wp-json\/wp\/v2\/tags?post=1099372"}],"curies":[{"name":"wp","href":"https:\/\/api.w.org\/{rel}","templated":true}]}}