{"id":1099366,"date":"2026-01-18T20:46:43","date_gmt":"2026-01-18T20:46:43","guid":{"rendered":"https:\/\/dimensionturistica.com\/es\/?p=1099366"},"modified":"2026-01-18T20:46:43","modified_gmt":"2026-01-18T20:46:43","slug":"esquema-de-color-en-el-cabello-la-tecnica-de-mechas-balayage-que-resalta-tu-rostro","status":"publish","type":"post","link":"https:\/\/dimensionturistica.com\/es\/esquema-de-color-en-el-cabello-la-tecnica-de-mechas-balayage-que-resalta-tu-rostro\/","title":{"rendered":"Esquema de color en el cabello: la t\u00e9cnica de mechas balayage que resalta tu rostro."},"content":{"rendered":"<h3>La \u00daltima Tendencia en Estilo: Contouring de Cabello<\/h3>\n<p>En el mundo de la moda y la belleza, las innovaciones nunca dejan de sorprender. Entre ellas, una t\u00e9cnica que ha capturado la atenci\u00f3n de expertos y aficionados por igual: el contouring de cabello. Esta metodolog\u00eda, que repite los principios del famoso maquillaje de contorno, ha llegado para transformar la forma en que iluminamos nuestro rostro y potenciamos nuestras caracter\u00edsticas m\u00e1s favorecedoras.<\/p>\n<h4>\u00bfQu\u00e9 es el Contouring de Cabello?<\/h4>\n<p>La t\u00e9cnica consiste en aplicar diferentes tonos de color en el cabello con el fin de crear un efecto tridimensional. A trav\u00e9s de luces y sombras, se logra resaltar la estructura facial, adapt\u00e1ndose a las particularidades de cada persona. As\u00ed, se pueden suavizar rasgos, acentuar p\u00f3mulos o afinar la mand\u00edbula, todo seg\u00fan el estilo y preferencias individuales.<\/p>\n<h4>C\u00f3mo Funciona<\/h4>\n<p>El proceso del contouring de cabello comienza con la elecci\u00f3n de un color base, que suele ser un tono cercano al del cabello natural. A partir de ah\u00ed, se a\u00f1aden matices m\u00e1s claros y m\u00e1s oscuros estrat\u00e9gicamente, ya sea mediante mechas, balayage o t\u00e9cnicas de decoloraci\u00f3n. La clave est\u00e1 en la naturalidad; los profesionales buscan crear un acabado que no se perciba artificial.<\/p>\n<h4>Beneficios y Versatilidad<\/h4>\n<p>\u00bfQui\u00e9n no desea un look fresco y juvenil? Este enfoque tambi\u00e9n se traduce en una mayor luminosidad del rostro. Al iluminar zonas espec\u00edficas, se evitan contrastes bruscos, haciendo que el cabello no solo sea un adorno, sino un verdadero aliado de la belleza facial. Adem\u00e1s, el contouring de cabello es altamente vers\u00e1til: se adapta a diferentes tipos de cabello, texturas y estilos, ofreciendo opciones tanto para quienes buscan un cambio sutil como para aquellos que desean un impacto dram\u00e1tico.<\/p>\n<h4>Mantenimiento y Cuidado<\/h4>\n<p>El mantenimiento es esencial para que el contouring de cabello siga luciendo su esplendor. Es recomendable utilizar productos espec\u00edficos que mantengan la hidrataci\u00f3n y el brillo del cabello, as\u00ed como programar visitas regulares al sal\u00f3n para retocar los colores y asegurarse de que el efecto se mantenga fresco.<\/p>\n<h4>El Futuro del Estilo<\/h4>\n<p>Con cada vez m\u00e1s celebridades adoptando esta t\u00e9cnica, es probable que veamos un crecimiento en su popularidad. El contouring de cabello no solo ofrece un aire de sofisticaci\u00f3n, sino que tambi\u00e9n empodera a las personas a jugar con su apariencia, experimentando y redefiniendo su estilo personal.<\/p>\n<h4>Conclusiones<\/h4>\n<p>En la intersecci\u00f3n entre la moda y el arte personal, el contouring de cabello marca un nuevo cap\u00edtulo en la forma en que nos expresamos a trav\u00e9s de nuestro estilo. Con la promesa de resaltar la belleza \u00fanica de cada individuo, esta tendencia est\u00e1 lista para ser el pr\u00f3ximo gran tema de conversaci\u00f3n en el mundo de la belleza. \u00a1Atr\u00e9vete a probarlo y descubre lo que el contouring de cabello puede hacer por ti!<\/p>\n<p><em> &#8221; Fuentes www.vogue.mx &#8221; <\/em><\/p>\n","protected":false},"excerpt":{"rendered":"<p>La \u00daltima Tendencia en Estilo: Contouring de Cabello En el mundo de la moda y la belleza, las innovaciones nunca dejan de sorprender. Entre ellas, una t\u00e9cnica que ha capturado la atenci\u00f3n de expertos y aficionados por igual: el contouring de cabello. Esta metodolog\u00eda, que repite los principios del famoso maquillaje de contorno, ha llegado [&hellip;]<\/p>\n","protected":false},"author":14,"featured_media":1099367,"comment_status":"open","ping_status":"closed","sticky":false,"template":"","format":"standard","meta":{"om_disable_all_campaigns":false,"jnews-multi-image_gallery":[],"jnews_single_post":[],"jnews_primary_category":[],"jnews_social_meta":[],"footnotes":""},"categories":[144872],"tags":[264166,3381,39783,223512,264164,200508,7758,37739,264165,3379,43418,17466],"class_list":["post-1099366","post","type-post","status-publish","format-standard","has-post-thumbnail","hentry","category-fashion","tag-balayage","tag-belleza","tag-cabello","tag-color-de-cabello","tag-contouring","tag-cortes-de-cabello","tag-estilo","tag-iluminacion","tag-mechas","tag-peluqueria","tag-rostro","tag-tecnica"],"_links":{"self":[{"href":"https:\/\/dimensionturistica.com\/es\/wp-json\/wp\/v2\/posts\/1099366","targetHints":{"allow":["GET"]}}],"collection":[{"href":"https:\/\/dimensionturistica.com\/es\/wp-json\/wp\/v2\/posts"}],"about":[{"href":"https:\/\/dimensionturistica.com\/es\/wp-json\/wp\/v2\/types\/post"}],"author":[{"embeddable":true,"href":"https:\/\/dimensionturistica.com\/es\/wp-json\/wp\/v2\/users\/14"}],"replies":[{"embeddable":true,"href":"https:\/\/dimensionturistica.com\/es\/wp-json\/wp\/v2\/comments?post=1099366"}],"version-history":[{"count":1,"href":"https:\/\/dimensionturistica.com\/es\/wp-json\/wp\/v2\/posts\/1099366\/revisions"}],"predecessor-version":[{"id":1099368,"href":"https:\/\/dimensionturistica.com\/es\/wp-json\/wp\/v2\/posts\/1099366\/revisions\/1099368"}],"wp:featuredmedia":[{"embeddable":true,"href":"https:\/\/dimensionturistica.com\/es\/wp-json\/wp\/v2\/media\/1099367"}],"wp:attachment":[{"href":"https:\/\/dimensionturistica.com\/es\/wp-json\/wp\/v2\/media?parent=1099366"}],"wp:term":[{"taxonomy":"category","embeddable":true,"href":"https:\/\/dimensionturistica.com\/es\/wp-json\/wp\/v2\/categories?post=1099366"},{"taxonomy":"post_tag","embeddable":true,"href":"https:\/\/dimensionturistica.com\/es\/wp-json\/wp\/v2\/tags?post=1099366"}],"curies":[{"name":"wp","href":"https:\/\/api.w.org\/{rel}","templated":true}]}}