{"id":1099297,"date":"2026-01-18T17:06:17","date_gmt":"2026-01-18T17:06:17","guid":{"rendered":"https:\/\/dimensionturistica.com\/es\/?p=1099297"},"modified":"2026-01-18T17:06:17","modified_gmt":"2026-01-18T17:06:17","slug":"pcma-mexico-renueva-liderazgo-y-presenta-agenda-2026-2028-para-fortalecer-la-industria-de-reuniones-clave-para-el-turismo-y-la-economia","status":"publish","type":"post","link":"https:\/\/dimensionturistica.com\/es\/pcma-mexico-renueva-liderazgo-y-presenta-agenda-2026-2028-para-fortalecer-la-industria-de-reuniones-clave-para-el-turismo-y-la-economia\/","title":{"rendered":"PCMA M\u00e9xico renueva liderazgo y presenta agenda 2026\u20132028 para fortalecer la industria de reuniones, clave para el turismo y la econom\u00eda"},"content":{"rendered":"\n<figure class=\"wp-block-gallery has-nested-images columns-default is-cropped wp-block-gallery-1 is-layout-flex wp-block-gallery-is-layout-flex\">\n<figure class=\"wp-block-image size-large\"><img decoding=\"async\" width=\"500\" height=\"333\" data-id=\"1099298\" src=\"https:\/\/dimensionturistica.com\/es\/wp-content\/uploads\/2026\/01\/1MESA.jpg\" alt=\"\" class=\"wp-image-1099298\" srcset=\"https:\/\/dimensionturistica.com\/es\/wp-content\/uploads\/2026\/01\/1MESA.jpg 500w, https:\/\/dimensionturistica.com\/es\/wp-content\/uploads\/2026\/01\/1MESA-300x200.jpg 300w\" sizes=\"(max-width: 500px) 100vw, 500px\" \/><\/figure>\n<\/figure>\n\n\n\n<p>El PCMA M\u00e9xico Chapter llev\u00f3 a cabo la toma de protesta de su Mesa Directiva 2026\u20132028, encabezada por Fernando Faman\u00eda Gast\u00e9lum, dando inicio a una nueva etapa estrat\u00e9gica para la industria de reuniones en el pa\u00eds, un sector que aporta el 1.83% del PIB nacional y juega un papel clave en la atracci\u00f3n de turismo, inversi\u00f3n y talento.<\/p>\n\n\n\n<p>La ceremonia se realiz\u00f3 el 16 de enero de 2026 en la Ciudad de M\u00e9xico y fue presidida por Luis D\u00edaz, presidente del Consejo Mexicano de la Industria de Reuniones (COMIR), con la participaci\u00f3n de representantes de asociaciones, destinos, recintos, hoteles, DMCs y agencias de eventos.<\/p>\n\n\n\n<figure class=\"wp-block-gallery has-nested-images columns-default is-cropped wp-block-gallery-2 is-layout-flex wp-block-gallery-is-layout-flex\">\n<figure class=\"wp-block-image size-large\"><img decoding=\"async\" width=\"500\" height=\"432\" data-id=\"1099301\" src=\"https:\/\/dimensionturistica.com\/es\/wp-content\/uploads\/2026\/01\/7MESA.jpg\" alt=\"\" class=\"wp-image-1099301\" srcset=\"https:\/\/dimensionturistica.com\/es\/wp-content\/uploads\/2026\/01\/7MESA.jpg 500w, https:\/\/dimensionturistica.com\/es\/wp-content\/uploads\/2026\/01\/7MESA-300x259.jpg 300w\" sizes=\"(max-width: 500px) 100vw, 500px\" \/><\/figure>\n<\/figure>\n\n\n\n<p>Durante el evento, PCMA M\u00e9xico Chapter present\u00f3 su agenda de trabajo 2026\u20132028, orientada a fortalecer la competitividad de M\u00e9xico como destino para eventos, congresos y convenciones, a trav\u00e9s de:<\/p>\n\n\n\n<p>Expansi\u00f3n y cobertura nacional, con mayor presencia en la Rep\u00fablica Mexicana<\/p>\n\n\n\n<p>Educaci\u00f3n ejecutiva y networking especializado, alineados con tendencias globales<\/p>\n\n\n\n<figure class=\"wp-block-gallery has-nested-images columns-default is-cropped wp-block-gallery-3 is-layout-flex wp-block-gallery-is-layout-flex\">\n<figure class=\"wp-block-image size-large\"><img decoding=\"async\" width=\"342\" height=\"510\" data-id=\"1099302\" src=\"https:\/\/dimensionturistica.com\/es\/wp-content\/uploads\/2026\/01\/3MESA.jpg\" alt=\"\" class=\"wp-image-1099302\" srcset=\"https:\/\/dimensionturistica.com\/es\/wp-content\/uploads\/2026\/01\/3MESA.jpg 342w, https:\/\/dimensionturistica.com\/es\/wp-content\/uploads\/2026\/01\/3MESA-201x300.jpg 201w\" sizes=\"(max-width: 342px) 100vw, 342px\" \/><\/figure>\n<\/figure>\n\n\n\n<p>Inclusi\u00f3n y desarrollo de talento, como eje de crecimiento del sector<\/p>\n\n\n\n<p>Sostenibilidad, mediante est\u00e1ndares internacionales y una Gu\u00eda de Eventos Sostenibles<\/p>\n\n\n\n<figure class=\"wp-block-gallery has-nested-images columns-default is-cropped wp-block-gallery-4 is-layout-flex wp-block-gallery-is-layout-flex\">\n<figure class=\"wp-block-image size-large\"><img decoding=\"async\" width=\"500\" height=\"225\" data-id=\"1099303\" src=\"https:\/\/dimensionturistica.com\/es\/wp-content\/uploads\/2026\/01\/2MESA.jpg\" alt=\"\" class=\"wp-image-1099303\" srcset=\"https:\/\/dimensionturistica.com\/es\/wp-content\/uploads\/2026\/01\/2MESA.jpg 500w, https:\/\/dimensionturistica.com\/es\/wp-content\/uploads\/2026\/01\/2MESA-300x135.jpg 300w\" sizes=\"(max-width: 500px) 100vw, 500px\" \/><figcaption class=\"wp-element-caption\">ai<\/figcaption><\/figure>\n<\/figure>\n\n\n\n<p>Destaca la conformaci\u00f3n de un Board plural y multidisciplinario, que re\u00fane amplia experiencia del ecosistema MICE, as\u00ed como la alineaci\u00f3n del cap\u00edtulo con la nueva identidad global de PCMA, presentada recientemente durante Convening Leaders 2026 en Filadelfia, reforzando la conexi\u00f3n de M\u00e9xico con la agenda internacional de la industria.<\/p>\n\n\n\n<p>Adjuntamos el comunicado completo, con declaraciones de:<\/p>\n\n\n\n<p>Fernando Faman\u00eda Gast\u00e9lum, Presidente de PCMA M\u00e9xico Chapter<\/p>\n\n\n\n<figure class=\"wp-block-gallery has-nested-images columns-default is-cropped wp-block-gallery-5 is-layout-flex wp-block-gallery-is-layout-flex\">\n<figure class=\"wp-block-image size-large\"><img decoding=\"async\" width=\"343\" height=\"414\" data-id=\"1099304\" src=\"https:\/\/dimensionturistica.com\/es\/wp-content\/uploads\/2026\/01\/4MESA.jpg\" alt=\"\" class=\"wp-image-1099304\" srcset=\"https:\/\/dimensionturistica.com\/es\/wp-content\/uploads\/2026\/01\/4MESA.jpg 343w, https:\/\/dimensionturistica.com\/es\/wp-content\/uploads\/2026\/01\/4MESA-249x300.jpg 249w\" sizes=\"(max-width: 343px) 100vw, 343px\" \/><\/figure>\n<\/figure>\n\n\n\n<p>Lucio Vaquero, Director Regional de PCMA Am\u00e9ricas Latam<\/p>\n\n\n\n<p>David Hidalgo, Immediate Past Presidente<\/p>\n\n\n\n<p>Agradecemos mucho tu tiempo y el inter\u00e9s en cubrir temas que impulsan el crecimiento del turismo y los negocios en el pa\u00eds.<\/p>\n","protected":false},"excerpt":{"rendered":"<p>El PCMA M\u00e9xico Chapter llev\u00f3 a cabo la toma de protesta de su Mesa Directiva 2026\u20132028, encabezada por Fernando Faman\u00eda Gast\u00e9lum, dando inicio a una nueva etapa estrat\u00e9gica para la industria de reuniones en el pa\u00eds, un sector que aporta el 1.83% del PIB nacional y juega un papel clave en la atracci\u00f3n de turismo, [&hellip;]<\/p>\n","protected":false},"author":1,"featured_media":0,"comment_status":"open","ping_status":"closed","sticky":false,"template":"","format":"standard","meta":{"om_disable_all_campaigns":false,"jnews-multi-image_gallery":[],"jnews_single_post":[],"jnews_primary_category":[],"jnews_social_meta":[],"footnotes":""},"categories":[40],"tags":[],"class_list":["post-1099297","post","type-post","status-publish","format-standard","hentry","category-industria"],"_links":{"self":[{"href":"https:\/\/dimensionturistica.com\/es\/wp-json\/wp\/v2\/posts\/1099297","targetHints":{"allow":["GET"]}}],"collection":[{"href":"https:\/\/dimensionturistica.com\/es\/wp-json\/wp\/v2\/posts"}],"about":[{"href":"https:\/\/dimensionturistica.com\/es\/wp-json\/wp\/v2\/types\/post"}],"author":[{"embeddable":true,"href":"https:\/\/dimensionturistica.com\/es\/wp-json\/wp\/v2\/users\/1"}],"replies":[{"embeddable":true,"href":"https:\/\/dimensionturistica.com\/es\/wp-json\/wp\/v2\/comments?post=1099297"}],"version-history":[{"count":1,"href":"https:\/\/dimensionturistica.com\/es\/wp-json\/wp\/v2\/posts\/1099297\/revisions"}],"predecessor-version":[{"id":1099305,"href":"https:\/\/dimensionturistica.com\/es\/wp-json\/wp\/v2\/posts\/1099297\/revisions\/1099305"}],"wp:attachment":[{"href":"https:\/\/dimensionturistica.com\/es\/wp-json\/wp\/v2\/media?parent=1099297"}],"wp:term":[{"taxonomy":"category","embeddable":true,"href":"https:\/\/dimensionturistica.com\/es\/wp-json\/wp\/v2\/categories?post=1099297"},{"taxonomy":"post_tag","embeddable":true,"href":"https:\/\/dimensionturistica.com\/es\/wp-json\/wp\/v2\/tags?post=1099297"}],"curies":[{"name":"wp","href":"https:\/\/api.w.org\/{rel}","templated":true}]}}