{"id":1099245,"date":"2026-01-18T12:14:43","date_gmt":"2026-01-18T12:14:43","guid":{"rendered":"https:\/\/dimensionturistica.com\/es\/?p=1099245"},"modified":"2026-01-18T12:14:43","modified_gmt":"2026-01-18T12:14:43","slug":"hoy-en-dia-las-mujeres-negras-resuenan-con-fuerza-la-intriga-de-ser-poeta-en-un-mundo-que-exige-cantos","status":"publish","type":"post","link":"https:\/\/dimensionturistica.com\/es\/hoy-en-dia-las-mujeres-negras-resuenan-con-fuerza-la-intriga-de-ser-poeta-en-un-mundo-que-exige-cantos\/","title":{"rendered":"Hoy en D\u00eda, las Mujeres Negras Resuenan con Fuerza: La Intriga de Ser Poeta en un Mundo que Exige Cantos"},"content":{"rendered":"<p><strong>El Poder de la Voz Femenina: Un Viaje a Trav\u00e9s de la Moda y la M\u00fasica<\/strong><\/p>\n<p>En un mundo donde la m\u00fasica y la moda se entrelazan de maneras fascinantes, las mujeres negras emergen como figuras ic\u00f3nicas que redefinen no solo su estilo, sino tambi\u00e9n su voz en la cultura contempor\u00e1nea. Este fen\u00f3meno, que ha ganado notoriedad en los \u00faltimos a\u00f1os, no es casualidad. La intersecci\u00f3n de estos dos mundos ha creado un espacio vibrante donde la autoexpresi\u00f3n y la identidad cultural florecen.<\/p>\n<p>Desde los escenarios hasta las pasarelas, las artistas africanas y afrolatinas imponen su sello distintivo. Su estilo \u00fanico destila confianza y autenticidad, y muchas de ellas utilizan la moda como una extensi\u00f3n de su mensaje musical. Cada atuendo se convierte en un s\u00edmbolo de empoderamiento, desafiando normas y derribando barreras. Las grandes casas de moda no tardan en reconocer esto; colaboraciones audaces est\u00e1n en aumento, evidenciando c\u00f3mo la influencia de estas mujeres va m\u00e1s all\u00e1 de la m\u00fasica.<\/p>\n<p>En el \u00e1mbito musical, el regreso a sonidos cl\u00e1sicos fusionados con ritmos contempor\u00e1neos ha permitido que nuevas voces se alcen. Artistas que abrazan sus ra\u00edces culturales traen consigo historias que resuenan tanto en los corazones de los oyentes como en la pasarela. La moda se convierte en el tel\u00f3n de fondo perfecto para estas narrativas, cada prenda cuenta una historia, cada accesorio es un homenaje a la herencia afrodescendiente. <\/p>\n<p>Los eventos de moda han comenzado a reflejar esta transformaci\u00f3n. Las pasarelas se llenan de diversidad, y la inclusi\u00f3n de modelos con cabello natural y tonos de piel variados se celebra como una victoria en la b\u00fasqueda de la representaci\u00f3n. Estos espacios se convierten en plataformas donde la voz de las mujeres negras se ampl\u00eda, su musicalidad y su estilo dan forma a una nueva narrativa que desaf\u00eda estereotipos.<\/p>\n<p>A trav\u00e9s de este viaje creativo, se percibe un llamado a la autenticidad. Cada vez m\u00e1s mujeres j\u00f3venes se inspiran en estas figuras, buscando en la moda una herramienta para expresar su individualidad. Las redes sociales juegan un papel crucial en este proceso de visibilidad, permitiendo a estas artistas conectar directamente con sus seguidores y transformar la manera en que se consumen tanto la m\u00fasica como la moda.<\/p>\n<p>Las colaboraciones entre m\u00fasicos y dise\u00f1adores siguen en aumento, creando colecciones que rinden homenaje a la cultura mientras celebran el talento de las mujeres. Estas iniciativas no solo promueven la moda responsable, sino que tambi\u00e9n sirven como un recordatorio de la influencia que tienen las mujeres en la industria. <\/p>\n<p>El di\u00e1logo entre m\u00fasica y moda contin\u00faa floreciendo, mientras las voces de las mujeres negras resuenan con fuerza. El futuro pinta un paisaje donde la creatividad, la diversidad y la autenticidad son los pilares que sostendr\u00e1n la pr\u00f3xima era de expresi\u00f3n art\u00edstica. Este momento es solo el principio de un movimiento que prometen moldear las tendencias del ma\u00f1ana.<\/p>\n<p>La conexi\u00f3n entre las pasarelas y los escenarios ha demostrado que, en la uni\u00f3n de estas dos disciplinas, la verdadera magia sucede. Las mujeres negras no solo est\u00e1n cantando fuerte, sino que est\u00e1n dejando una huella indeleble en el mundo, una que inspira a generaciones a seguir sus pasos. Este es un llamado a abrazar la belleza de la diversidad y a celebrar la voz \u00fanica que cada una de nosotras puede aportar.<\/p>\n<p><em> &#8221; Fuentes www.vogue.com &#8221; <\/em><\/p>\n","protected":false},"excerpt":{"rendered":"<p>El Poder de la Voz Femenina: Un Viaje a Trav\u00e9s de la Moda y la M\u00fasica En un mundo donde la m\u00fasica y la moda se entrelazan de maneras fascinantes, las mujeres negras emergen como figuras ic\u00f3nicas que redefinen no solo su estilo, sino tambi\u00e9n su voz en la cultura contempor\u00e1nea. Este fen\u00f3meno, que ha [&hellip;]<\/p>\n","protected":false},"author":14,"featured_media":1099246,"comment_status":"open","ping_status":"closed","sticky":false,"template":"","format":"standard","meta":{"om_disable_all_campaigns":false,"jnews-multi-image_gallery":[],"jnews_single_post":[],"jnews_primary_category":[],"jnews_social_meta":[],"footnotes":""},"categories":[144872],"tags":[206386,264140,264141,264139,182561,34402,201208,30350,240163,182560,88348],"class_list":["post-1099245","post","type-post","status-publish","format-standard","has-post-thumbnail","hentry","category-fashion","tag-artistic-expression","tag-black-poets","tag-black-women","tag-countee-cullen","tag-cultural-identity","tag-empowerment","tag-from-the-archives","tag-inspiration","tag-literary-history","tag-poetry","tag-resilience"],"_links":{"self":[{"href":"https:\/\/dimensionturistica.com\/es\/wp-json\/wp\/v2\/posts\/1099245","targetHints":{"allow":["GET"]}}],"collection":[{"href":"https:\/\/dimensionturistica.com\/es\/wp-json\/wp\/v2\/posts"}],"about":[{"href":"https:\/\/dimensionturistica.com\/es\/wp-json\/wp\/v2\/types\/post"}],"author":[{"embeddable":true,"href":"https:\/\/dimensionturistica.com\/es\/wp-json\/wp\/v2\/users\/14"}],"replies":[{"embeddable":true,"href":"https:\/\/dimensionturistica.com\/es\/wp-json\/wp\/v2\/comments?post=1099245"}],"version-history":[{"count":1,"href":"https:\/\/dimensionturistica.com\/es\/wp-json\/wp\/v2\/posts\/1099245\/revisions"}],"predecessor-version":[{"id":1099247,"href":"https:\/\/dimensionturistica.com\/es\/wp-json\/wp\/v2\/posts\/1099245\/revisions\/1099247"}],"wp:featuredmedia":[{"embeddable":true,"href":"https:\/\/dimensionturistica.com\/es\/wp-json\/wp\/v2\/media\/1099246"}],"wp:attachment":[{"href":"https:\/\/dimensionturistica.com\/es\/wp-json\/wp\/v2\/media?parent=1099245"}],"wp:term":[{"taxonomy":"category","embeddable":true,"href":"https:\/\/dimensionturistica.com\/es\/wp-json\/wp\/v2\/categories?post=1099245"},{"taxonomy":"post_tag","embeddable":true,"href":"https:\/\/dimensionturistica.com\/es\/wp-json\/wp\/v2\/tags?post=1099245"}],"curies":[{"name":"wp","href":"https:\/\/api.w.org\/{rel}","templated":true}]}}