{"id":1099039,"date":"2026-01-17T20:22:31","date_gmt":"2026-01-17T20:22:31","guid":{"rendered":"https:\/\/dimensionturistica.com\/es\/?p=1099039"},"modified":"2026-01-17T20:22:31","modified_gmt":"2026-01-17T20:22:31","slug":"descubre-como-lucir-chic-en-invierno-con-jeans-rectos-y-botines-negros-en-enero-2026","status":"publish","type":"post","link":"https:\/\/dimensionturistica.com\/es\/descubre-como-lucir-chic-en-invierno-con-jeans-rectos-y-botines-negros-en-enero-2026\/","title":{"rendered":"Descubre c\u00f3mo lucir chic en invierno con jeans rectos y botines negros en enero 2026"},"content":{"rendered":"<h3>Eva Longoria: Reinventando el Estilo Casual con Elegancia<\/h3>\n<p>En un mundo donde la moda r\u00e1pida impera, Eva Longoria ha logrado destacar, no solo por su talento en la actuaci\u00f3n, sino tambi\u00e9n por su habilidad para combinar estilos y tendencias de manera excepcional. En una reciente aparici\u00f3n p\u00fablica, la artista mostr\u00f3 c\u00f3mo los cl\u00e1sicos pueden verse frescos y contempor\u00e1neos, desafiando las normas del vestir en cualquier \u00e9poca del a\u00f1o.<\/p>\n<h4>El Look que Todos Querr\u00e1n Copiar<\/h4>\n<p>El look que captur\u00f3 la atenci\u00f3n fue sencillo, pero lleno de detalles que lo elevaron a otro nivel. Longoria opt\u00f3 por unos jeans rectos, una prenda esencial que ha resurgido en las pasarelas y en las calles. Esta elecci\u00f3n no solo resalta la figura, sino que tambi\u00e9n proporciona un aire de sofisticaci\u00f3n casual que cualquier persona puede incorporar a su guardarropa.<\/p>\n<h4>Botines Negros: Un Toque de Modernidad<\/h4>\n<p>Los botines negros fueron los compa\u00f1eros perfectos para su atuendo, aportando un toque de modernidad sin sacrificar comodidad. Este tipo de calzado no solo es vers\u00e1til, sino que se adapta a diferentes estilos, desde el m\u00e1s punk hasta el m\u00e1s chic. La elecci\u00f3n de Longoria refuerza la idea de que, a veces, menos es m\u00e1s; un par de botines bien elegidos puede transformar completamente un look.<\/p>\n<h4>La Paleta de Colores<\/h4>\n<p>Adem\u00e1s del corte y el dise\u00f1o, la paleta de colores tambi\u00e9n jug\u00f3 un rol crucial en el impacto visual del conjunto. Equipar a los jeans con tonos neutros crea un lienzo perfecto que permite a los accesorios y detalles brillar. La simplicidad de los colores elegidos es una lecci\u00f3n para aquellos que buscan un estilo elegante sin esfuerzo.<\/p>\n<h4>La Importancia de la Comodidad en la Moda<\/h4>\n<p>Eva Longoria demuestra que el estilo no tiene que ser sin\u00f3nimo de incomodidad. Su elecci\u00f3n de un look que prioriza la comodidad pero que no sacrifica la elegancia es un recordatorio de que la moda debe ser accesible y pr\u00e1ctica. Esta es una filosof\u00eda que muchos pueden adoptar, mostrando que estar a la moda no significa comprometerse en la funcionalidad del vestuario.<\/p>\n<h4>Inspiraci\u00f3n en Cada Rinc\u00f3n<\/h4>\n<p>A medida que los fans de la moda buscan inspiraci\u00f3n, el look de Longoria se posiciona como una gu\u00eda a seguir. La capacidad de la actriz para combinar elementos casuales con un toque chic ofrece m\u00faltiples posibilidades a quienes deseen reinventar su guardarropa. Los jeans rectos y los botines negros son un ejemplo perfecto de c\u00f3mo se pueden mezclar tendencias y cl\u00e1sicos para crear una apariencia \u00fanica que resalta la personalidad.<\/p>\n<h3>Conclusi\u00f3n<\/h3>\n<p>En el din\u00e1mico mundo de la moda, donde las tendencias cambian con rapidez, Eva Longoria se mantiene firme como un \u00edcono. Su reciente elecci\u00f3n estil\u00edstica refleja una combinaci\u00f3n de elegancia, comodidad y modernidad que resuena con el p\u00fablico. Este look no solo es apto para la temporada, sino que tambi\u00e9n ofrece inspiraci\u00f3n duradera en el \u00e1mbito del estilo casual. Al observar detenidamente, el mensaje es claro: cada prenda puede contar una historia, y la forma en que elegimos combinarlas puede convertirse en nuestra mejor carta de presentaci\u00f3n. \u00a1Insp\u00edrate y atr\u00e9vete a reinventar tu estilo!<\/p>\n<p><em> &#8221; Fuentes www.vogue.mx &#8221; <\/em><\/p>\n","protected":false},"excerpt":{"rendered":"<p>Eva Longoria: Reinventando el Estilo Casual con Elegancia En un mundo donde la moda r\u00e1pida impera, Eva Longoria ha logrado destacar, no solo por su talento en la actuaci\u00f3n, sino tambi\u00e9n por su habilidad para combinar estilos y tendencias de manera excepcional. En una reciente aparici\u00f3n p\u00fablica, la artista mostr\u00f3 c\u00f3mo los cl\u00e1sicos pueden verse [&hellip;]<\/p>\n","protected":false},"author":14,"featured_media":1099040,"comment_status":"open","ping_status":"closed","sticky":false,"template":"","format":"standard","meta":{"om_disable_all_campaigns":false,"jnews-multi-image_gallery":[],"jnews_single_post":[],"jnews_primary_category":[],"jnews_social_meta":[],"footnotes":""},"categories":[144872],"tags":[11710,208672,73806,228470,7758,32712,16596,201997,659,230504],"class_list":["post-1099039","post","type-post","status-publish","format-standard","has-post-thumbnail","hentry","category-fashion","tag-botas","tag-botines-negros","tag-elegancia","tag-enero-2026","tag-estilo","tag-eva-longoria","tag-jeans","tag-jeans-rectos","tag-moda","tag-primavera-verano-2026"],"_links":{"self":[{"href":"https:\/\/dimensionturistica.com\/es\/wp-json\/wp\/v2\/posts\/1099039","targetHints":{"allow":["GET"]}}],"collection":[{"href":"https:\/\/dimensionturistica.com\/es\/wp-json\/wp\/v2\/posts"}],"about":[{"href":"https:\/\/dimensionturistica.com\/es\/wp-json\/wp\/v2\/types\/post"}],"author":[{"embeddable":true,"href":"https:\/\/dimensionturistica.com\/es\/wp-json\/wp\/v2\/users\/14"}],"replies":[{"embeddable":true,"href":"https:\/\/dimensionturistica.com\/es\/wp-json\/wp\/v2\/comments?post=1099039"}],"version-history":[{"count":1,"href":"https:\/\/dimensionturistica.com\/es\/wp-json\/wp\/v2\/posts\/1099039\/revisions"}],"predecessor-version":[{"id":1099041,"href":"https:\/\/dimensionturistica.com\/es\/wp-json\/wp\/v2\/posts\/1099039\/revisions\/1099041"}],"wp:featuredmedia":[{"embeddable":true,"href":"https:\/\/dimensionturistica.com\/es\/wp-json\/wp\/v2\/media\/1099040"}],"wp:attachment":[{"href":"https:\/\/dimensionturistica.com\/es\/wp-json\/wp\/v2\/media?parent=1099039"}],"wp:term":[{"taxonomy":"category","embeddable":true,"href":"https:\/\/dimensionturistica.com\/es\/wp-json\/wp\/v2\/categories?post=1099039"},{"taxonomy":"post_tag","embeddable":true,"href":"https:\/\/dimensionturistica.com\/es\/wp-json\/wp\/v2\/tags?post=1099039"}],"curies":[{"name":"wp","href":"https:\/\/api.w.org\/{rel}","templated":true}]}}