{"id":1099035,"date":"2026-01-17T20:14:22","date_gmt":"2026-01-17T20:14:22","guid":{"rendered":"https:\/\/dimensionturistica.com\/es\/?p=1099035"},"modified":"2026-01-17T20:14:22","modified_gmt":"2026-01-17T20:14:22","slug":"joana-de-epalza-nueva-directora-financiera-de-iberia-tras-el-nombramiento-de-gabriel-perdiguero-como-director-financiero-y-de-transformacion-de-british-airways","status":"publish","type":"post","link":"https:\/\/dimensionturistica.com\/es\/joana-de-epalza-nueva-directora-financiera-de-iberia-tras-el-nombramiento-de-gabriel-perdiguero-como-director-financiero-y-de-transformacion-de-british-airways\/","title":{"rendered":"Joana de Epalza, nueva directora Financiera de Iberia tras el nombramiento de Gabriel Perdiguero como director Financiero y de Transformaci\u00f3n de British Airways"},"content":{"rendered":"\n<figure class=\"wp-block-gallery has-nested-images columns-default is-cropped wp-block-gallery-1 is-layout-flex wp-block-gallery-is-layout-flex\">\n<figure class=\"wp-block-image size-large\"><img decoding=\"async\" width=\"500\" height=\"375\" data-id=\"1099036\" src=\"https:\/\/dimensionturistica.com\/es\/wp-content\/uploads\/2026\/01\/7IBERIA.jpg\" alt=\"\" class=\"wp-image-1099036\" srcset=\"https:\/\/dimensionturistica.com\/es\/wp-content\/uploads\/2026\/01\/7IBERIA.jpg 500w, https:\/\/dimensionturistica.com\/es\/wp-content\/uploads\/2026\/01\/7IBERIA-300x225.jpg 300w\" sizes=\"(max-width: 500px) 100vw, 500px\" \/><\/figure>\n<\/figure>\n\n\n\n<p>Joana de Epalza asume la Direcci\u00f3n Financiera de Iberia procedente de Vueling, donde ocupa el puesto de directora Financiera y de Transformaci\u00f3n desde 2023. Su papel ha sido clave para que la compa\u00f1\u00eda consolidara un margen de doble d\u00edgito, as\u00ed como para impulsar la transformaci\u00f3n de la aerol\u00ednea.<\/p>\n\n\n\n<p>Adem\u00e1s de su experiencia en la gesti\u00f3n de Vueling, De Epalza cuenta con m\u00e1s de dos d\u00e9cadas de responsabilidades en las \u00e1reas de finanzas y gesti\u00f3n en distintas multinacionales como Alpine, Algeco o Elliot Group compa\u00f1\u00edas en las que ocup\u00f3 el puesto de directora Financiera. A lo largo de su amplia trayectoria ha liderado procesos de reestructuraci\u00f3n financiera, ha gestionado integraciones empresariales y ha supervisado proyectos multinacionales complejos.<\/p>\n\n\n\n<p>Joana de Epalza es licenciada en Econom\u00eda por la Universidad de Bordeaux Montesquieu.<\/p>\n\n\n\n<p>Gabriel Perdiguero, nuevo CFTO de British Airways<\/p>\n\n\n\n<p>Gabriel Perdiguero se incorpor\u00f3 a Iberia hace m\u00e1s de una d\u00e9cada, en 2014, inicialmente en el \u00e1rea de Finanzas. A lo largo de los \u00faltimos 11 a\u00f1os, ha desempe\u00f1ado diversas funciones ejecutivas en la compa\u00f1\u00eda donde ha sido miembro del Comit\u00e9 de Direcci\u00f3n primero como director de Clientes y, actualmente, como director de Finanzas y Tecnolog\u00eda.<\/p>\n\n\n\n<p>Perdiguero ha liderado los programas de transformaci\u00f3n de Iberia, basados en m\u00faltiples iniciativas de data, tecnolog\u00eda e inteligencia artificial. En 2019 impuls\u00f3 la creaci\u00f3n del Centro de Excelencia de Datos e Inteligencia Artificial de Iberia, que integra las capacidades de datos en la toma de decisiones del negocio y en los procesos operativos.<\/p>\n\n\n\n<figure class=\"wp-block-gallery has-nested-images columns-default is-cropped wp-block-gallery-2 is-layout-flex wp-block-gallery-is-layout-flex\">\n<figure class=\"wp-block-image size-large\"><img decoding=\"async\" width=\"595\" height=\"407\" data-id=\"1099037\" src=\"https:\/\/dimensionturistica.com\/es\/wp-content\/uploads\/2026\/01\/2IBERIA.jpg\" alt=\"\" class=\"wp-image-1099037\" srcset=\"https:\/\/dimensionturistica.com\/es\/wp-content\/uploads\/2026\/01\/2IBERIA.jpg 595w, https:\/\/dimensionturistica.com\/es\/wp-content\/uploads\/2026\/01\/2IBERIA-300x205.jpg 300w\" sizes=\"(max-width: 595px) 100vw, 595px\" \/><\/figure>\n<\/figure>\n\n\n\n<p>Antes de incorporarse a Iberia, Gabriel Perdiguero desarroll\u00f3 su carrera como consultor en el sector a\u00e9reo y trabaj\u00f3 durante diez a\u00f1os para grandes grupos de viajes y aviaci\u00f3n.<\/p>\n\n\n\n<p>Perdiguero es licenciado en Computaci\u00f3n por la universidad de Portsmouth y cuenta con un Executive MBA por IDE-CESEM y un Programa de Desarrollo Directivo por el IE Business School, lo que le permite combinar una s\u00f3lida base tecnol\u00f3gica con un profundo conocimiento de la gesti\u00f3n empresarial y financiera.<\/p>\n\n\n\n<p>IAG apuesta por el talento interno para seguir impulsando su \u00e9xito<\/p>\n\n\n\n<p>Estos cambios se producen despu\u00e9s de que Nicholas Cadbury haya decidido salir del grupo. Su puesto en IAG ser\u00e1 ocupado por Jos\u00e9 Antonio Barrionuevo, actual CFTO de British Airways y antes director Financiero y de Transformaci\u00f3n de Iberia.<\/p>\n\n\n\n<p>Los movimientos muestran, una vez m\u00e1s, la enorme val\u00eda del talento humano repartido en todas las compa\u00f1\u00edas IAG, as\u00ed como la apuesta del grupo por la movilidad interna.<\/p>\n\n\n\n<p>Todos los cambios ser\u00e1n efectivos a partir de junio de 2026.<\/p>\n","protected":false},"excerpt":{"rendered":"<p>Joana de Epalza asume la Direcci\u00f3n Financiera de Iberia procedente de Vueling, donde ocupa el puesto de directora Financiera y de Transformaci\u00f3n desde 2023. Su papel ha sido clave para que la compa\u00f1\u00eda consolidara un margen de doble d\u00edgito, as\u00ed como para impulsar la transformaci\u00f3n de la aerol\u00ednea. Adem\u00e1s de su experiencia en la gesti\u00f3n [&hellip;]<\/p>\n","protected":false},"author":1,"featured_media":0,"comment_status":"open","ping_status":"closed","sticky":false,"template":"","format":"standard","meta":{"om_disable_all_campaigns":false,"jnews-multi-image_gallery":[],"jnews_single_post":[],"jnews_primary_category":[],"jnews_social_meta":[],"footnotes":""},"categories":[39],"tags":[],"class_list":["post-1099035","post","type-post","status-publish","format-standard","hentry","category-viajes"],"_links":{"self":[{"href":"https:\/\/dimensionturistica.com\/es\/wp-json\/wp\/v2\/posts\/1099035","targetHints":{"allow":["GET"]}}],"collection":[{"href":"https:\/\/dimensionturistica.com\/es\/wp-json\/wp\/v2\/posts"}],"about":[{"href":"https:\/\/dimensionturistica.com\/es\/wp-json\/wp\/v2\/types\/post"}],"author":[{"embeddable":true,"href":"https:\/\/dimensionturistica.com\/es\/wp-json\/wp\/v2\/users\/1"}],"replies":[{"embeddable":true,"href":"https:\/\/dimensionturistica.com\/es\/wp-json\/wp\/v2\/comments?post=1099035"}],"version-history":[{"count":1,"href":"https:\/\/dimensionturistica.com\/es\/wp-json\/wp\/v2\/posts\/1099035\/revisions"}],"predecessor-version":[{"id":1099038,"href":"https:\/\/dimensionturistica.com\/es\/wp-json\/wp\/v2\/posts\/1099035\/revisions\/1099038"}],"wp:attachment":[{"href":"https:\/\/dimensionturistica.com\/es\/wp-json\/wp\/v2\/media?parent=1099035"}],"wp:term":[{"taxonomy":"category","embeddable":true,"href":"https:\/\/dimensionturistica.com\/es\/wp-json\/wp\/v2\/categories?post=1099035"},{"taxonomy":"post_tag","embeddable":true,"href":"https:\/\/dimensionturistica.com\/es\/wp-json\/wp\/v2\/tags?post=1099035"}],"curies":[{"name":"wp","href":"https:\/\/api.w.org\/{rel}","templated":true}]}}