{"id":1098958,"date":"2026-01-17T17:40:43","date_gmt":"2026-01-17T17:40:43","guid":{"rendered":"https:\/\/dimensionturistica.com\/es\/?p=1098958"},"modified":"2026-01-17T17:40:43","modified_gmt":"2026-01-17T17:40:43","slug":"salud-respiratoria-como-la-innovacion-cientifica-fortalece-la-prevencion","status":"publish","type":"post","link":"https:\/\/dimensionturistica.com\/es\/salud-respiratoria-como-la-innovacion-cientifica-fortalece-la-prevencion\/","title":{"rendered":"Salud respiratoria: c\u00f3mo la innovaci\u00f3n cient\u00edfica fortalece la prevenci\u00f3n"},"content":{"rendered":"\n<figure class=\"wp-block-gallery has-nested-images columns-default is-cropped wp-block-gallery-1 is-layout-flex wp-block-gallery-is-layout-flex\">\n<figure class=\"wp-block-image size-large\"><img decoding=\"async\" width=\"500\" height=\"250\" data-id=\"1098961\" src=\"https:\/\/dimensionturistica.com\/es\/wp-content\/uploads\/2026\/01\/9SALUD.jpg\" alt=\"\" class=\"wp-image-1098961\" srcset=\"https:\/\/dimensionturistica.com\/es\/wp-content\/uploads\/2026\/01\/9SALUD.jpg 500w, https:\/\/dimensionturistica.com\/es\/wp-content\/uploads\/2026\/01\/9SALUD-300x150.jpg 300w, https:\/\/dimensionturistica.com\/es\/wp-content\/uploads\/2026\/01\/9SALUD-360x180.jpg 360w\" sizes=\"(max-width: 500px) 100vw, 500px\" \/><\/figure>\n<\/figure>\n\n\n\n<p>Con el inicio de un nuevo a\u00f1o y prop\u00f3sitos de salud por conquistar, la prevenci\u00f3n individual se convierte en una de las medidas m\u00e1s importantes para proteger la salud<\/p>\n\n\n\n<p>colectiva, especialmente frente al aumento estacional de enfermedades respiratorias.<\/p>\n\n\n\n<p>En este contexto, el uso adecuado de antis\u00e9pticos y desinfectantes juega un papel fundamental para reducir la transmisi\u00f3n de microorganismos pat\u00f3genos en espacios<\/p>\n\n\n\n<p>p\u00fablicos, laborales y dom\u00e9sticos.<\/p>\n\n\n\n<p>El Dr. Conrado Polanco Ort\u00edz, gerente de relaciones m\u00e9dicas de Esteripharma \u00ae , explica que&nbsp;\u201cincorporar estas efectivas herramientas en la vida diaria no solo ayuda a disminuir contagios, sino que tambi\u00e9n promueve una cultura de prevenci\u00f3n sostenida\u201d.<\/p>\n\n\n\n<figure class=\"wp-block-gallery has-nested-images columns-default is-cropped wp-block-gallery-2 is-layout-flex wp-block-gallery-is-layout-flex\">\n<figure class=\"wp-block-image size-large\"><img decoding=\"async\" width=\"500\" height=\"333\" data-id=\"1098963\" src=\"https:\/\/dimensionturistica.com\/es\/wp-content\/uploads\/2026\/01\/1ALUD.jpg\" alt=\"\" class=\"wp-image-1098963\" srcset=\"https:\/\/dimensionturistica.com\/es\/wp-content\/uploads\/2026\/01\/1ALUD.jpg 500w, https:\/\/dimensionturistica.com\/es\/wp-content\/uploads\/2026\/01\/1ALUD-300x200.jpg 300w\" sizes=\"(max-width: 500px) 100vw, 500px\" \/><figcaption class=\"wp-element-caption\">Suffering little girl with a bad cold or seasonal flu. Beautiful kid coughing while wrapped in a blanket<\/figcaption><\/figure>\n<\/figure>\n\n\n\n<p>Con corte al 29 de diciembre 2025, se han notificado 7,237 casos positivos a la COVID-19 y 273 defunciones por la misma causa. Las entidades con mayor n\u00famero de casos de COVID-19 son Ciudad de M\u00e9xico (21.8 %), Quer\u00e9taro (8 %), Estado de M\u00e9xico (7.8 %),<\/p>\n\n\n\n<p>Nuevo Le\u00f3n (7.4 %) y Puebla (5.7 %). Las que presentan mayor n\u00famero de defunciones son Ciudad de M\u00e9xico (12.5 %), Estado de M\u00e9xico (6.6 %), Puebla (6.2 %), Hidalgo (5.5 %) y Quer\u00e9taro (5.1 %).<\/p>\n\n\n\n<p>A la misma fecha de corte, se reporta un total de 38,393 casos sospechosos a enfermedad respiratoria viral, de los cuales 1,887 casos positivos corresponden a influenza por laboratorio, siendo 1,069 (56.7 %) debido a influenza A (H1N1), con 7 defunciones. Las principales entidades con mayor confirmaci\u00f3n de casos son Ciudad de M\u00e9xico (27.5 %), Yucat\u00e1n (15.5 %), Estado de M\u00e9xico (10.1 %), Nuevo Le\u00f3n (5.1 %) e Hidalgo (5 %). Sobre las defunciones relacionadas, se reportaron 2 en Tabasco, 1 en Guerrero, 1 en Hidalgo, 1 en Puebla, 1 en Quintana Roo y 1 en Yucat\u00e1n.<\/p>\n\n\n\n<p>De acuerdo con el experto, adoptar rutinas sencillas pero constantes puede marcar una diferencia significativa en la cadena de contagios:<\/p>\n\n\n\n<p>\uf0b7 Realizar una higiene de manos frecuente y correcta, especialmente despu\u00e9s de estar en espacios p\u00fablicos o de contacto com\u00fan.<\/p>\n\n\n\n<p>\uf0b7 Al estornudar o toser, hacerlo con etiqueta (taparse con la parte interior del codo o<\/p>\n\n\n\n<p>en un pa\u00f1uelo desechable).<\/p>\n\n\n\n<p>\uf0b7 Desinfectar de manera regular superficies de alto contacto como mesas, celulares, manijas, escritorios y teclados, etc.<\/p>\n\n\n\n<p>\uf0b7 Cuidar la piel utilizando antis\u00e9pticos seguros que permitan un uso continuo sin provocar irritaci\u00f3n o desequilibrios cut\u00e1neos.<\/p>\n\n\n\n<p>En particular, las soluciones electrolizadas de superoxidaci\u00f3n&nbsp;(SES) con pH neutro han ganado relevancia por su amplio espectro de acci\u00f3n y su perfil de bioseguridad, ya que eliminan bacterias, hongos y virus pand\u00e9micos como los de la influenza 3 AH1N1 y m\u00faltiples coronavirus, \u00fatiles para su uso frecuente sin afectar la piel ni las mucosas, ya sea como medida preventiva o como parte de un tratamiento integral.<\/p>\n\n\n\n<p>&amp;quot;Adem\u00e1s,&nbsp;contribuyen a la mitigaci\u00f3n del virus SARS-CoV2 al inhibir la replicaci\u00f3n del virus&amp;quot;, agrega el experto.<\/p>\n\n\n\n<figure class=\"wp-block-gallery has-nested-images columns-default is-cropped wp-block-gallery-3 is-layout-flex wp-block-gallery-is-layout-flex\">\n<figure class=\"wp-block-image size-large\"><img decoding=\"async\" width=\"500\" height=\"281\" data-id=\"1098966\" src=\"https:\/\/dimensionturistica.com\/es\/wp-content\/uploads\/2026\/01\/3SLUD.jpg\" alt=\"\" class=\"wp-image-1098966\" srcset=\"https:\/\/dimensionturistica.com\/es\/wp-content\/uploads\/2026\/01\/3SLUD.jpg 500w, https:\/\/dimensionturistica.com\/es\/wp-content\/uploads\/2026\/01\/3SLUD-300x169.jpg 300w\" sizes=\"(max-width: 500px) 100vw, 500px\" \/><\/figure>\n<\/figure>\n\n\n\n<p>Uno de los principales beneficios de las SES con pH neutro es su mecanismo de acci\u00f3n, ya que, a diferencia de otras sustancias, no generan resistencia microbiana, una de las problem\u00e1ticas de salud p\u00fablica m\u00e1s relevantes a nivel mundial. \u201cLa resistencia microbiana es un desaf\u00edo creciente. Por ello, es importante optar por alternativas que sean eficaces contra los pat\u00f3genos, pero que no favorezcan este fen\u00f3meno\u201d, se\u00f1ala.<\/p>\n\n\n\n<p>El Dr. Polanco Ort\u00edz recomienda considerar acciones como:<\/p>\n\n\n\n<p>\uf0b7 Mantener una ventilaci\u00f3n adecuada en espacios cerrados.<\/p>\n\n\n\n<p>\uf0b7 Reforzar el lavado de manos con agua y jab\u00f3n.<\/p>\n\n\n\n<p>\uf0b7 Sumar el uso de estos antis\u00e9pticos como complemento, no sustituto, de los h\u00e1bitos b\u00e1sicos de higiene.<\/p>\n\n\n\n<p>\uf0b7 Atender de forma oportuna cualquier s\u00edntoma respiratorio para evitar cadenas de transmisi\u00f3n, siempre bajo vigilancia m\u00e9dica y evitando la automedicaci\u00f3n.<\/p>\n\n\n\n<p>Adoptar medidas preventivas basadas en evidencia cient\u00edfica no solo protege la salud individual, sino que contribuye al bienestar colectivo, especialmente en temporadas donde las enfermedades respiratorias representan un reto constante.<\/p>\n\n\n\n<p>M\u00e1s informaci\u00f3n:<\/p>\n\n\n\n<p>https:\/\/esteripharma.com.mx \/ Facebook: @Esteripharma \/ Instagram: @esteripharma_<\/p>\n","protected":false},"excerpt":{"rendered":"<p>Con el inicio de un nuevo a\u00f1o y prop\u00f3sitos de salud por conquistar, la prevenci\u00f3n individual se convierte en una de las medidas m\u00e1s importantes para proteger la salud colectiva, especialmente frente al aumento estacional de enfermedades respiratorias. En este contexto, el uso adecuado de antis\u00e9pticos y desinfectantes juega un papel fundamental para reducir la [&hellip;]<\/p>\n","protected":false},"author":1,"featured_media":0,"comment_status":"open","ping_status":"closed","sticky":false,"template":"","format":"standard","meta":{"om_disable_all_campaigns":false,"jnews-multi-image_gallery":[],"jnews_single_post":[],"jnews_primary_category":[],"jnews_social_meta":[],"footnotes":""},"categories":[40],"tags":[],"class_list":["post-1098958","post","type-post","status-publish","format-standard","hentry","category-industria"],"_links":{"self":[{"href":"https:\/\/dimensionturistica.com\/es\/wp-json\/wp\/v2\/posts\/1098958","targetHints":{"allow":["GET"]}}],"collection":[{"href":"https:\/\/dimensionturistica.com\/es\/wp-json\/wp\/v2\/posts"}],"about":[{"href":"https:\/\/dimensionturistica.com\/es\/wp-json\/wp\/v2\/types\/post"}],"author":[{"embeddable":true,"href":"https:\/\/dimensionturistica.com\/es\/wp-json\/wp\/v2\/users\/1"}],"replies":[{"embeddable":true,"href":"https:\/\/dimensionturistica.com\/es\/wp-json\/wp\/v2\/comments?post=1098958"}],"version-history":[{"count":1,"href":"https:\/\/dimensionturistica.com\/es\/wp-json\/wp\/v2\/posts\/1098958\/revisions"}],"predecessor-version":[{"id":1098967,"href":"https:\/\/dimensionturistica.com\/es\/wp-json\/wp\/v2\/posts\/1098958\/revisions\/1098967"}],"wp:attachment":[{"href":"https:\/\/dimensionturistica.com\/es\/wp-json\/wp\/v2\/media?parent=1098958"}],"wp:term":[{"taxonomy":"category","embeddable":true,"href":"https:\/\/dimensionturistica.com\/es\/wp-json\/wp\/v2\/categories?post=1098958"},{"taxonomy":"post_tag","embeddable":true,"href":"https:\/\/dimensionturistica.com\/es\/wp-json\/wp\/v2\/tags?post=1098958"}],"curies":[{"name":"wp","href":"https:\/\/api.w.org\/{rel}","templated":true}]}}