{"id":1098944,"date":"2026-01-17T17:20:06","date_gmt":"2026-01-17T17:20:06","guid":{"rendered":"https:\/\/dimensionturistica.com\/es\/?p=1098944"},"modified":"2026-01-17T17:20:06","modified_gmt":"2026-01-17T17:20:06","slug":"slow-travel-la-tendencia-que-marca-el-2026","status":"publish","type":"post","link":"https:\/\/dimensionturistica.com\/es\/slow-travel-la-tendencia-que-marca-el-2026\/","title":{"rendered":"Slow travel: la tendencia que marca el 2026"},"content":{"rendered":"\n<figure class=\"wp-block-gallery has-nested-images columns-default is-cropped wp-block-gallery-1 is-layout-flex wp-block-gallery-is-layout-flex\">\n<figure class=\"wp-block-image size-large\"><img decoding=\"async\" width=\"500\" height=\"374\" data-id=\"1098946\" src=\"https:\/\/dimensionturistica.com\/es\/wp-content\/uploads\/2026\/01\/8SLOV.jpg\" alt=\"\" class=\"wp-image-1098946\" srcset=\"https:\/\/dimensionturistica.com\/es\/wp-content\/uploads\/2026\/01\/8SLOV.jpg 500w, https:\/\/dimensionturistica.com\/es\/wp-content\/uploads\/2026\/01\/8SLOV-300x224.jpg 300w\" sizes=\"(max-width: 500px) 100vw, 500px\" \/><\/figure>\n<\/figure>\n\n\n\n<p>Viajar en 2026 ya no se trata de sumar sellos en el pasaporte, sino de elegir bien el momento, el lugar y la experiencia. El slow travel \u2014viajar con prop\u00f3sito\u2014 se consolida como el nuevo lujo: una forma de explorar el mundo que se aleja de la prisa y se acerca a la intenci\u00f3n.<\/p>\n\n\n\n<figure class=\"wp-block-gallery has-nested-images columns-default is-cropped wp-block-gallery-2 is-layout-flex wp-block-gallery-is-layout-flex\">\n<figure class=\"wp-block-image size-large\"><img decoding=\"async\" width=\"500\" height=\"281\" data-id=\"1098948\" src=\"https:\/\/dimensionturistica.com\/es\/wp-content\/uploads\/2026\/01\/2SLOV.jpg\" alt=\"\" class=\"wp-image-1098948\" srcset=\"https:\/\/dimensionturistica.com\/es\/wp-content\/uploads\/2026\/01\/2SLOV.jpg 500w, https:\/\/dimensionturistica.com\/es\/wp-content\/uploads\/2026\/01\/2SLOV-300x169.jpg 300w\" sizes=\"(max-width: 500px) 100vw, 500px\" \/><\/figure>\n<\/figure>\n\n\n\n<p>El nuevo viajero busca escenarios que dialoguen con su estilo de vida, con el calendario y con su propio ritmo. El lujo contempor\u00e1neo se construye desde el ritmo: ciudades que marcan el inicio del a\u00f1o con energ\u00eda cultural, destinos estacionales que se viven en su punto exacto y lugares donde el tiempo se desacelera para reconectar con lo esencial.<\/p>\n\n\n\n<p>Energ\u00eda urbana: donde comienza el a\u00f1o<\/p>\n\n\n\n<p>Pocas ciudades reflejan mejor el esp\u00edritu del 2026 que Miami. Su evoluci\u00f3n va m\u00e1s all\u00e1 del sol y la playa: hoy es un punto de encuentro para el arte, la gastronom\u00eda, el dise\u00f1o y la cultura contempor\u00e1nea. Dentro de este escenario, Brickell se consolida como el coraz\u00f3n urbano de una ciudad que mira al futuro con una identidad m\u00e1s sofisticada y global.<\/p>\n\n\n\n<figure class=\"wp-block-gallery has-nested-images columns-default is-cropped wp-block-gallery-3 is-layout-flex wp-block-gallery-is-layout-flex\">\n<figure class=\"wp-block-image size-large\"><img decoding=\"async\" width=\"500\" height=\"333\" data-id=\"1098949\" src=\"https:\/\/dimensionturistica.com\/es\/wp-content\/uploads\/2026\/01\/6SLOV.jpg\" alt=\"\" class=\"wp-image-1098949\" srcset=\"https:\/\/dimensionturistica.com\/es\/wp-content\/uploads\/2026\/01\/6SLOV.jpg 500w, https:\/\/dimensionturistica.com\/es\/wp-content\/uploads\/2026\/01\/6SLOV-300x200.jpg 300w\" sizes=\"(max-width: 500px) 100vw, 500px\" \/><\/figure>\n<\/figure>\n\n\n\n<p>cortes\u00eda EAST Miami<\/p>\n\n\n\n<p>En este contexto, EAST Miami se convierte en un reflejo natural de esa energ\u00eda. M\u00e1s que un hotel, funciona como un espacio donde convergen dise\u00f1o contempor\u00e1neo, cocina internacional y una agenda cultural que acompa\u00f1a el ritmo de la ciudad. Es el tipo de lugar que marca el tono del a\u00f1o: din\u00e1mico, cosmopolita y profundamente conectado con su entorno.<\/p>\n\n\n\n<p>Aqu\u00ed, el viaje comienza con caminatas urbanas, encuentros culturales, mesas que re\u00fanen cocinas del mundo y una sensaci\u00f3n constante de movimiento. Miami no se visita: se vive, y 2026 confirma su lugar como una de las ciudades clave para quienes entienden el lujo como experiencia.<\/p>\n\n\n\n<figure class=\"wp-block-gallery has-nested-images columns-default is-cropped wp-block-gallery-4 is-layout-flex wp-block-gallery-is-layout-flex\">\n<figure class=\"wp-block-image size-large\"><img decoding=\"async\" width=\"500\" height=\"333\" data-id=\"1098950\" src=\"https:\/\/dimensionturistica.com\/es\/wp-content\/uploads\/2026\/01\/11SLOV.jpg\" alt=\"\" class=\"wp-image-1098950\" srcset=\"https:\/\/dimensionturistica.com\/es\/wp-content\/uploads\/2026\/01\/11SLOV.jpg 500w, https:\/\/dimensionturistica.com\/es\/wp-content\/uploads\/2026\/01\/11SLOV-300x200.jpg 300w\" sizes=\"(max-width: 500px) 100vw, 500px\" \/><\/figure>\n<\/figure>\n\n\n\n<p>Kyoto y el valor de la pausa<\/p>\n\n\n\n<p>En contraste con la energ\u00eda urbana, 2026 tambi\u00e9n invita a viajar hacia lugares donde el tiempo adquiere otro significado. Kyoto representa ese momento de pausa consciente: una ciudad donde la tradici\u00f3n, el ritual y la est\u00e9tica se integran en la vida cotidiana.<\/p>\n\n\n\n<p>Templos, jardines y calles que parecen suspendidas en el tiempo ofrecen una experiencia que no se consume r\u00e1pidamente, sino que se contempla. Aqu\u00ed, el lujo no est\u00e1 en la novedad, sino en la continuidad: en los gestos repetidos, en la armon\u00eda, en la atenci\u00f3n al detalle. Kyoto recuerda que viajar tambi\u00e9n puede ser un ejercicio de silencio y presencia.<\/p>\n\n\n\n<p>El invierno como destino<\/p>\n\n\n\n<figure class=\"wp-block-gallery has-nested-images columns-default is-cropped wp-block-gallery-5 is-layout-flex wp-block-gallery-is-layout-flex\">\n<figure class=\"wp-block-image size-large\"><img decoding=\"async\" width=\"500\" height=\"333\" data-id=\"1098951\" src=\"https:\/\/dimensionturistica.com\/es\/wp-content\/uploads\/2026\/01\/3SLOV.jpg\" alt=\"\" class=\"wp-image-1098951\" srcset=\"https:\/\/dimensionturistica.com\/es\/wp-content\/uploads\/2026\/01\/3SLOV.jpg 500w, https:\/\/dimensionturistica.com\/es\/wp-content\/uploads\/2026\/01\/3SLOV-300x200.jpg 300w\" sizes=\"(max-width: 500px) 100vw, 500px\" \/><\/figure>\n<\/figure>\n\n\n\n<p>Entre junio y septiembre, la atenci\u00f3n se traslada al hemisferio sur y a paisajes donde el tiempo parece desacelerarse. En la cordillera de los Andes, Termas Chill\u00e1n emerge como uno de los destinos que mejor representan esta nueva forma de viajar.<\/p>\n\n\n\n<p>cortes\u00eda Termas Chill\u00e1n<\/p>\n\n\n\n<p>Su temporada de ski se vive como un equilibrio entre movimiento y recuperaci\u00f3n: jornadas en la monta\u00f1a seguidas de aguas termales, gastronom\u00eda reconfortante y paisajes que invitan al silencio. Aqu\u00ed, el lujo no est\u00e1 en la abundancia, sino en la experiencia completa que solo puede vivirse en el momento adecuado del a\u00f1o.<\/p>\n\n\n\n<p>El nuevo lujo no est\u00e1 en hacerlo todo, sino en elegir bien. Comenzar el a\u00f1o con la energ\u00eda de una ciudad cosmopolita, detenerse en lugares donde el tiempo se honra y reservar ciertos destinos para la estaci\u00f3n que los hace \u00fanicos.<\/p>\n\n\n\n<figure class=\"wp-block-gallery has-nested-images columns-default is-cropped wp-block-gallery-6 is-layout-flex wp-block-gallery-is-layout-flex\">\n<figure class=\"wp-block-image size-large\"><img decoding=\"async\" width=\"500\" height=\"374\" data-id=\"1098952\" src=\"https:\/\/dimensionturistica.com\/es\/wp-content\/uploads\/2026\/01\/1SLOV.jpg\" alt=\"\" class=\"wp-image-1098952\" srcset=\"https:\/\/dimensionturistica.com\/es\/wp-content\/uploads\/2026\/01\/1SLOV.jpg 500w, https:\/\/dimensionturistica.com\/es\/wp-content\/uploads\/2026\/01\/1SLOV-300x224.jpg 300w\" sizes=\"(max-width: 500px) 100vw, 500px\" \/><\/figure>\n<\/figure>\n\n\n\n<p>El 2026 confirma una idea clara: no todos los destinos se viven igual ni al mismo tiempo. Viajar deja de ser inmediato para volverse consciente. Y en ese equilibrio entre ciudad y naturaleza, movimiento y pausa, el slow travel define la forma m\u00e1s actual de explorar el mundo.<\/p>\n","protected":false},"excerpt":{"rendered":"<p>Viajar en 2026 ya no se trata de sumar sellos en el pasaporte, sino de elegir bien el momento, el lugar y la experiencia. El slow travel \u2014viajar con prop\u00f3sito\u2014 se consolida como el nuevo lujo: una forma de explorar el mundo que se aleja de la prisa y se acerca a la intenci\u00f3n. El [&hellip;]<\/p>\n","protected":false},"author":1,"featured_media":0,"comment_status":"open","ping_status":"closed","sticky":false,"template":"","format":"standard","meta":{"om_disable_all_campaigns":false,"jnews-multi-image_gallery":[],"jnews_single_post":{"format":"standard"},"jnews_primary_category":[],"jnews_social_meta":[],"footnotes":""},"categories":[39],"tags":[],"class_list":["post-1098944","post","type-post","status-publish","format-standard","hentry","category-viajes"],"_links":{"self":[{"href":"https:\/\/dimensionturistica.com\/es\/wp-json\/wp\/v2\/posts\/1098944","targetHints":{"allow":["GET"]}}],"collection":[{"href":"https:\/\/dimensionturistica.com\/es\/wp-json\/wp\/v2\/posts"}],"about":[{"href":"https:\/\/dimensionturistica.com\/es\/wp-json\/wp\/v2\/types\/post"}],"author":[{"embeddable":true,"href":"https:\/\/dimensionturistica.com\/es\/wp-json\/wp\/v2\/users\/1"}],"replies":[{"embeddable":true,"href":"https:\/\/dimensionturistica.com\/es\/wp-json\/wp\/v2\/comments?post=1098944"}],"version-history":[{"count":1,"href":"https:\/\/dimensionturistica.com\/es\/wp-json\/wp\/v2\/posts\/1098944\/revisions"}],"predecessor-version":[{"id":1098953,"href":"https:\/\/dimensionturistica.com\/es\/wp-json\/wp\/v2\/posts\/1098944\/revisions\/1098953"}],"wp:attachment":[{"href":"https:\/\/dimensionturistica.com\/es\/wp-json\/wp\/v2\/media?parent=1098944"}],"wp:term":[{"taxonomy":"category","embeddable":true,"href":"https:\/\/dimensionturistica.com\/es\/wp-json\/wp\/v2\/categories?post=1098944"},{"taxonomy":"post_tag","embeddable":true,"href":"https:\/\/dimensionturistica.com\/es\/wp-json\/wp\/v2\/tags?post=1098944"}],"curies":[{"name":"wp","href":"https:\/\/api.w.org\/{rel}","templated":true}]}}