{"id":1098892,"date":"2026-01-17T15:51:06","date_gmt":"2026-01-17T15:51:06","guid":{"rendered":"https:\/\/dimensionturistica.com\/es\/?p=1098892"},"modified":"2026-01-17T15:51:06","modified_gmt":"2026-01-17T15:51:06","slug":"enero-el-mes-para-planear-el-proximo-viaje-y-que-mejor-que-por-ado","status":"publish","type":"post","link":"https:\/\/dimensionturistica.com\/es\/enero-el-mes-para-planear-el-proximo-viaje-y-que-mejor-que-por-ado\/","title":{"rendered":"Enero el mes para planear el pr\u00f3ximo viaje y que mejor que por ADO"},"content":{"rendered":"\n<figure class=\"wp-block-gallery has-nested-images columns-default is-cropped wp-block-gallery-1 is-layout-flex wp-block-gallery-is-layout-flex\">\n<figure class=\"wp-block-image size-large\"><img decoding=\"async\" width=\"500\" height=\"314\" data-id=\"1098893\" src=\"https:\/\/dimensionturistica.com\/es\/wp-content\/uploads\/2026\/01\/1ADO.jpg\" alt=\"\" class=\"wp-image-1098893\" srcset=\"https:\/\/dimensionturistica.com\/es\/wp-content\/uploads\/2026\/01\/1ADO.jpg 500w, https:\/\/dimensionturistica.com\/es\/wp-content\/uploads\/2026\/01\/1ADO-300x188.jpg 300w\" sizes=\"(max-width: 500px) 100vw, 500px\" \/><\/figure>\n<\/figure>\n\n\n\n<p>Enero llega con un cambio de ritmo. Tras las fiestas, el consumo suele ajustarse y muchas personas entran en una etapa de mayor cautela financiera, un fen\u00f3meno conocido como la \u201ccuesta de enero\u201d. De acuerdo con datos del INEGI, el gasto de los hogares en M\u00e9xico tiende a desacelerarse durante el primer trimestre del a\u00f1o, siendo enero uno de los meses m\u00e1s contenidos.<\/p>\n\n\n\n<figure class=\"wp-block-gallery has-nested-images columns-default is-cropped wp-block-gallery-2 is-layout-flex wp-block-gallery-is-layout-flex\">\n<figure class=\"wp-block-image size-large\"><img decoding=\"async\" width=\"500\" height=\"327\" data-id=\"1098894\" src=\"https:\/\/dimensionturistica.com\/es\/wp-content\/uploads\/2026\/01\/2ADO.jpg\" alt=\"\" class=\"wp-image-1098894\" srcset=\"https:\/\/dimensionturistica.com\/es\/wp-content\/uploads\/2026\/01\/2ADO.jpg 500w, https:\/\/dimensionturistica.com\/es\/wp-content\/uploads\/2026\/01\/2ADO-300x196.jpg 300w\" sizes=\"(max-width: 500px) 100vw, 500px\" \/><\/figure>\n<\/figure>\n\n\n\n<p>Lejos de ser un freno, este contexto convierte a enero en un buen momento para pensar con anticipaci\u00f3n los viajes del a\u00f1o. No se trata de decidir de inmediato, sino de imaginar rutas, comparar opciones y organizar experiencias que se vivir\u00e1n m\u00e1s adelante. Planear con tiempo permite distribuir el gasto, elegir fechas con calma y tomar decisiones m\u00e1s conscientes sin renunciar a viajar.<\/p>\n\n\n\n<p>Enero_ el mes para planear el pr\u00f3ximo viaje.<\/p>\n\n\n\n<p>Bajo esta l\u00f3gica, la \u201ccuesta de enero\u201d puede transformarse en una oportunidad para planear con inteligencia. Del 13 al 31 de enero, ADO pone a disposici\u00f3n una din\u00e1mica de compra anticipada que permite adquirir boletos con hasta 65% de descuento, los cuales pueden utilizarse para viajar desde enero hasta el 30 de junio de 2026. Esto abre la posibilidad de organizar viajes con varios meses de anticipaci\u00f3n, evitando decisiones de \u00faltimo momento y cuidando el presupuesto de inicio de a\u00f1o.<\/p>\n\n\n\n<figure class=\"wp-block-gallery has-nested-images columns-default is-cropped wp-block-gallery-3 is-layout-flex wp-block-gallery-is-layout-flex\">\n<figure class=\"wp-block-image size-large\"><img decoding=\"async\" width=\"500\" height=\"376\" data-id=\"1098895\" src=\"https:\/\/dimensionturistica.com\/es\/wp-content\/uploads\/2026\/01\/5ADO.jpg\" alt=\"\" class=\"wp-image-1098895\" srcset=\"https:\/\/dimensionturistica.com\/es\/wp-content\/uploads\/2026\/01\/5ADO.jpg 500w, https:\/\/dimensionturistica.com\/es\/wp-content\/uploads\/2026\/01\/5ADO-300x226.jpg 300w\" sizes=\"(max-width: 500px) 100vw, 500px\" \/><\/figure>\n<\/figure>\n\n\n\n<p>Este margen de planeaci\u00f3n tambi\u00e9n permite pensar en distintos tipos de destinos seg\u00fan la temporada. Los primeros meses del a\u00f1o pueden aprovecharse para escapadas culturales o urbanas; la primavera resulta ideal para recorrer ciudades como Oaxaca o Puebla, mientras que, hacia finales del periodo, destinos de playa como Veracruz o el sureste del pa\u00eds se vuelven una excelente opci\u00f3n. La ventaja est\u00e1 en poder elegir fechas y rutas con calma, sabiendo que el viaje ya est\u00e1 resuelto desde ahora.<\/p>\n\n\n\n<p>En este proceso, el transporte adquiere un papel central. Para quienes buscan que el trayecto sea parte de la experiencia, servicios como ADO Platino y ADO GL ofrecen alternativas pensadas para viajar con mayor confort, espacio personal y conectividad, permitiendo descansar, trabajar o simplemente desconectarse durante el camino. As\u00ed, el traslado deja de ser solo un medio para llegar y se convierte en un momento de pausa dentro de la rutina.<\/p>\n\n\n\n<p>Para quienes buscan una opci\u00f3n pr\u00e1ctica, confiable, con salidas frecuentes y cobertura en las principales rutas del pa\u00eds, est\u00e1 ADO Primera, un servicio que conecta destinos clave con comodidad, puntualidad y una experiencia consistente a lo largo del camino.<\/p>\n\n\n\n<figure class=\"wp-block-gallery has-nested-images columns-default is-cropped wp-block-gallery-4 is-layout-flex wp-block-gallery-is-layout-flex\">\n<figure class=\"wp-block-image size-large\"><img decoding=\"async\" width=\"500\" height=\"319\" data-id=\"1098896\" src=\"https:\/\/dimensionturistica.com\/es\/wp-content\/uploads\/2026\/01\/7ADO.jpg\" alt=\"\" class=\"wp-image-1098896\" srcset=\"https:\/\/dimensionturistica.com\/es\/wp-content\/uploads\/2026\/01\/7ADO.jpg 500w, https:\/\/dimensionturistica.com\/es\/wp-content\/uploads\/2026\/01\/7ADO-300x191.jpg 300w\" sizes=\"(max-width: 500px) 100vw, 500px\" \/><\/figure>\n<\/figure>\n\n\n\n<p>Enero, con su ritmo m\u00e1s lento, invita a mirar el viaje no como un gasto inmediato, sino como una experiencia futura que comienza desde la planeaci\u00f3n. Porque viajar no siempre empieza con hacer la maleta; a veces empieza imaginando destinos, eligiendo el camino y decidiendo c\u00f3mo se quiere llegar<\/p>\n","protected":false},"excerpt":{"rendered":"<p>Enero llega con un cambio de ritmo. Tras las fiestas, el consumo suele ajustarse y muchas personas entran en una etapa de mayor cautela financiera, un fen\u00f3meno conocido como la \u201ccuesta de enero\u201d. De acuerdo con datos del INEGI, el gasto de los hogares en M\u00e9xico tiende a desacelerarse durante el primer trimestre del a\u00f1o, [&hellip;]<\/p>\n","protected":false},"author":1,"featured_media":0,"comment_status":"open","ping_status":"closed","sticky":false,"template":"","format":"standard","meta":{"om_disable_all_campaigns":false,"jnews-multi-image_gallery":[],"jnews_single_post":[],"jnews_primary_category":[],"jnews_social_meta":[],"footnotes":""},"categories":[39],"tags":[],"class_list":["post-1098892","post","type-post","status-publish","format-standard","hentry","category-viajes"],"_links":{"self":[{"href":"https:\/\/dimensionturistica.com\/es\/wp-json\/wp\/v2\/posts\/1098892","targetHints":{"allow":["GET"]}}],"collection":[{"href":"https:\/\/dimensionturistica.com\/es\/wp-json\/wp\/v2\/posts"}],"about":[{"href":"https:\/\/dimensionturistica.com\/es\/wp-json\/wp\/v2\/types\/post"}],"author":[{"embeddable":true,"href":"https:\/\/dimensionturistica.com\/es\/wp-json\/wp\/v2\/users\/1"}],"replies":[{"embeddable":true,"href":"https:\/\/dimensionturistica.com\/es\/wp-json\/wp\/v2\/comments?post=1098892"}],"version-history":[{"count":1,"href":"https:\/\/dimensionturistica.com\/es\/wp-json\/wp\/v2\/posts\/1098892\/revisions"}],"predecessor-version":[{"id":1098897,"href":"https:\/\/dimensionturistica.com\/es\/wp-json\/wp\/v2\/posts\/1098892\/revisions\/1098897"}],"wp:attachment":[{"href":"https:\/\/dimensionturistica.com\/es\/wp-json\/wp\/v2\/media?parent=1098892"}],"wp:term":[{"taxonomy":"category","embeddable":true,"href":"https:\/\/dimensionturistica.com\/es\/wp-json\/wp\/v2\/categories?post=1098892"},{"taxonomy":"post_tag","embeddable":true,"href":"https:\/\/dimensionturistica.com\/es\/wp-json\/wp\/v2\/tags?post=1098892"}],"curies":[{"name":"wp","href":"https:\/\/api.w.org\/{rel}","templated":true}]}}