{"id":1098877,"date":"2026-01-17T15:17:44","date_gmt":"2026-01-17T15:17:44","guid":{"rendered":"https:\/\/dimensionturistica.com\/es\/?p=1098877"},"modified":"2026-01-17T15:17:44","modified_gmt":"2026-01-17T15:17:44","slug":"indra-group-fortalece-su-alianza-con-universidades-e-impulsa-a-mexico-como-hub-de-talento-tecnologico","status":"publish","type":"post","link":"https:\/\/dimensionturistica.com\/es\/indra-group-fortalece-su-alianza-con-universidades-e-impulsa-a-mexico-como-hub-de-talento-tecnologico\/","title":{"rendered":"Indra Group fortalece su alianza con universidades e impulsa a M\u00e9xico como hub de talento tecnol\u00f3gico"},"content":{"rendered":"\n<figure class=\"wp-block-gallery has-nested-images columns-default is-cropped wp-block-gallery-1 is-layout-flex wp-block-gallery-is-layout-flex\">\n<figure class=\"wp-block-image size-large\"><img decoding=\"async\" width=\"474\" height=\"101\" data-id=\"1098878\" src=\"https:\/\/dimensionturistica.com\/es\/wp-content\/uploads\/2026\/01\/2INDRA.jpg\" alt=\"\" class=\"wp-image-1098878\" srcset=\"https:\/\/dimensionturistica.com\/es\/wp-content\/uploads\/2026\/01\/2INDRA.jpg 474w, https:\/\/dimensionturistica.com\/es\/wp-content\/uploads\/2026\/01\/2INDRA-300x64.jpg 300w\" sizes=\"(max-width: 474px) 100vw, 474px\" \/><\/figure>\n<\/figure>\n\n\n\n<p>La compa\u00f1\u00eda impulsa un modelo acad\u00e9mico\u2013industrial para formar talento especializado en IA, ciberseguridad, nube, ciencia de datos y desarrollo de software, \u00e1reas clave para la competitividad tecnol\u00f3gica del pa\u00eds<\/p>\n\n\n\n<p>Indra Group, la principal multinacional espa\u00f1ola y un holding que impulsa el progreso tecnol\u00f3gico en el mundo, reforz\u00f3 su compromiso con el desarrollo de talento especializado en M\u00e9xico mediante la firma de nuevos convenios de colaboraci\u00f3n con universidades p\u00fablicas y privadas del pa\u00eds. La iniciativa busca atender la creciente demanda de profesionales en tecnolog\u00edas emergentes y consolidar a M\u00e9xico como un hub de talento competitivo a nivel global.<\/p>\n\n\n\n<p>Los acuerdos forman parte de la estrategia del grupo para contribuir a la formaci\u00f3n de perfiles altamente especializados en disciplinas cr\u00edticas para la econom\u00eda digital, entre ellas inteligencia artificial, ciberseguridad, nube, ciencia de datos, desarrollo de software, industria 4.0 y automatizaci\u00f3n, \u00e1reas donde se observa una brecha creciente entre las necesidades reales de la industria y la oferta laboral disponible.<\/p>\n\n\n\n<p>Una apuesta estrat\u00e9gica para el desarrollo del talento en M\u00e9xico<\/p>\n\n\n\n<p>Indra Group destaca que este es un momento decisivo para formalizar alianzas con instituciones acad\u00e9micas, dado que la transformaci\u00f3n digital avanza m\u00e1s r\u00e1pido que la capacidad del mercado para generar talento especializado. La firma de convenios permitir\u00e1 asegurar un flujo constante de profesionales preparados bajo est\u00e1ndares internacionales y con capacidades alineadas a los proyectos de alto valor que el grupo desarrolla en M\u00e9xico y en todo el mundo.<\/p>\n\n\n\n<figure class=\"wp-block-gallery has-nested-images columns-default is-cropped wp-block-gallery-2 is-layout-flex wp-block-gallery-is-layout-flex\">\n<figure class=\"wp-block-image size-large\"><img decoding=\"async\" width=\"500\" height=\"507\" data-id=\"1098879\" src=\"https:\/\/dimensionturistica.com\/es\/wp-content\/uploads\/2026\/01\/3INDRA.jpg\" alt=\"\" class=\"wp-image-1098879\" srcset=\"https:\/\/dimensionturistica.com\/es\/wp-content\/uploads\/2026\/01\/3INDRA.jpg 500w, https:\/\/dimensionturistica.com\/es\/wp-content\/uploads\/2026\/01\/3INDRA-296x300.jpg 296w, https:\/\/dimensionturistica.com\/es\/wp-content\/uploads\/2026\/01\/3INDRA-75x75.jpg 75w\" sizes=\"(max-width: 500px) 100vw, 500px\" \/><\/figure>\n<\/figure>\n\n\n\n<p>&#8220;Estas alianzas nos permiten acercarnos al talento desde etapas tempranas, influir positivamente en su formaci\u00f3n, identificar high potentials y acompa\u00f1arlos en su transici\u00f3n al mundo profesional. Invertir en talento es, hoy, una ventaja competitiva y un compromiso con el futuro del pa\u00eds&#8221;, se\u00f1al\u00f3 <strong>Ra\u00fal L\u00f3pez,<\/strong> director general de Indra Group en M\u00e9xico.<\/p>\n\n\n\n<p>Alianzas que integran formaci\u00f3n, innovaci\u00f3n y transferencia de conocimiento<\/p>\n\n\n\n<p>Las instituciones participantes, entre ellas la UNAM, el Instituto Polit\u00e9cnico Nacional, el Tecnol\u00f3gico de Monterrey, UNITEC\/UVM, el Tecnol\u00f3gico de Estudios Superiores de Ecatepec (TESE) y la Universidad del Valle del Mezquital, aportan fortalezas complementarias en investigaci\u00f3n, talento STEM, vinculaci\u00f3n con sectores productivos y especializaci\u00f3n tecnol\u00f3gica.<\/p>\n\n\n\n<p>La colaboraci\u00f3n con Indra Group contempla:<\/p>\n\n\n\n<p>Participaci\u00f3n de estudiantes en proyectos reales del grupo.<\/p>\n\n\n\n<p>Actualizaci\u00f3n de contenidos acad\u00e9micos y dise\u00f1o conjunto de asignaturas y programas.<\/p>\n\n\n\n<p>Laboratorios o hubs de innovaci\u00f3n, incluyendo IA, data, industria 4.0 y ciberseguridad.<\/p>\n\n\n\n<p>Retos tecnol\u00f3gicos, hackatones y espacios de co-creaci\u00f3n.<\/p>\n\n\n\n<figure class=\"wp-block-gallery has-nested-images columns-default is-cropped wp-block-gallery-3 is-layout-flex wp-block-gallery-is-layout-flex\">\n<figure class=\"wp-block-image size-large\"><img decoding=\"async\" width=\"500\" height=\"281\" data-id=\"1098880\" src=\"https:\/\/dimensionturistica.com\/es\/wp-content\/uploads\/2026\/01\/1INDRA.jpg\" alt=\"\" class=\"wp-image-1098880\" srcset=\"https:\/\/dimensionturistica.com\/es\/wp-content\/uploads\/2026\/01\/1INDRA.jpg 500w, https:\/\/dimensionturistica.com\/es\/wp-content\/uploads\/2026\/01\/1INDRA-300x169.jpg 300w\" sizes=\"(max-width: 500px) 100vw, 500px\" \/><\/figure>\n<\/figure>\n\n\n\n<p>Mentor\u00edas y programas de capacitaci\u00f3n impartidos por especialistas del grupo.<\/p>\n\n\n\n<p>Pr\u00e1cticas profesionales, estancias y oportunidades laborales para los mejores perfiles.<\/p>\n\n\n\n<p>Desarrollo de perfiles h\u00edbridos para la econom\u00eda digital<\/p>\n\n\n\n<p>Indra Group busca impulsar perfiles con base t\u00e9cnica s\u00f3lida y visi\u00f3n integral del negocio, capaces de integrarse a proyectos complejos en sectores como industria, energ\u00eda, transporte, telecomunicaciones, finanzas y sector p\u00fablico.<\/p>\n\n\n\n<p>Entre las brechas de talento m\u00e1s relevantes que se pretende atender est\u00e1n: IA y ciencia de datos con capacidad de llevar modelos a producci\u00f3n; Ciberseguridad IT y OT; Ingenier\u00eda y automatizaci\u00f3n para industria 4.0; Arquitectura cloud y operaci\u00f3n multicloud; Desarrollo de software en entornos modernos y escalables.<\/p>\n\n\n\n<p>&#8220;Formar talento \u2018a la medida\u2019 de estos mercados nos permite acelerar la entrega de proyectos clave, reforzar nuestra competitividad y, al mismo tiempo, generar oportunidades reales de desarrollo para j\u00f3venes que buscan construir carreras tecnol\u00f3gicas de alto impacto&#8221;, resalt\u00f3 Ra\u00fal L\u00f3pez.<\/p>\n\n\n\n<p>Los convenios permitir\u00e1n a estudiantes de universidades p\u00fablicas y privadas integrarse a proyectos reales, participar en hubs de innovaci\u00f3n y acceder a oportunidades de desarrollo profesional dentro de Indra Group<\/p>\n\n\n\n<p>Beneficios para estudiantes y comunidad acad\u00e9mica<\/p>\n\n\n\n<p>Los estudiantes de las universidades participantes acceder\u00e1n a:<\/p>\n\n\n\n<p>Estancias profesionales y pr\u00e1cticas en proyectos reales.<\/p>\n\n\n\n<p>Programas de mentor\u00eda impartidos por especialistas de Indra Group.<\/p>\n\n\n\n<p>Participaci\u00f3n en retos de innovaci\u00f3n vinculados a necesidades reales de la industria.<\/p>\n\n\n\n<p>Posibilidad de obtener certificaciones en tecnolog\u00edas clave.<\/p>\n\n\n\n<p>Preferencia en procesos de reclutamiento para posiciones junior.<\/p>\n\n\n\n<p>Las autoridades acad\u00e9micas, directores de carrera, profesores e investigadores, colaborar\u00e1n en el dise\u00f1o curricular, actualizaci\u00f3n de contenidos y desarrollo de iniciativas de innovaci\u00f3n aplicada.<\/p>\n\n\n\n<p>Un modelo escalable para impactar la competitividad del pa\u00eds<\/p>\n\n\n\n<p>Indra Group concibe esta alianza como un modelo abierto y escalable, que permitir\u00e1 incorporar nuevas instituciones conforme se alcancen los primeros resultados. Entre los indicadores que se medir\u00e1n durante el primer a\u00f1o destacan:<\/p>\n\n\n\n<p>Alumnos participantes en programas de formaci\u00f3n e innovaci\u00f3n.<\/p>\n\n\n\n<p>N\u00famero de pr\u00e1cticas y estancias realizadas.<\/p>\n\n\n\n<p>Prototipos, pilotos y pruebas de concepto desarrolladas.<\/p>\n\n\n\n<p>Incorporaci\u00f3n de talento a proyectos nacionales e internacionales.<\/p>\n\n\n\n<p>Impacto percibido en empleabilidad y desarrollo de habilidades.<\/p>\n\n\n\n<p>Finalmente, Ra\u00fal L\u00f3pez, enfatizo: &#8220;M\u00e9xico tiene el potencial para convertirse en un referente de talento tecnol\u00f3gico en Am\u00e9rica Latina. Queremos ser un catalizador de ese proceso mediante innovaci\u00f3n, oportunidades profesionales y colaboraci\u00f3n estrecha con la academia&#8221;.<\/p>\n\n\n\n<p>Indra Group es la multinacional espa\u00f1ola de referencia y una de las principales compa\u00f1\u00edas de Europa de defensa y digitalizaci\u00f3n avanzada. Tiene una posici\u00f3n de liderazgo en los negocios de defensa, espacio, gesti\u00f3n del tr\u00e1fico a\u00e9reo, movilidad y tecnolog\u00edas transformadoras, a trav\u00e9s de Minsait, e integra en IndraMind sus capacidades de IA soberana, ciberseguridad y ciberdefensa. Indra Group impulsa un futuro m\u00e1s seguro y conectado a trav\u00e9s de soluciones innovadoras, relaciones de confianza y el mejor talento. La sostenibilidad forma parte de su estrategia y de su cultura, para dar respuesta a los retos sociales y ambientales presentes y futuros. A cierre del ejercicio 2024, Indra Group tuvo unos ingresos de 4.843 millones de euros, presencia local en 46 pa\u00edses y operaciones comerciales en m\u00e1s de 140 pa\u00edses.<\/p>\n","protected":false},"excerpt":{"rendered":"<p>La compa\u00f1\u00eda impulsa un modelo acad\u00e9mico\u2013industrial para formar talento especializado en IA, ciberseguridad, nube, ciencia de datos y desarrollo de software, \u00e1reas clave para la competitividad tecnol\u00f3gica del pa\u00eds Indra Group, la principal multinacional espa\u00f1ola y un holding que impulsa el progreso tecnol\u00f3gico en el mundo, reforz\u00f3 su compromiso con el desarrollo de talento especializado [&hellip;]<\/p>\n","protected":false},"author":1,"featured_media":0,"comment_status":"open","ping_status":"closed","sticky":false,"template":"","format":"standard","meta":{"om_disable_all_campaigns":false,"jnews-multi-image_gallery":[],"jnews_single_post":{"format":"standard"},"jnews_primary_category":[],"jnews_social_meta":[],"footnotes":""},"categories":[40],"tags":[],"class_list":["post-1098877","post","type-post","status-publish","format-standard","hentry","category-industria"],"_links":{"self":[{"href":"https:\/\/dimensionturistica.com\/es\/wp-json\/wp\/v2\/posts\/1098877","targetHints":{"allow":["GET"]}}],"collection":[{"href":"https:\/\/dimensionturistica.com\/es\/wp-json\/wp\/v2\/posts"}],"about":[{"href":"https:\/\/dimensionturistica.com\/es\/wp-json\/wp\/v2\/types\/post"}],"author":[{"embeddable":true,"href":"https:\/\/dimensionturistica.com\/es\/wp-json\/wp\/v2\/users\/1"}],"replies":[{"embeddable":true,"href":"https:\/\/dimensionturistica.com\/es\/wp-json\/wp\/v2\/comments?post=1098877"}],"version-history":[{"count":1,"href":"https:\/\/dimensionturistica.com\/es\/wp-json\/wp\/v2\/posts\/1098877\/revisions"}],"predecessor-version":[{"id":1098881,"href":"https:\/\/dimensionturistica.com\/es\/wp-json\/wp\/v2\/posts\/1098877\/revisions\/1098881"}],"wp:attachment":[{"href":"https:\/\/dimensionturistica.com\/es\/wp-json\/wp\/v2\/media?parent=1098877"}],"wp:term":[{"taxonomy":"category","embeddable":true,"href":"https:\/\/dimensionturistica.com\/es\/wp-json\/wp\/v2\/categories?post=1098877"},{"taxonomy":"post_tag","embeddable":true,"href":"https:\/\/dimensionturistica.com\/es\/wp-json\/wp\/v2\/tags?post=1098877"}],"curies":[{"name":"wp","href":"https:\/\/api.w.org\/{rel}","templated":true}]}}