{"id":1098840,"date":"2026-01-17T13:23:38","date_gmt":"2026-01-17T13:23:38","guid":{"rendered":"https:\/\/dimensionturistica.com\/es\/?p=1098840"},"modified":"2026-01-17T13:23:38","modified_gmt":"2026-01-17T13:23:38","slug":"outfits-de-faldas-de-cuero-combinadas-con-blusas-cobalto-y-chaquetas-la-clave-del-estilo-iconico","status":"publish","type":"post","link":"https:\/\/dimensionturistica.com\/es\/outfits-de-faldas-de-cuero-combinadas-con-blusas-cobalto-y-chaquetas-la-clave-del-estilo-iconico\/","title":{"rendered":"Outfits de faldas de cuero combinadas con blusas cobalto y chaquetas: la clave del estilo ic\u00f3nico."},"content":{"rendered":"<h3>El Renacer del Cuero: C\u00f3mo Combinar Faldas en Este 2026<\/h3>\n<p>El cuero, un material que siempre ha estado presente en las pasarelas y en las calles, regresa con fuerza este a\u00f1o, y las faldas de cuero se posicionan como una de las tendencias m\u00e1s disruptivas y vers\u00e1tiles de la temporada. Desde una silueta ajustada hasta estilos m\u00e1s fluidos, la clave radica en la forma de combinarlas. <\/p>\n<h4>Faldas de Cuero: La Versatilidad es la Clave<\/h4>\n<p>Las faldas de cuero son el lienzo ideal para una amplia variedad de looks. Su acabado \u00fanico aporta una textura rica que se puede adaptar tanto a eventos casuales como a ocasiones m\u00e1s formales. Este 2026, las opciones de longitud y estilo son tan variadas que cada fashionista puede encontrar el modelo que se ajuste a su personalidad y figura.<\/p>\n<h4>Blusas: El Compa\u00f1ero Perfecto<\/h4>\n<p>Para acompa\u00f1ar estas faldas, las blusas juegan un papel protag\u00f3nico. Optar por camisetas b\u00e1sicas de algod\u00f3n es una forma sencilla de mantener el equilibrio, mientras que las blusas de sat\u00e9n o seda pueden elevar el look para una cena o un evento nocturno. Las mangas abullonadas y los hombros descubiertos son adiciones que aportan un aire contempor\u00e1neo y fresco, inspir\u00e1ndose en la est\u00e9tica de las pasarelas.<\/p>\n<h4>Combina con Texturas<\/h4>\n<p>Una de las tendencias m\u00e1s emocionantes es la mezcla de texturas. Combinar una falda de cuero con un su\u00e9ter de lana grueso durante el fr\u00edo o una blusa liviana en un d\u00eda soleado permite jugar con el contraste. Las capas son esenciales para adaptarse a diferentes climas y tambi\u00e9n a\u00f1aden profundidad al conjunto.<\/p>\n<h4>Accesorios: El Toque Final<\/h4>\n<p>Los accesorios son el verdadero factor diferenciador en cualquier outfit. Un cintur\u00f3n llamativo puede cinchar la cintura y definir la silueta, mientras que unas botas de combate o unos tacones elegantes pueden transformar completamente el estilo. Las joyas tambi\u00e9n no deben ser pasadas por alto; elige piezas que reflejen tu personalidad, desde cadenas gruesas hasta delicados aretes.<\/p>\n<h4>Estilismos ic\u00f3nicos<\/h4>\n<p>Inspiradas en celebridades como Bella Hadid, que ha llevado el look con maestr\u00eda, las combinaciones de faldas de cuero y blusas son un testimonio del poder de la simplicidad con un toque atrevido. Este estilo no solo es f\u00e1cil de replicar, sino que tambi\u00e9n permite que cada persona ponga su sello \u00fanico.<\/p>\n<h4>Prueba y Experimenta<\/h4>\n<p>Lo m\u00e1s emocionante de esta tendencia es que no hay normas estrictas. Experimenta con diferentes longitudes de falda y blusas hasta encontrar el equilibrio perfecto que funcione para ti. El arte de combinar est\u00e1 en la prueba, y cada look es una oportunidad de expresarte.<\/p>\n<h3>Conclusi\u00f3n<\/h3>\n<p>Las faldas de cuero, acompa\u00f1adas de blusas estrat\u00e9gicamente elegidas, no solo son una declaraci\u00f3n de moda, sino tambi\u00e9n una forma de autoconfianza. Ya sea que elijas un look casual o uno m\u00e1s sofisticado, esta combinaci\u00f3n promete convertirse en tu aliada estil\u00edstica para este a\u00f1o. La moda es un juego, as\u00ed que atr\u00e9vete a mezclar, combinar y, sobre todo, disfrutar de cada momento.<\/p>\n<p><em> &#8221; Fuentes www.vogue.mx &#8221; <\/em><\/p>\n","protected":false},"excerpt":{"rendered":"<p>El Renacer del Cuero: C\u00f3mo Combinar Faldas en Este 2026 El cuero, un material que siempre ha estado presente en las pasarelas y en las calles, regresa con fuerza este a\u00f1o, y las faldas de cuero se posicionan como una de las tendencias m\u00e1s disruptivas y vers\u00e1tiles de la temporada. Desde una silueta ajustada hasta [&hellip;]<\/p>\n","protected":false},"author":14,"featured_media":1098843,"comment_status":"open","ping_status":"closed","sticky":false,"template":"","format":"standard","meta":{"om_disable_all_campaigns":false,"jnews-multi-image_gallery":[],"jnews_single_post":[],"jnews_primary_category":[],"jnews_social_meta":[],"footnotes":""},"categories":[144872],"tags":[200685,200333,264060,194743,7758,200523,250894,20607,659,25060,2182,27057],"class_list":["post-1098840","post","type-post","status-publish","format-standard","has-post-thumbnail","hentry","category-fashion","tag-bella-hadid","tag-blusas","tag-blusas-azul-cobalto","tag-chamarras","tag-estilo","tag-faldas","tag-faldas-de-cuero","tag-inspiracion","tag-moda","tag-outfit","tag-tendencias","tag-vestuario"],"_links":{"self":[{"href":"https:\/\/dimensionturistica.com\/es\/wp-json\/wp\/v2\/posts\/1098840","targetHints":{"allow":["GET"]}}],"collection":[{"href":"https:\/\/dimensionturistica.com\/es\/wp-json\/wp\/v2\/posts"}],"about":[{"href":"https:\/\/dimensionturistica.com\/es\/wp-json\/wp\/v2\/types\/post"}],"author":[{"embeddable":true,"href":"https:\/\/dimensionturistica.com\/es\/wp-json\/wp\/v2\/users\/14"}],"replies":[{"embeddable":true,"href":"https:\/\/dimensionturistica.com\/es\/wp-json\/wp\/v2\/comments?post=1098840"}],"version-history":[{"count":1,"href":"https:\/\/dimensionturistica.com\/es\/wp-json\/wp\/v2\/posts\/1098840\/revisions"}],"predecessor-version":[{"id":1098844,"href":"https:\/\/dimensionturistica.com\/es\/wp-json\/wp\/v2\/posts\/1098840\/revisions\/1098844"}],"wp:featuredmedia":[{"embeddable":true,"href":"https:\/\/dimensionturistica.com\/es\/wp-json\/wp\/v2\/media\/1098843"}],"wp:attachment":[{"href":"https:\/\/dimensionturistica.com\/es\/wp-json\/wp\/v2\/media?parent=1098840"}],"wp:term":[{"taxonomy":"category","embeddable":true,"href":"https:\/\/dimensionturistica.com\/es\/wp-json\/wp\/v2\/categories?post=1098840"},{"taxonomy":"post_tag","embeddable":true,"href":"https:\/\/dimensionturistica.com\/es\/wp-json\/wp\/v2\/tags?post=1098840"}],"curies":[{"name":"wp","href":"https:\/\/api.w.org\/{rel}","templated":true}]}}