{"id":1098602,"date":"2026-01-17T01:02:29","date_gmt":"2026-01-17T01:02:29","guid":{"rendered":"https:\/\/dimensionturistica.com\/es\/?p=1098602"},"modified":"2026-01-17T01:02:29","modified_gmt":"2026-01-17T01:02:29","slug":"club-med-refuerza-su-presencia-en-mexico-y-acelara-su-expansion-global","status":"publish","type":"post","link":"https:\/\/dimensionturistica.com\/es\/club-med-refuerza-su-presencia-en-mexico-y-acelara-su-expansion-global\/","title":{"rendered":"Club Med refuerza su presencia en M\u00e9xico y acelara su expansi\u00f3n global"},"content":{"rendered":"\n<figure class=\"wp-block-gallery has-nested-images columns-default is-cropped wp-block-gallery-1 is-layout-flex wp-block-gallery-is-layout-flex\">\n<figure class=\"wp-block-image size-large\"><img decoding=\"async\" width=\"500\" height=\"280\" data-id=\"1098603\" src=\"https:\/\/dimensionturistica.com\/es\/wp-content\/uploads\/2026\/01\/1MED.jpg\" alt=\"\" class=\"wp-image-1098603\" srcset=\"https:\/\/dimensionturistica.com\/es\/wp-content\/uploads\/2026\/01\/1MED.jpg 500w, https:\/\/dimensionturistica.com\/es\/wp-content\/uploads\/2026\/01\/1MED-300x168.jpg 300w\" sizes=\"(max-width: 500px) 100vw, 500px\" \/><\/figure>\n<\/figure>\n\n\n\n<p>Club Med ratifica su compromiso con M\u00e9xico al impulsar una profunda transformaci\u00f3n de Club Med Canc\u00fan, uno de sus resorts m\u00e1s emblem\u00e1ticos en el Caribe. Con un plan maestro de renovaci\u00f3n que se extiende de 2024 a 2026, la marca no solo moderniza su infraestructura, sino que refuerza su liderazgo en un mercado altamente competitivo, apostando por un concepto multitarget, natural y aspiracional, inspirado en el estilo de vida de Tulum.<\/p>\n\n\n\n<p>Ubicado en una pen\u00ednsula privada con tres playas de arena blanca, laguna natural y acceso directo al segundo arrecife de coral m\u00e1s grande del mundo, el resort ofrece una experiencia que combina cultura maya, aventura, deportes, wellness y diversi\u00f3n familiar, a solo 15 minutos del Aeropuerto Internacional de Canc\u00fan.<\/p>\n\n\n\n<figure class=\"wp-block-gallery has-nested-images columns-default is-cropped wp-block-gallery-2 is-layout-flex wp-block-gallery-is-layout-flex\">\n<figure class=\"wp-block-image size-large\"><img decoding=\"async\" width=\"500\" height=\"250\" data-id=\"1098604\" src=\"https:\/\/dimensionturistica.com\/es\/wp-content\/uploads\/2026\/01\/3MED.jpg\" alt=\"\" class=\"wp-image-1098604\" srcset=\"https:\/\/dimensionturistica.com\/es\/wp-content\/uploads\/2026\/01\/3MED.jpg 500w, https:\/\/dimensionturistica.com\/es\/wp-content\/uploads\/2026\/01\/3MED-300x150.jpg 300w, https:\/\/dimensionturistica.com\/es\/wp-content\/uploads\/2026\/01\/3MED-360x180.jpg 360w\" sizes=\"(max-width: 500px) 100vw, 500px\" \/><\/figure>\n<\/figure>\n\n\n\n<p>El proyecto de transformaci\u00f3n se desarrolla en tres fases. La primera, inaugurada en abril de 2024, dio vida a la nueva Isla de Deportes &amp; Wellness, con experiencias in\u00e9ditas como la Circus School con bungee y trampol\u00edn, palapa de yoga sobre la laguna, mini golf, canchas multiusos, pickleball y zonas de relajaci\u00f3n.<\/p>\n\n\n\n<p>Mientras que, la segunda fase, que en diciembre de 2024, present\u00f3 el Oasis Familiar Aguamarina, con habitaciones familiares renovadas, piscina frente al mar, bar de cocteler\u00eda y un nuevo patio de juegos. A ello se suma el nuevo Club de Ni\u00f1os, primero en su tipo dentro de Club Med, inspirado en la arquitectura y cosmovisi\u00f3n maya, con espacios diferenciados para beb\u00e9s, ni\u00f1os y adolescentes hasta los 17 a\u00f1os.<\/p>\n\n\n\n<figure class=\"wp-block-gallery has-nested-images columns-default is-cropped wp-block-gallery-3 is-layout-flex wp-block-gallery-is-layout-flex\">\n<figure class=\"wp-block-image size-large\"><img decoding=\"async\" width=\"500\" height=\"483\" data-id=\"1098605\" src=\"https:\/\/dimensionturistica.com\/es\/wp-content\/uploads\/2026\/01\/4MED.jpg\" alt=\"\" class=\"wp-image-1098605\" srcset=\"https:\/\/dimensionturistica.com\/es\/wp-content\/uploads\/2026\/01\/4MED.jpg 500w, https:\/\/dimensionturistica.com\/es\/wp-content\/uploads\/2026\/01\/4MED-300x290.jpg 300w\" sizes=\"(max-width: 500px) 100vw, 500px\" \/><\/figure>\n<\/figure>\n\n\n\n<p>Durante ese periodo, se incorporan grandes \u00e1reas l\u00fadicas como el Parque Acu\u00e1tico Maya \u201cEl Templo\u201d, el Splash Park \u201cCenote\u201d y un amplio patio de juegos, consolidando a Canc\u00fan como un referente en experiencias familiares dentro del portafolio de la marca.<\/p>\n\n\n\n<p>Para la fase tres, prevista para 2026, se contempla la transformaci\u00f3n del coraz\u00f3n del resort: nueva \u00e1rea de piscina principal, Infinity Pool frente al mar, bar de playa Grab &amp; Go y nuevas Deluxe Rooms y Pool Rooms, con una est\u00e9tica maya contempor\u00e1nea que eleva la experiencia de hospedaje. Esta fase se llevar\u00e1 a cabo sin interrumpir la experiencia inigualable que ofrece Club Med a todos sus hu\u00e9spedes, garantizando futuras estancias vacacional con experiencias nuevas y excepcionales.<\/p>\n\n\n\n<figure class=\"wp-block-gallery has-nested-images columns-default is-cropped wp-block-gallery-4 is-layout-flex wp-block-gallery-is-layout-flex\">\n<figure class=\"wp-block-image size-large\"><img decoding=\"async\" width=\"500\" height=\"276\" data-id=\"1098606\" src=\"https:\/\/dimensionturistica.com\/es\/wp-content\/uploads\/2026\/01\/6MED.jpg\" alt=\"\" class=\"wp-image-1098606\" srcset=\"https:\/\/dimensionturistica.com\/es\/wp-content\/uploads\/2026\/01\/6MED.jpg 500w, https:\/\/dimensionturistica.com\/es\/wp-content\/uploads\/2026\/01\/6MED-300x166.jpg 300w\" sizes=\"(max-width: 500px) 100vw, 500px\" \/><\/figure>\n<\/figure>\n\n\n\n<p>EL CARIBE SE FORTALECE: PUNTA CANA Y MICHES, PLAYA ESMERALDA<\/p>\n\n\n\n<p>La renovaci\u00f3n contin\u00faa en el Caribe con Club Med Punta Cana, un resort hist\u00f3rico que ha sido clave en el desarrollo tur\u00edstico de Rep\u00fablica Dominicana desde 1981.<\/p>\n\n\n\n<p>Las nuevas etapas de modernizaci\u00f3n incluyen habitaciones familiares, restaurantes, espacios wellness y el parque acu\u00e1tico m\u00e1s grande de Club Med, ya en operaci\u00f3n.<\/p>\n\n\n\n<figure class=\"wp-block-gallery has-nested-images columns-default is-cropped wp-block-gallery-5 is-layout-flex wp-block-gallery-is-layout-flex\">\n<figure class=\"wp-block-image size-large\"><img decoding=\"async\" width=\"500\" height=\"260\" data-id=\"1098607\" src=\"https:\/\/dimensionturistica.com\/es\/wp-content\/uploads\/2026\/01\/7MED.jpg\" alt=\"\" class=\"wp-image-1098607\" srcset=\"https:\/\/dimensionturistica.com\/es\/wp-content\/uploads\/2026\/01\/7MED.jpg 500w, https:\/\/dimensionturistica.com\/es\/wp-content\/uploads\/2026\/01\/7MED-300x156.jpg 300w\" sizes=\"(max-width: 500px) 100vw, 500px\" \/><\/figure>\n<\/figure>\n\n\n\n<p>Este 2025, Punta Cana integr\u00f3 nuevos lobbies, restaurantes, bares, teatro y las Deluxe Rooms \u201cCosta del Coco\u201d, inspiradas en la serenidad de las costas dominicanas. Esta evoluci\u00f3n honra su legado pionero mientras proyecta una experiencia elevada, sofisticada y tropical.<\/p>\n\n\n\n<p>A la par, Club Med Miches, Playa Esmeralda se posiciona como uno de los destinos premium de la regi\u00f3n, reforzando la estrategia de la marca de ofrecer lujo consciente y experiencias exclusivas en escenarios v\u00edrgenes del Caribe.<\/p>\n\n\n\n<p>UNA MARCA GLOBAL, INNOVADORA Y EN CONSTANTE EVOLUCI\u00d3N<\/p>\n\n\n\n<figure class=\"wp-block-gallery has-nested-images columns-default is-cropped wp-block-gallery-6 is-layout-flex wp-block-gallery-is-layout-flex\">\n<figure class=\"wp-block-image size-large\"><img decoding=\"async\" width=\"500\" height=\"375\" data-id=\"1098609\" src=\"https:\/\/dimensionturistica.com\/es\/wp-content\/uploads\/2026\/01\/33MED.jpg\" alt=\"\" class=\"wp-image-1098609\" srcset=\"https:\/\/dimensionturistica.com\/es\/wp-content\/uploads\/2026\/01\/33MED.jpg 500w, https:\/\/dimensionturistica.com\/es\/wp-content\/uploads\/2026\/01\/33MED-300x225.jpg 300w\" sizes=\"(max-width: 500px) 100vw, 500px\" \/><\/figure>\n<\/figure>\n\n\n\n<p>M\u00e1s all\u00e1 del Caribe, Club Med acelera su expansi\u00f3n global con proyectos que reflejan su visi\u00f3n disruptiva y premium. Destaca la pr\u00f3xima apertura de Club Med South Africa Beach &amp; Safari, programada para julio de 2026, un concepto \u00fanico que combinar\u00e1 playa y safari.<\/p>\n\n\n\n<p>As\u00ed como Club Med Tremblant en Mont-Tremblant, Canad\u00e1, con apertura en 2028. El resort premium todo incluido ofrecer\u00e1 acceso directo a pistas de esqu\u00ed, gastronom\u00eda gourmet, clubes infantiles, actividades de verano y un enfoque sostenible.<\/p>\n\n\n\n<p>Adem\u00e1s, avanza con renovaciones y ampliaciones estrat\u00e9gicas en destinos internacionales: desde Martinica, Maldivas y Tailandia, hasta Turqu\u00eda, Indonesia y China, incorporando nuevas habitaciones Deluxe, extensiones de capacidad y remodelaciones mayores que consolidan su portafolio global.<\/p>\n\n\n\n<figure class=\"wp-block-gallery has-nested-images columns-default is-cropped wp-block-gallery-7 is-layout-flex wp-block-gallery-is-layout-flex\">\n<figure class=\"wp-block-image size-large\"><img decoding=\"async\" width=\"1024\" height=\"767\" data-id=\"1098610\" src=\"https:\/\/dimensionturistica.com\/es\/wp-content\/uploads\/2026\/01\/CM-Cancun-2-1024x767.jpg\" alt=\"\" class=\"wp-image-1098610\" srcset=\"https:\/\/dimensionturistica.com\/es\/wp-content\/uploads\/2026\/01\/CM-Cancun-2-1024x767.jpg 1024w, https:\/\/dimensionturistica.com\/es\/wp-content\/uploads\/2026\/01\/CM-Cancun-2-300x225.jpg 300w, https:\/\/dimensionturistica.com\/es\/wp-content\/uploads\/2026\/01\/CM-Cancun-2-768x575.jpg 768w, https:\/\/dimensionturistica.com\/es\/wp-content\/uploads\/2026\/01\/CM-Cancun-2-1536x1150.jpg 1536w, https:\/\/dimensionturistica.com\/es\/wp-content\/uploads\/2026\/01\/CM-Cancun-2-2048x1533.jpg 2048w, https:\/\/dimensionturistica.com\/es\/wp-content\/uploads\/2026\/01\/CM-Cancun-2-750x562.jpg 750w, https:\/\/dimensionturistica.com\/es\/wp-content\/uploads\/2026\/01\/CM-Cancun-2-1140x853.jpg 1140w\" sizes=\"(max-width: 1024px) 100vw, 1024px\" \/><\/figure>\n<\/figure>\n\n\n\n<p>Estas acciones confirman la ambici\u00f3n de Club Med de mantenerse a la vanguardia del turismo internacional, con una propuesta que integra dise\u00f1o contempor\u00e1neo, experiencias familiares, identidad local y lujo premium. En M\u00e9xico, y particularmente en Canc\u00fan, la marca no solo permanece: evoluciona y lidera, reafirmando su papel como uno de los grandes referentes vacacionales en el Caribe y el mundo.<\/p>\n","protected":false},"excerpt":{"rendered":"<p>Club Med ratifica su compromiso con M\u00e9xico al impulsar una profunda transformaci\u00f3n de Club Med Canc\u00fan, uno de sus resorts m\u00e1s emblem\u00e1ticos en el Caribe. Con un plan maestro de renovaci\u00f3n que se extiende de 2024 a 2026, la marca no solo moderniza su infraestructura, sino que refuerza su liderazgo en un mercado altamente competitivo, [&hellip;]<\/p>\n","protected":false},"author":1,"featured_media":0,"comment_status":"open","ping_status":"closed","sticky":false,"template":"","format":"standard","meta":{"om_disable_all_campaigns":false,"jnews-multi-image_gallery":[],"jnews_single_post":[],"jnews_primary_category":[],"jnews_social_meta":[],"footnotes":""},"categories":[39],"tags":[],"class_list":["post-1098602","post","type-post","status-publish","format-standard","hentry","category-viajes"],"_links":{"self":[{"href":"https:\/\/dimensionturistica.com\/es\/wp-json\/wp\/v2\/posts\/1098602","targetHints":{"allow":["GET"]}}],"collection":[{"href":"https:\/\/dimensionturistica.com\/es\/wp-json\/wp\/v2\/posts"}],"about":[{"href":"https:\/\/dimensionturistica.com\/es\/wp-json\/wp\/v2\/types\/post"}],"author":[{"embeddable":true,"href":"https:\/\/dimensionturistica.com\/es\/wp-json\/wp\/v2\/users\/1"}],"replies":[{"embeddable":true,"href":"https:\/\/dimensionturistica.com\/es\/wp-json\/wp\/v2\/comments?post=1098602"}],"version-history":[{"count":1,"href":"https:\/\/dimensionturistica.com\/es\/wp-json\/wp\/v2\/posts\/1098602\/revisions"}],"predecessor-version":[{"id":1098611,"href":"https:\/\/dimensionturistica.com\/es\/wp-json\/wp\/v2\/posts\/1098602\/revisions\/1098611"}],"wp:attachment":[{"href":"https:\/\/dimensionturistica.com\/es\/wp-json\/wp\/v2\/media?parent=1098602"}],"wp:term":[{"taxonomy":"category","embeddable":true,"href":"https:\/\/dimensionturistica.com\/es\/wp-json\/wp\/v2\/categories?post=1098602"},{"taxonomy":"post_tag","embeddable":true,"href":"https:\/\/dimensionturistica.com\/es\/wp-json\/wp\/v2\/tags?post=1098602"}],"curies":[{"name":"wp","href":"https:\/\/api.w.org\/{rel}","templated":true}]}}