{"id":1098579,"date":"2026-01-17T00:33:09","date_gmt":"2026-01-17T00:33:09","guid":{"rendered":"https:\/\/dimensionturistica.com\/es\/?p=1098579"},"modified":"2026-01-17T00:33:09","modified_gmt":"2026-01-17T00:33:09","slug":"republica-dominicana-cierra-el-ano-con-cifras-historicas","status":"publish","type":"post","link":"https:\/\/dimensionturistica.com\/es\/republica-dominicana-cierra-el-ano-con-cifras-historicas\/","title":{"rendered":"Rep\u00fablica Dominicana cierra el a\u00f1o con cifras hist\u00f3ricas"},"content":{"rendered":"\n<figure class=\"wp-block-gallery has-nested-images columns-default is-cropped wp-block-gallery-1 is-layout-flex wp-block-gallery-is-layout-flex\">\n<figure class=\"wp-block-image size-large\"><img decoding=\"async\" width=\"500\" height=\"261\" data-id=\"1098580\" src=\"https:\/\/dimensionturistica.com\/es\/wp-content\/uploads\/2026\/01\/1DOMINICA.jpg\" alt=\"\" class=\"wp-image-1098580\" srcset=\"https:\/\/dimensionturistica.com\/es\/wp-content\/uploads\/2026\/01\/1DOMINICA.jpg 500w, https:\/\/dimensionturistica.com\/es\/wp-content\/uploads\/2026\/01\/1DOMINICA-300x157.jpg 300w\" sizes=\"(max-width: 500px) 100vw, 500px\" \/><\/figure>\n<\/figure>\n\n\n\n<p>Entre libros, merengue y millones de visitantes. 2025, el a\u00f1o que transform\u00f3 a la Rep\u00fablica Dominicana<\/p>\n\n\n\n<p>Entre proyecciones s\u00f3lidas, activaciones \u00fanicas y resultados que superan expectativas, Rep\u00fablica Dominicana cierra el a\u00f1o reafirmando su posici\u00f3n como uno de los destinos m\u00e1s vibrantes, vers\u00e1tiles y culturalmente influyentes del Caribe.<\/p>\n\n\n\n<figure class=\"wp-block-gallery has-nested-images columns-default is-cropped wp-block-gallery-2 is-layout-flex wp-block-gallery-is-layout-flex\">\n<figure class=\"wp-block-image size-large\"><img decoding=\"async\" width=\"500\" height=\"333\" data-id=\"1098583\" src=\"https:\/\/dimensionturistica.com\/es\/wp-content\/uploads\/2026\/01\/3DPMONOCA.jpg\" alt=\"\" class=\"wp-image-1098583\" srcset=\"https:\/\/dimensionturistica.com\/es\/wp-content\/uploads\/2026\/01\/3DPMONOCA.jpg 500w, https:\/\/dimensionturistica.com\/es\/wp-content\/uploads\/2026\/01\/3DPMONOCA-300x200.jpg 300w\" sizes=\"(max-width: 500px) 100vw, 500px\" \/><\/figure>\n<\/figure>\n\n\n\n<p>2025 ha sido un a\u00f1o especialmente relevante para el pa\u00eds, no solo por su desempe\u00f1o tur\u00edstico, sino por la manera en que su cultura, creatividad y proyecci\u00f3n internacional conquistaron escenarios tan diversos como Nueva York y el sector editorial de lujo. A esto se suma un desempe\u00f1o tur\u00edstico hist\u00f3rico que confirma la preferencia del viajero internacional, incluidos los mexicanos, por un pa\u00eds que hoy combina modernidad, tradici\u00f3n y experiencias memorables.<\/p>\n\n\n\n<p>Santo Domingo se presenta al mundo con Assouline<\/p>\n\n\n\n<p>Sin duda, uno de los hitos culturales de 2025, fue la presentaci\u00f3n \u00edntima del libro Santo Domingo de la c\u00e9lebre casa editorial, Assouline en Nueva York este mes de diciembre. M\u00e1s all\u00e1 del lanzamiento tradicional, este proyecto se convirti\u00f3 en un escaparate global que posicion\u00f3 a la capital dominicana como una ciudad llena de historia, dise\u00f1o, creatividad y energ\u00eda contempor\u00e1nea.<\/p>\n\n\n\n<figure class=\"wp-block-gallery has-nested-images columns-default is-cropped wp-block-gallery-3 is-layout-flex wp-block-gallery-is-layout-flex\">\n<figure class=\"wp-block-image size-large\"><img decoding=\"async\" width=\"500\" height=\"750\" data-id=\"1098585\" src=\"https:\/\/dimensionturistica.com\/es\/wp-content\/uploads\/2026\/01\/5DOMINICA.jpg\" alt=\"\" class=\"wp-image-1098585\" srcset=\"https:\/\/dimensionturistica.com\/es\/wp-content\/uploads\/2026\/01\/5DOMINICA.jpg 500w, https:\/\/dimensionturistica.com\/es\/wp-content\/uploads\/2026\/01\/5DOMINICA-200x300.jpg 200w\" sizes=\"(max-width: 500px) 100vw, 500px\" \/><\/figure>\n<\/figure>\n\n\n\n<p>La impecable obra, con textos del Ministro <strong>David Collado<\/strong> y la curadora Rosanna Rivera, adem\u00e1s fotograf\u00edas \u00fanicas de Aline Coquelle, qui\u00e9n captura la esencia dominicana en su mayor esplendor, no solo recorre la Zona Colonial y su legado del siglo XVI, sino tambi\u00e9n la fuerza creativa de sus artistas, su gastronom\u00eda, su vida nocturna y su conexi\u00f3n con figuras como Oscar de la Renta, reforzando la identidad cultural del pa\u00eds ante audiencias internacionales. \u00bfEl resultado? una carta de amor a la ciudad a trav\u00e9s de retratos visuales y narrativos de su historia y vitalidad.<\/p>\n\n\n\n<p>El merengue conquista a la ciudad que nunca duerme<\/p>\n\n\n\n<figure class=\"wp-block-gallery has-nested-images columns-default is-cropped wp-block-gallery-4 is-layout-flex wp-block-gallery-is-layout-flex\">\n<figure class=\"wp-block-image size-large\"><img decoding=\"async\" width=\"500\" height=\"333\" data-id=\"1098588\" src=\"https:\/\/dimensionturistica.com\/es\/wp-content\/uploads\/2026\/01\/11DOMINICA.jpg\" alt=\"\" class=\"wp-image-1098588\" srcset=\"https:\/\/dimensionturistica.com\/es\/wp-content\/uploads\/2026\/01\/11DOMINICA.jpg 500w, https:\/\/dimensionturistica.com\/es\/wp-content\/uploads\/2026\/01\/11DOMINICA-300x200.jpg 300w\" sizes=\"(max-width: 500px) 100vw, 500px\" \/><\/figure>\n<\/figure>\n\n\n\n<p>Otra de las grandes postales del a\u00f1o ocurri\u00f3 en el coraz\u00f3n de la Gran Manzana. A inicios del mes, el pasillo de Grand Central\u201342nd Street se llen\u00f3 del inconfundible ritmo dominicano. <strong>To\u00f1o Rosario<\/strong>, uno de los merengueros m\u00e1s emblem\u00e1ticos de Dominicana, apareci\u00f3 en escena y transform\u00f3 el metro en una celebraci\u00f3n espont\u00e1nea que tom\u00f3 por sorpresa a quienes pasaban rumbo a casa. El trayecto cotidiano de miles de citadinos se convirti\u00f3 en un estallido de energ\u00eda.<\/p>\n\n\n\n<p>Gente bailando entre andenes, curiosos grabando cada instante y una atm\u00f3sfera que, por unos minutos, transport\u00f3 a todos al Caribe. Develando una muestra aut\u00e9ntica de c\u00f3mo se vive la Navidad dominicana. Alegre, c\u00e1lida e imposible de ignorar. Desde clases de merengue y bachata, hasta degustaciones culinarias y encuentros culturales pensados para acercar su esencia a neoyorquinos y visitantes, esta intervenci\u00f3n art\u00edstica marc\u00f3 el arranque de una serie de experiencias que Rep\u00fablica Dominicana llevar\u00e1 a distintos puntos de la ciudad. Brindando un recuerdo de que en la isla caribe\u00f1a, la temporada se vive distinto. Entre sol, ritmo y una hospitalidad que conquista.<\/p>\n\n\n\n<figure class=\"wp-block-gallery has-nested-images columns-default is-cropped wp-block-gallery-5 is-layout-flex wp-block-gallery-is-layout-flex\">\n<figure class=\"wp-block-image size-large\"><img decoding=\"async\" width=\"500\" height=\"333\" data-id=\"1098589\" src=\"https:\/\/dimensionturistica.com\/es\/wp-content\/uploads\/2026\/01\/22DOMINICA.jpg\" alt=\"\" class=\"wp-image-1098589\" srcset=\"https:\/\/dimensionturistica.com\/es\/wp-content\/uploads\/2026\/01\/22DOMINICA.jpg 500w, https:\/\/dimensionturistica.com\/es\/wp-content\/uploads\/2026\/01\/22DOMINICA-300x200.jpg 300w\" sizes=\"(max-width: 500px) 100vw, 500px\" \/><\/figure>\n<\/figure>\n\n\n\n<p>Un a\u00f1o r\u00e9cord para el turismo en Rep\u00fablica Dominicana<\/p>\n\n\n\n<p>El turismo dominicano se encamina a cerrar 2025 con cifras hist\u00f3ricas. Entre enero y noviembre, el pa\u00eds recibi\u00f3 m\u00e1s de 10.2 millones de visitantes, un crecimiento del 3.1% frente al a\u00f1o anterior. De ellos, 7.8 millones arribaron por v\u00eda a\u00e9rea y 2.3 millones lo hicieron en cruceros, consolidando a Rep\u00fablica Dominicana como un destino con una oferta verdaderamente diversa. Solo en noviembre, el pa\u00eds super\u00f3 el mill\u00f3n de visitantes, un aumento del 13.5% respecto a 2024.<\/p>\n\n\n\n<figure class=\"wp-block-gallery has-nested-images columns-default is-cropped wp-block-gallery-6 is-layout-flex wp-block-gallery-is-layout-flex\">\n<figure class=\"wp-block-image size-large\"><img decoding=\"async\" width=\"500\" height=\"333\" data-id=\"1098590\" src=\"https:\/\/dimensionturistica.com\/es\/wp-content\/uploads\/2026\/01\/32DOMINICA.jpg\" alt=\"\" class=\"wp-image-1098590\" srcset=\"https:\/\/dimensionturistica.com\/es\/wp-content\/uploads\/2026\/01\/32DOMINICA.jpg 500w, https:\/\/dimensionturistica.com\/es\/wp-content\/uploads\/2026\/01\/32DOMINICA-300x200.jpg 300w\" sizes=\"(max-width: 500px) 100vw, 500px\" \/><\/figure>\n<\/figure>\n\n\n\n<p>El comportamiento del mercado internacional confirm\u00f3 esta tendencia al alza: 84% de los viajeros que ingresaron al pa\u00eds fueron extranjeros. Estados Unidos encabez\u00f3 el flujo con un 39%, seguido de Canad\u00e1 con 19%, mientras que Colombia y Argentina aportaron cada uno un 6%. M\u00e9xico mantuvo una presencia constante con un 3%, junto con Puerto Rico y Alemania.<\/p>\n\n\n\n<p>En el \u00e1mbito hotelero, la ocupaci\u00f3n promedio alcanz\u00f3 un 73%, reflejo de un destino que mantiene su atractivo para todo tipo de viajero durante todo el a\u00f1o y que se consolida como uno de los epicentros tur\u00edsticos m\u00e1s s\u00f3lidos y deseados del Caribe.<\/p>\n\n\n\n<figure class=\"wp-block-gallery has-nested-images columns-default is-cropped wp-block-gallery-7 is-layout-flex wp-block-gallery-is-layout-flex\">\n<figure class=\"wp-block-image size-large\"><img decoding=\"async\" width=\"500\" height=\"333\" data-id=\"1098591\" src=\"https:\/\/dimensionturistica.com\/es\/wp-content\/uploads\/2026\/01\/33DOMINICA.jpg\" alt=\"\" class=\"wp-image-1098591\" srcset=\"https:\/\/dimensionturistica.com\/es\/wp-content\/uploads\/2026\/01\/33DOMINICA.jpg 500w, https:\/\/dimensionturistica.com\/es\/wp-content\/uploads\/2026\/01\/33DOMINICA-300x200.jpg 300w\" sizes=\"(max-width: 500px) 100vw, 500px\" \/><\/figure>\n<\/figure>\n\n\n\n<p>M\u00e1s all\u00e1 de sus playas y su calidez, el turismo en Rep\u00fablica Dominicana representa un impacto econ\u00f3mico fundamental donde cada visitante contribuye mediante consumo, compras y actividades, impulsando la generaci\u00f3n de empleo y atrayendo inversi\u00f3n. As\u00ed, mientras los viajeros disfrutan el destino, tambi\u00e9n fortalecen uno de los sectores m\u00e1s estrat\u00e9gicos para el desarrollo del pa\u00eds que lo tiene todo (y m\u00e1s).<\/p>\n\n\n\n<p>Un cierre que impulsa el futuro<\/p>\n\n\n\n<figure class=\"wp-block-gallery has-nested-images columns-default is-cropped wp-block-gallery-8 is-layout-flex wp-block-gallery-is-layout-flex\">\n<figure class=\"wp-block-image size-large\"><img decoding=\"async\" width=\"500\" height=\"333\" data-id=\"1098592\" src=\"https:\/\/dimensionturistica.com\/es\/wp-content\/uploads\/2026\/01\/66DOMINICA.jpg\" alt=\"\" class=\"wp-image-1098592\" srcset=\"https:\/\/dimensionturistica.com\/es\/wp-content\/uploads\/2026\/01\/66DOMINICA.jpg 500w, https:\/\/dimensionturistica.com\/es\/wp-content\/uploads\/2026\/01\/66DOMINICA-300x200.jpg 300w\" sizes=\"(max-width: 500px) 100vw, 500px\" \/><\/figure>\n<\/figure>\n\n\n\n<p>Con iniciativas culturales que viajan por el mundo, activaciones que conectan emocionalmente con nuevas audiencias y un desempe\u00f1o tur\u00edstico en constante crecimiento, Rep\u00fablica Dominicana se prepara para despedir un a\u00f1o fuerte y prometedor. La campa\u00f1a \u201cDominicana Te Sonr\u00ede\u201d, activa en distintos mercados, reafirma la esencia hospitalaria del pa\u00eds y sigue impulsando la llegada de m\u00e1s visitantes durante la temporada de invierno y el inicio de 2026. Porque si algo demuestra este cierre de a\u00f1o es que Rep\u00fablica Dominicana no solo es un lugar para visitar: es un destino que se vive, se siente y permanece en la memoria.<\/p>\n\n\n\n<p>Fotos: Cortes\u00eda de Rep\u00fablica Dominicana<\/p>\n\n\n\n<p>Para m\u00e1s inspiraci\u00f3n: https:\/\/es.godominicanrepublic.com\/<\/p>\n","protected":false},"excerpt":{"rendered":"<p>Entre libros, merengue y millones de visitantes. 2025, el a\u00f1o que transform\u00f3 a la Rep\u00fablica Dominicana Entre proyecciones s\u00f3lidas, activaciones \u00fanicas y resultados que superan expectativas, Rep\u00fablica Dominicana cierra el a\u00f1o reafirmando su posici\u00f3n como uno de los destinos m\u00e1s vibrantes, vers\u00e1tiles y culturalmente influyentes del Caribe. 2025 ha sido un a\u00f1o especialmente relevante para [&hellip;]<\/p>\n","protected":false},"author":1,"featured_media":0,"comment_status":"open","ping_status":"closed","sticky":false,"template":"","format":"standard","meta":{"om_disable_all_campaigns":false,"jnews-multi-image_gallery":[],"jnews_single_post":{"format":"standard"},"jnews_primary_category":[],"jnews_social_meta":[],"footnotes":""},"categories":[39],"tags":[],"class_list":["post-1098579","post","type-post","status-publish","format-standard","hentry","category-viajes"],"_links":{"self":[{"href":"https:\/\/dimensionturistica.com\/es\/wp-json\/wp\/v2\/posts\/1098579","targetHints":{"allow":["GET"]}}],"collection":[{"href":"https:\/\/dimensionturistica.com\/es\/wp-json\/wp\/v2\/posts"}],"about":[{"href":"https:\/\/dimensionturistica.com\/es\/wp-json\/wp\/v2\/types\/post"}],"author":[{"embeddable":true,"href":"https:\/\/dimensionturistica.com\/es\/wp-json\/wp\/v2\/users\/1"}],"replies":[{"embeddable":true,"href":"https:\/\/dimensionturistica.com\/es\/wp-json\/wp\/v2\/comments?post=1098579"}],"version-history":[{"count":1,"href":"https:\/\/dimensionturistica.com\/es\/wp-json\/wp\/v2\/posts\/1098579\/revisions"}],"predecessor-version":[{"id":1098593,"href":"https:\/\/dimensionturistica.com\/es\/wp-json\/wp\/v2\/posts\/1098579\/revisions\/1098593"}],"wp:attachment":[{"href":"https:\/\/dimensionturistica.com\/es\/wp-json\/wp\/v2\/media?parent=1098579"}],"wp:term":[{"taxonomy":"category","embeddable":true,"href":"https:\/\/dimensionturistica.com\/es\/wp-json\/wp\/v2\/categories?post=1098579"},{"taxonomy":"post_tag","embeddable":true,"href":"https:\/\/dimensionturistica.com\/es\/wp-json\/wp\/v2\/tags?post=1098579"}],"curies":[{"name":"wp","href":"https:\/\/api.w.org\/{rel}","templated":true}]}}