{"id":1098397,"date":"2026-01-16T16:07:34","date_gmt":"2026-01-16T16:07:34","guid":{"rendered":"https:\/\/dimensionturistica.com\/es\/?p=1098397"},"modified":"2026-01-16T16:07:34","modified_gmt":"2026-01-16T16:07:34","slug":"con-el-lanzamiento-del-album-de-aap-rocky-rihanna-brinda-consejos-sobre-como-vestirse-para-el-evento-laboral-de-tu-pareja","status":"publish","type":"post","link":"https:\/\/dimensionturistica.com\/es\/con-el-lanzamiento-del-album-de-aap-rocky-rihanna-brinda-consejos-sobre-como-vestirse-para-el-evento-laboral-de-tu-pareja\/","title":{"rendered":"Con el lanzamiento del \u00e1lbum de A$AP Rocky, Rihanna brinda consejos sobre c\u00f3mo vestirse para el evento laboral de tu pareja"},"content":{"rendered":"<h3>Glamour y Creatividad: La Fiesta que Reescribi\u00f3 las Reglas de la Moda<\/h3>\n<p>En una noche que promet\u00eda magia y estilo, el lanzamiento del nuevo \u00e1lbum de un ic\u00f3nico d\u00fao art\u00edstico no solo fue una celebraci\u00f3n musical, sino tambi\u00e9n un desfile de moda que dej\u00f3 huella. La est\u00e9tica audaz y vanguardista de los asistentes subray\u00f3 la importancia del estilo como forma de expresi\u00f3n en el mundo contempor\u00e1neo.<\/p>\n<p><strong>Asap Rocky y Rihanna: la pareja que marca tendencia<\/strong><\/p>\n<p>La uni\u00f3n de Asap Rocky y Rihanna en el escenario no solo resuena en la industria musical, sino tambi\u00e9n en el \u00e1mbito fashionista. Ambos han desarrollado un estilo distintivo que combina lo urbano con lo sofisticado, estableciendo est\u00e1ndares de moda que pocos pueden igualar. Durante la velada, cada elecci\u00f3n de vestuario fue un reflejo de la individualidad y un testimonio de su influencia en la cultura.<\/p>\n<p><strong>Estilos que atrapan miradas<\/strong><\/p>\n<p>La fiesta se transform\u00f3 en una pasarela improvisada, donde los asistentes brillaron con looks impactantes. Los tonos brillantes y las texturas variadas dominaron el ambiente, destacando la versatilidad de las modas urbanas. Con prendas que iban desde los cl\u00e1sicos denim hasta piezas de alta costura, cada outfit contaba una historia de creatividad.<\/p>\n<p>Los detalles no se pasaron por alto: accesorios audaces, calzado \u00fanico y peinados que romp\u00edan esquemas fueron parte del atractivo visual. La presentaci\u00f3n de cada atuendo transgresor mostr\u00f3 c\u00f3mo la moda puede ser un veh\u00edculo de autoexpresi\u00f3n, invitando a todos a explorar su propia est\u00e9tica.<\/p>\n<p><strong>Una noche de innovaci\u00f3n<\/strong><\/p>\n<p>El evento no solo celebr\u00f3 el nuevo trabajo musical, sino tambi\u00e9n la colaboraci\u00f3n entre artistas y dise\u00f1adores. La sinergia entre la m\u00fasica y la moda fue palpable, creando un ambiente el\u00e9ctrico donde la creatividad pod\u00eda florecer. La influencia del hip-hop y la cultura pop se entrelaz\u00f3 con la alta costura, generando un di\u00e1logo visual que reson\u00f3 en todos los rincones de la fiesta.<\/p>\n<p><strong>M\u00e1s all\u00e1 de la ropa: un movimiento cultural<\/strong><\/p>\n<p>La moda presentada en esta velada va m\u00e1s all\u00e1 de la simple vestimenta. Refleja un movimiento cultural que desaf\u00eda las normas establecidas y abraza la diversidad. Los looks audaces y creativos invitan a la audiencia a romper moldes y abrazar su autenticidad, convirtiendo cada elecci\u00f3n de estilo en un acto de valent\u00eda.<\/p>\n<p><strong>La huella de una noche memorable<\/strong><\/p>\n<p>Este evento de lanzamiento se inscribe como un hecho relevante dentro del calendario de la moda contempor\u00e1nea, marcando un hito que asegura un lugar en la memoria colectiva. Las im\u00e1genes de esta fiesta no solo quedar\u00e1n grabadas en redes sociales, sino que tambi\u00e9n influir\u00e1n en las tendencias que se desarrollar\u00e1n en el futuro.<\/p>\n<p>La intersecci\u00f3n entre m\u00fasica y moda contin\u00faa explor\u00e1ndose, y los protagonistas de esta noche son un claro ejemplo de c\u00f3mo la cultura puede servir como catalizador para la innovaci\u00f3n y la autoexpresi\u00f3n. En cada rinc\u00f3n, la creatividad se llev\u00f3 el protagonismo, corriendo el velo de lo convencional y abriendo un camino hacia nuevas posibilidades en el estilo contempor\u00e1neo.<\/p>\n<p><em> &#8221; Fuentes www.vogue.com &#8221; <\/em><\/p>\n","protected":false},"excerpt":{"rendered":"<p>Glamour y Creatividad: La Fiesta que Reescribi\u00f3 las Reglas de la Moda En una noche que promet\u00eda magia y estilo, el lanzamiento del nuevo \u00e1lbum de un ic\u00f3nico d\u00fao art\u00edstico no solo fue una celebraci\u00f3n musical, sino tambi\u00e9n un desfile de moda que dej\u00f3 huella. La est\u00e9tica audaz y vanguardista de los asistentes subray\u00f3 la [&hellip;]<\/p>\n","protected":false},"author":14,"featured_media":1098398,"comment_status":"open","ping_status":"closed","sticky":false,"template":"","format":"standard","meta":{"om_disable_all_campaigns":false,"jnews-multi-image_gallery":[],"jnews_single_post":[],"jnews_primary_category":[],"jnews_social_meta":[],"footnotes":""},"categories":[144872],"tags":[203220,210165,198487,203645,166,263953,165,209169,29097,263954],"class_list":["post-1098397","post","type-post","status-publish","format-standard","has-post-thumbnail","hentry","category-fashion","tag-aap-rocky","tag-album-release","tag-celebrity-style","tag-dressing-tips","tag-fashion","tag-partner-style","tag-red-carpet","tag-relationship-goals","tag-rihanna","tag-work-party"],"_links":{"self":[{"href":"https:\/\/dimensionturistica.com\/es\/wp-json\/wp\/v2\/posts\/1098397","targetHints":{"allow":["GET"]}}],"collection":[{"href":"https:\/\/dimensionturistica.com\/es\/wp-json\/wp\/v2\/posts"}],"about":[{"href":"https:\/\/dimensionturistica.com\/es\/wp-json\/wp\/v2\/types\/post"}],"author":[{"embeddable":true,"href":"https:\/\/dimensionturistica.com\/es\/wp-json\/wp\/v2\/users\/14"}],"replies":[{"embeddable":true,"href":"https:\/\/dimensionturistica.com\/es\/wp-json\/wp\/v2\/comments?post=1098397"}],"version-history":[{"count":1,"href":"https:\/\/dimensionturistica.com\/es\/wp-json\/wp\/v2\/posts\/1098397\/revisions"}],"predecessor-version":[{"id":1098399,"href":"https:\/\/dimensionturistica.com\/es\/wp-json\/wp\/v2\/posts\/1098397\/revisions\/1098399"}],"wp:featuredmedia":[{"embeddable":true,"href":"https:\/\/dimensionturistica.com\/es\/wp-json\/wp\/v2\/media\/1098398"}],"wp:attachment":[{"href":"https:\/\/dimensionturistica.com\/es\/wp-json\/wp\/v2\/media?parent=1098397"}],"wp:term":[{"taxonomy":"category","embeddable":true,"href":"https:\/\/dimensionturistica.com\/es\/wp-json\/wp\/v2\/categories?post=1098397"},{"taxonomy":"post_tag","embeddable":true,"href":"https:\/\/dimensionturistica.com\/es\/wp-json\/wp\/v2\/tags?post=1098397"}],"curies":[{"name":"wp","href":"https:\/\/api.w.org\/{rel}","templated":true}]}}