{"id":1098369,"date":"2026-01-16T15:11:38","date_gmt":"2026-01-16T15:11:38","guid":{"rendered":"https:\/\/dimensionturistica.com\/es\/?p=1098369"},"modified":"2026-01-16T15:11:38","modified_gmt":"2026-01-16T15:11:38","slug":"los-momentos-que-consolidaron-la-presencia-de-omoda-y-jaecoo-en-la-escena-automotriz-global-en-2025","status":"publish","type":"post","link":"https:\/\/dimensionturistica.com\/es\/los-momentos-que-consolidaron-la-presencia-de-omoda-y-jaecoo-en-la-escena-automotriz-global-en-2025\/","title":{"rendered":"Los momentos que consolidaron la presencia de OMODA y JAECOO en la escena automotriz global en 2025"},"content":{"rendered":"\n<figure class=\"wp-block-gallery has-nested-images columns-default is-cropped wp-block-gallery-1 is-layout-flex wp-block-gallery-is-layout-flex\">\n<figure class=\"wp-block-image size-large\"><img decoding=\"async\" width=\"500\" height=\"281\" data-id=\"1098370\" src=\"https:\/\/dimensionturistica.com\/es\/wp-content\/uploads\/2026\/01\/2BICI.jpg\" alt=\"\" class=\"wp-image-1098370\" srcset=\"https:\/\/dimensionturistica.com\/es\/wp-content\/uploads\/2026\/01\/2BICI.jpg 500w, https:\/\/dimensionturistica.com\/es\/wp-content\/uploads\/2026\/01\/2BICI-300x169.jpg 300w\" sizes=\"(max-width: 500px) 100vw, 500px\" \/><\/figure>\n<\/figure>\n\n\n\n<p>En 2025, OMODA y JAECOO protagonizaron uno de los desempe\u00f1os m\u00e1s s\u00f3lidos dentro del panorama automotriz internacional. En menos de tres a\u00f1os, las marcas lograron expandirse a 64 mercados en Asia, Europa, \u00c1frica y Am\u00e9rica Latina, superando de manera acumulada las 800 mil unidades vendidas, lo que la posiciona como una de las marcas automotrices de mayor crecimiento a nivel global.<\/p>\n\n\n\n<p>Europa destac\u00f3 como uno de los principales motores de esta expansi\u00f3n, con incrementos relevantes en participaci\u00f3n de mercado en pa\u00edses clave como Reino Unido e Italia. De forma paralela, el portafolio de nuevas energ\u00edas se consolid\u00f3 como el eje central de crecimiento, impulsado por la tecnolog\u00eda SHS Sistema S\u00faper H\u00edbrido y la expansi\u00f3n de su gama de veh\u00edculos 100% el\u00e9ctricos.<\/p>\n\n\n\n<p>M\u00e1s all\u00e1 del crecimiento comercial, 2025 fue tambi\u00e9n un a\u00f1o de validaci\u00f3n internacional para la marca, respaldada por reconocimientos de medios especializados, instituciones del sector y alianzas estrat\u00e9gicas que ampliaron su visibilidad global.<\/p>\n\n\n\n<p>Reconocimiento global: producto, marca y tecnolog\u00eda en el centro<\/p>\n\n\n\n<p>Durante 2025, OMODA y JAECOO construy\u00f3 una matriz internacional de reconocimientos que trascendi\u00f3 los premios individuales para consolidar una validaci\u00f3n integral de su propuesta de valor.<\/p>\n\n\n\n<figure class=\"wp-block-gallery has-nested-images columns-default is-cropped wp-block-gallery-2 is-layout-flex wp-block-gallery-is-layout-flex\">\n<figure class=\"wp-block-image size-large\"><img decoding=\"async\" width=\"500\" height=\"637\" data-id=\"1098371\" src=\"https:\/\/dimensionturistica.com\/es\/wp-content\/uploads\/2026\/01\/1BICI.jpg\" alt=\"\" class=\"wp-image-1098371\" srcset=\"https:\/\/dimensionturistica.com\/es\/wp-content\/uploads\/2026\/01\/1BICI.jpg 500w, https:\/\/dimensionturistica.com\/es\/wp-content\/uploads\/2026\/01\/1BICI-235x300.jpg 235w\" sizes=\"(max-width: 500px) 100vw, 500px\" \/><\/figure>\n<\/figure>\n\n\n\n<p>En Europa, la marca obtuvo reconocimientos clave en uno de los mercados m\u00e1s exigentes del mundo. En el Reino Unido, JAECOO fue nombrada \u201cBrand of the Year 2026\u201d por Carwow, mientras que modelos como JAECOO 7 y OMODA 5 recibieron distinciones relevantes por su desempe\u00f1o y propuesta de valor. En Espa\u00f1a, la tecnolog\u00eda SHS (Sistema S\u00faper H\u00edbrido) fue reconocida como Tecnolog\u00eda del A\u00f1o por Autobild.<\/p>\n\n\n\n<p>En el Sudeste Asi\u00e1tico, los resultados comerciales se acompa\u00f1aron de reconocimientos de alto perfil: en Tailandia, JAECOO 5 EV fue distinguido como Car of the Year y JAECOO 7 SHS-P como Best PHEV SUV. En Indonesia, JAECOO 8 SHS estableci\u00f3 un R\u00e9cord Guinness al recorrer 1,660 kil\u00f3metros en una prueba de autonom\u00eda en condiciones reales.<\/p>\n\n\n\n<p>En Latinoam\u00e9rica, medios especializados tambi\u00e9n respaldaron el posicionamiento de la marca. En Chile, OMODA C5 y JAECOO 5 fueron nombrados Most Recommended Vehicle of the Year por Autocosmos, mientras que en Brasil, JAECOO 7 SHS fue reconocido como H\u00edbrido Mediano del A\u00f1o.<\/p>\n\n\n\n<p>Este conjunto de reconocimientos en distintas regiones refuerza la aceptaci\u00f3n global de la marca y su capacidad para responder a contextos, necesidades y expectativas diversas.<\/p>\n\n\n\n<p>Presencia en escenarios clave y colaboraciones globales<\/p>\n\n\n\n<p>OMODA y JAECOO tambi\u00e9n fortalecieron su visibilidad a trav\u00e9s de su participaci\u00f3n en algunos de los eventos m\u00e1s relevantes del mundo automotriz y cultural. En IAA Mobility Alemania, la marca present\u00f3 su portafolio de modelos y su matriz tecnol\u00f3gica SHS, destacando sus cuatro pilares: desempe\u00f1o, autonom\u00eda, eficiencia y seguridad.<\/p>\n\n\n\n<p>En el Goodwood Festival of Speed, la marca exhibi\u00f3 modelos clave ante audiencias especializadas, reforzando su posicionamiento dentro de los c\u00edrculos automotrices europeos.<\/p>\n\n\n\n<p>En el \u00e1mbito de la comunicaci\u00f3n y el entretenimiento, la colaboraci\u00f3n con la franquicia global Jurassic World permiti\u00f3 vincular el desempe\u00f1o de sus veh\u00edculos con el esp\u00edritu de exploraci\u00f3n y aventura, ampliando su alcance a audiencias globales. Adem\u00e1s, la marca particip\u00f3 en festivales de m\u00fasica, moda y cultura en mercados como Espa\u00f1a, Brasil, Reino Unido, Italia, Sud\u00e1frica y Vietnam, conectando con p\u00fablicos j\u00f3venes a trav\u00e9s de contenidos alineados con la cultura local.<\/p>\n\n\n\n<p>A\u00f1o que marca el rumbo<\/p>\n\n\n\n<figure class=\"wp-block-gallery has-nested-images columns-default is-cropped wp-block-gallery-3 is-layout-flex wp-block-gallery-is-layout-flex\">\n<figure class=\"wp-block-image size-large\"><img decoding=\"async\" width=\"500\" height=\"622\" data-id=\"1098372\" src=\"https:\/\/dimensionturistica.com\/es\/wp-content\/uploads\/2026\/01\/5BICI.jpg\" alt=\"\" class=\"wp-image-1098372\" srcset=\"https:\/\/dimensionturistica.com\/es\/wp-content\/uploads\/2026\/01\/5BICI.jpg 500w, https:\/\/dimensionturistica.com\/es\/wp-content\/uploads\/2026\/01\/5BICI-241x300.jpg 241w\" sizes=\"(max-width: 500px) 100vw, 500px\" \/><\/figure>\n<\/figure>\n\n\n\n<p>Con una combinaci\u00f3n de crecimiento comercial, reconocimientos internacionales, presencia en eventos estrat\u00e9gicos y una narrativa de marca coherente, OMODA y JAECOO cerraron 2025 como actores consolidados dentro del escenario automotriz global. Cada hito alcanzado durante el a\u00f1o representa un paso firme en su proceso de expansi\u00f3n internacional.<\/p>\n\n\n\n<p>De cara al futuro, la marca continuar\u00e1 fortaleciendo su posicionamiento global y su apuesta por nuevas energ\u00edas, con el objetivo de seguir ampliando su presencia y relevancia en los principales mercados del mundo.<\/p>\n\n\n\n<p>Bajo la visi\u00f3n \u201cCo-Create A Beautiful Life With Young People\u201d, OMODA y JAECOO avanzan hacia una nueva etapa de desarrollo global.<\/p>\n\n\n\n<p>Conoce m\u00e1s de Chirey I OMODA I JAECOO en nuestras cuentas oficiales:<\/p>\n\n\n\n<p>Facebook: CHIREY I&nbsp; OMODA JAECOO<\/p>\n\n\n\n<p>Instagram: CHIREY I OMODA JAECOO<\/p>\n\n\n\n<p>TikTok: CHIREY I OMODA JAECOO<\/p>\n\n\n\n<p>Sitios:www.chirey.mx&nbsp; www.omoda.mx&nbsp; www.jaecoo.mx&nbsp;<\/p>\n","protected":false},"excerpt":{"rendered":"<p>En 2025, OMODA y JAECOO protagonizaron uno de los desempe\u00f1os m\u00e1s s\u00f3lidos dentro del panorama automotriz internacional. En menos de tres a\u00f1os, las marcas lograron expandirse a 64 mercados en Asia, Europa, \u00c1frica y Am\u00e9rica Latina, superando de manera acumulada las 800 mil unidades vendidas, lo que la posiciona como una de las marcas automotrices [&hellip;]<\/p>\n","protected":false},"author":1,"featured_media":0,"comment_status":"open","ping_status":"closed","sticky":false,"template":"","format":"standard","meta":{"om_disable_all_campaigns":false,"jnews-multi-image_gallery":[],"jnews_single_post":[],"jnews_primary_category":[],"jnews_social_meta":[],"footnotes":""},"categories":[40],"tags":[],"class_list":["post-1098369","post","type-post","status-publish","format-standard","hentry","category-industria"],"_links":{"self":[{"href":"https:\/\/dimensionturistica.com\/es\/wp-json\/wp\/v2\/posts\/1098369","targetHints":{"allow":["GET"]}}],"collection":[{"href":"https:\/\/dimensionturistica.com\/es\/wp-json\/wp\/v2\/posts"}],"about":[{"href":"https:\/\/dimensionturistica.com\/es\/wp-json\/wp\/v2\/types\/post"}],"author":[{"embeddable":true,"href":"https:\/\/dimensionturistica.com\/es\/wp-json\/wp\/v2\/users\/1"}],"replies":[{"embeddable":true,"href":"https:\/\/dimensionturistica.com\/es\/wp-json\/wp\/v2\/comments?post=1098369"}],"version-history":[{"count":1,"href":"https:\/\/dimensionturistica.com\/es\/wp-json\/wp\/v2\/posts\/1098369\/revisions"}],"predecessor-version":[{"id":1098373,"href":"https:\/\/dimensionturistica.com\/es\/wp-json\/wp\/v2\/posts\/1098369\/revisions\/1098373"}],"wp:attachment":[{"href":"https:\/\/dimensionturistica.com\/es\/wp-json\/wp\/v2\/media?parent=1098369"}],"wp:term":[{"taxonomy":"category","embeddable":true,"href":"https:\/\/dimensionturistica.com\/es\/wp-json\/wp\/v2\/categories?post=1098369"},{"taxonomy":"post_tag","embeddable":true,"href":"https:\/\/dimensionturistica.com\/es\/wp-json\/wp\/v2\/tags?post=1098369"}],"curies":[{"name":"wp","href":"https:\/\/api.w.org\/{rel}","templated":true}]}}