{"id":1098356,"date":"2026-01-16T14:49:32","date_gmt":"2026-01-16T14:49:32","guid":{"rendered":"https:\/\/dimensionturistica.com\/es\/?p=1098356"},"modified":"2026-01-16T14:49:32","modified_gmt":"2026-01-16T14:49:32","slug":"habitos-conscientes-para-empezar-el-ano-el-poder-del-coaching-en-la-construccion-de-bienestar-y-enfoque","status":"publish","type":"post","link":"https:\/\/dimensionturistica.com\/es\/habitos-conscientes-para-empezar-el-ano-el-poder-del-coaching-en-la-construccion-de-bienestar-y-enfoque\/","title":{"rendered":"H\u00e1bitos conscientes para empezar el a\u00f1o: el poder del coaching en la construcci\u00f3n de bienestar y enfoque"},"content":{"rendered":"\n<figure class=\"wp-block-gallery has-nested-images columns-default is-cropped wp-block-gallery-1 is-layout-flex wp-block-gallery-is-layout-flex\">\n<figure class=\"wp-block-image size-large\"><img decoding=\"async\" width=\"500\" height=\"235\" data-id=\"1098357\" src=\"https:\/\/dimensionturistica.com\/es\/wp-content\/uploads\/2026\/01\/1ESCUE.jpg\" alt=\"\" class=\"wp-image-1098357\" srcset=\"https:\/\/dimensionturistica.com\/es\/wp-content\/uploads\/2026\/01\/1ESCUE.jpg 500w, https:\/\/dimensionturistica.com\/es\/wp-content\/uploads\/2026\/01\/1ESCUE-300x141.jpg 300w\" sizes=\"(max-width: 500px) 100vw, 500px\" \/><\/figure>\n<\/figure>\n\n\n\n<p>&nbsp;El inicio de un nuevo a\u00f1o siempre trae consigo una energ\u00eda particular: una mezcla entre ilusi\u00f3n, renovaci\u00f3n, expectativas y, muchas veces, una presi\u00f3n silenciosa por \u201cvolver con todo\u201d. En lo personal y en lo organizacional, enero despierta desaf\u00edos emocionales y cognitivos que, si no se gestionan de manera consciente, pueden transformarse en tensi\u00f3n, frustraci\u00f3n o desconexi\u00f3n.<\/p>\n\n\n\n<p><strong>Laura P\u00e9rez Saade,<\/strong> coach PCC certificada por la Federaci\u00f3n Internacional del Coaching (ICF por sus siglas en ingl\u00e9s), se\u00f1ala que en su experiencia acompa\u00f1ando a personas, equipos y empresas, ha visto que lo que realmente determina c\u00f3mo se desarrolla un nuevo ciclo no es la fuerza con la que se empieza, sino la calidad de los h\u00e1bitos internos que se cultivan en los primeros d\u00edas. Entendi\u00f3 que el coaching es la respuesta a muchas preguntas, o como se dice en coaching, \u201ca muchos quiebres\u201d.<\/p>\n\n\n\n<p>Asimismo, Laura P\u00e9rez Saade destaca que los h\u00e1bitos conscientes \u2014esos que nacen de la presencia, la claridad y la coherencia\u2014son una herramienta esencial para navegar el estr\u00e9s postvacacional, recuperar el ritmo laboral y sostener la productividad sin sacrificar el bienestar.<\/p>\n\n\n\n<p>A continuaci\u00f3n la coach recomienda los siguientes h\u00e1bitos para iniciar el a\u00f1o y cumplir tus metas:<\/p>\n\n\n\n<p>1. La importancia de un inicio consciente<\/p>\n\n\n\n<p>En las sesiones de coaching, el primer paso siempre es abrir un espacio seguro donde la persona pueda definir con honestidad c\u00f3mo quiere iniciar el a\u00f1o. No desde la exigencia ni la comparaci\u00f3n, sino desde la intenci\u00f3n profunda y el prop\u00f3sito personal. Cuando un objetivo nace de ese lugar, su impacto es completamente diferente: motiva, ordena y sostiene.<\/p>\n\n\n\n<p>2. Microh\u00e1bitos que regulan energ\u00eda y emocionalidad<\/p>\n\n\n\n<figure class=\"wp-block-gallery has-nested-images columns-default is-cropped wp-block-gallery-2 is-layout-flex wp-block-gallery-is-layout-flex\">\n<figure class=\"wp-block-image size-large\"><img decoding=\"async\" width=\"500\" height=\"333\" data-id=\"1098358\" src=\"https:\/\/dimensionturistica.com\/es\/wp-content\/uploads\/2026\/01\/3ESCUE.jpg\" alt=\"\" class=\"wp-image-1098358\" srcset=\"https:\/\/dimensionturistica.com\/es\/wp-content\/uploads\/2026\/01\/3ESCUE.jpg 500w, https:\/\/dimensionturistica.com\/es\/wp-content\/uploads\/2026\/01\/3ESCUE-300x200.jpg 300w\" sizes=\"(max-width: 500px) 100vw, 500px\" \/><figcaption class=\"wp-element-caption\">top view xmas tree toys with notepad on light-dark background color christmas new year<\/figcaption><\/figure>\n<\/figure>\n\n\n\n<p>Una de las pr\u00e1cticas que m\u00e1s se trabaja es la construcci\u00f3n de microh\u00e1bitos de regulaci\u00f3n emocional y energ\u00e9tica. Respiraciones conscientes, anclas de presencia, diarios breves de intenci\u00f3n o pausas de reconexi\u00f3n. Son rituales simples que ayudan a mantener el foco y evitar el desgaste silencioso que suele aparecer en enero.<\/p>\n\n\n\n<p>3. Ritmos laborales m\u00e1s humanos<\/p>\n\n\n\n<p>El coaching tambi\u00e9n acompa\u00f1a a dise\u00f1ar rutinas que honren el bienestar: organizaci\u00f3n con prioridades realistas, l\u00edmites sanos, bloques de concentraci\u00f3n profunda y rituales para cerrar la jornada sin saturaci\u00f3n mental. Cuando los ritmos se vuelven m\u00e1s humanos, la productividad se vuelve m\u00e1s inteligente y sostenible.<\/p>\n\n\n\n<p>4. Mentalidad expansiva: m\u00e1s presencia, menos presi\u00f3n<\/p>\n\n\n\n<p>Gran parte del trabajo que se realiza en el coaching consiste en desactivar creencias limitantes que emergen con fuerza al inicio del a\u00f1o (\u201ctengo que poder con todo\u201d, \u201csi no arranco perfecto, no sirve\u201d). Reemplazarlas por una mentalidad expansiva permite avanzar con m\u00e1s creatividad, calma y claridad interior.<\/p>\n\n\n\n<p>5. Integrar para avanzar<\/p>\n\n\n\n<p>Un h\u00e1bito consciente esencial es la integraci\u00f3n. Antes de mirar hacia adelante, el coaching te ayuda a acompa\u00f1ar a la persona a reconocer lo que funcion\u00f3, lo que no, lo que doli\u00f3 y lo que se aprendi\u00f3. Esta pr\u00e1ctica evita que enero se viva desde la urgencia y permite iniciar el nuevo ciclo desde un lugar de coherencia interna y fortaleza emocional.<\/p>\n\n\n\n<p>En esencia, los h\u00e1bitos conscientes no son acciones externas: son decisiones internas que moldean la realidad que construimos. Desde la mirada cu\u00e1ntica y preventiva del coaching, estos h\u00e1bitos nos invitan a anticiparnos al desgaste emocional, a escucharnos antes de que duela y a elegir desde la autenticidad y no desde la exigencia. Ac\u00e9rcate con un coach certificado de ICF para que este a\u00f1o nuevo empieces bien preparado y logres tus objetivos.<\/p>\n\n\n\n<p>Si quieres ahondar m\u00e1s en este enfoque, la coach Laura P\u00e9rez Saade lo profundiza en su libro Saltando al Vac\u00edo (Editorial Planeta), donde comparte herramientas y reflexiones para iniciar nuevos ciclos desde la presencia, la energ\u00eda y la expansi\u00f3n personal.<\/p>\n","protected":false},"excerpt":{"rendered":"<p>&nbsp;El inicio de un nuevo a\u00f1o siempre trae consigo una energ\u00eda particular: una mezcla entre ilusi\u00f3n, renovaci\u00f3n, expectativas y, muchas veces, una presi\u00f3n silenciosa por \u201cvolver con todo\u201d. En lo personal y en lo organizacional, enero despierta desaf\u00edos emocionales y cognitivos que, si no se gestionan de manera consciente, pueden transformarse en tensi\u00f3n, frustraci\u00f3n o [&hellip;]<\/p>\n","protected":false},"author":1,"featured_media":0,"comment_status":"open","ping_status":"closed","sticky":false,"template":"","format":"standard","meta":{"om_disable_all_campaigns":false,"jnews-multi-image_gallery":[],"jnews_single_post":{"format":"standard"},"jnews_primary_category":[],"jnews_social_meta":[],"footnotes":""},"categories":[40],"tags":[],"class_list":["post-1098356","post","type-post","status-publish","format-standard","hentry","category-industria"],"_links":{"self":[{"href":"https:\/\/dimensionturistica.com\/es\/wp-json\/wp\/v2\/posts\/1098356","targetHints":{"allow":["GET"]}}],"collection":[{"href":"https:\/\/dimensionturistica.com\/es\/wp-json\/wp\/v2\/posts"}],"about":[{"href":"https:\/\/dimensionturistica.com\/es\/wp-json\/wp\/v2\/types\/post"}],"author":[{"embeddable":true,"href":"https:\/\/dimensionturistica.com\/es\/wp-json\/wp\/v2\/users\/1"}],"replies":[{"embeddable":true,"href":"https:\/\/dimensionturistica.com\/es\/wp-json\/wp\/v2\/comments?post=1098356"}],"version-history":[{"count":1,"href":"https:\/\/dimensionturistica.com\/es\/wp-json\/wp\/v2\/posts\/1098356\/revisions"}],"predecessor-version":[{"id":1098359,"href":"https:\/\/dimensionturistica.com\/es\/wp-json\/wp\/v2\/posts\/1098356\/revisions\/1098359"}],"wp:attachment":[{"href":"https:\/\/dimensionturistica.com\/es\/wp-json\/wp\/v2\/media?parent=1098356"}],"wp:term":[{"taxonomy":"category","embeddable":true,"href":"https:\/\/dimensionturistica.com\/es\/wp-json\/wp\/v2\/categories?post=1098356"},{"taxonomy":"post_tag","embeddable":true,"href":"https:\/\/dimensionturistica.com\/es\/wp-json\/wp\/v2\/tags?post=1098356"}],"curies":[{"name":"wp","href":"https:\/\/api.w.org\/{rel}","templated":true}]}}