{"id":1098349,"date":"2026-01-16T14:40:03","date_gmt":"2026-01-16T14:40:03","guid":{"rendered":"https:\/\/dimensionturistica.com\/es\/?p=1098349"},"modified":"2026-01-16T14:40:03","modified_gmt":"2026-01-16T14:40:03","slug":"dhl-express-mexico-nombra-a-jessica-valdez-como-vicepresidenta-comercial-y-de-marketing","status":"publish","type":"post","link":"https:\/\/dimensionturistica.com\/es\/dhl-express-mexico-nombra-a-jessica-valdez-como-vicepresidenta-comercial-y-de-marketing\/","title":{"rendered":"DHL Express M\u00e9xico nombra a Jessica Valdez como Vicepresidenta Comercial y de Marketing"},"content":{"rendered":"\n<figure class=\"wp-block-gallery has-nested-images columns-default is-cropped wp-block-gallery-1 is-layout-flex wp-block-gallery-is-layout-flex\">\n<figure class=\"wp-block-image size-large\"><img decoding=\"async\" width=\"500\" height=\"109\" data-id=\"1098350\" src=\"https:\/\/dimensionturistica.com\/es\/wp-content\/uploads\/2026\/01\/1DHL.jpg\" alt=\"\" class=\"wp-image-1098350\" srcset=\"https:\/\/dimensionturistica.com\/es\/wp-content\/uploads\/2026\/01\/1DHL.jpg 500w, https:\/\/dimensionturistica.com\/es\/wp-content\/uploads\/2026\/01\/1DHL-300x65.jpg 300w\" sizes=\"(max-width: 500px) 100vw, 500px\" \/><\/figure>\n<\/figure>\n\n\n\n<p>DHL Express M\u00e9xico anunci\u00f3 el nombramiento de Jessica Valdez Aguilar como nueva Vicepresidenta Comercial y de Marketing, una designaci\u00f3n que refuerza la estrategia de crecimiento sostenible de la compa\u00f1\u00eda, as\u00ed como su enfoque en la experiencia del cliente y el fortalecimiento de su liderazgo en el mercado mexicano.<\/p>\n\n\n\n<p>Jessica Valdez cuenta con m\u00e1s de 20 a\u00f1os de trayectoria profesional liderando estrategias comerciales, de marketing y log\u00edstica. Es Licenciada en Marketing por la Universidad Tecnol\u00f3gica de M\u00e9xico y Maestra en Administraci\u00f3n por el Instituto Tecnol\u00f3gico y de Estudios Superiores de Monterrey (ITESM). A lo largo de su carrera se ha distinguido por la construcci\u00f3n de equipos de alto desempe\u00f1o, la ejecuci\u00f3n de procesos de transformaci\u00f3n comercial y la obtenci\u00f3n de resultados sostenidos de negocio.<\/p>\n\n\n\n<p>En su nuevo cargo, Valdez Aguilar ser\u00e1 responsable de dirigir la estrategia integral de ventas, as\u00ed como las iniciativas de marketing corporativo y posicionamiento de marca, con un enfoque especial en el crecimiento sostenible, la experiencia del cliente y el impulso al comercio internacional para empresas de todos los segmentos.<\/p>\n\n\n\n<p>Entre sus principales responsabilidades destacan:<\/p>\n\n\n\n<p>Dirigir la estrategia comercial nacional y promover la expansi\u00f3n del portafolio de clientes. Impulsar la experiencia del cliente mediante soluciones de valor.<\/p>\n\n\n\n<p>Alinear los esfuerzos de ventas, retail y marketing para maximizar el crecimiento sostenible y la eficiencia organizacional.<\/p>\n\n\n\n<p>En este sentido, Jessica Valdez expres\u00f3: \u201cMe entusiasma profundamente integrarme a DHL Express, una empresa global con una cultura s\u00f3lida y un fuerte enfoque en el cliente. Mi objetivo es dar continuidad a los buenos resultados alcanzados en el \u00e1rea comercial y seguir desarrollando soluciones de alto valor que acompa\u00f1en el crecimiento de nuestros clientes.\u201d<\/p>\n\n\n\n<figure class=\"wp-block-gallery has-nested-images columns-default is-cropped wp-block-gallery-2 is-layout-flex wp-block-gallery-is-layout-flex\">\n<figure class=\"wp-block-image size-large\"><img decoding=\"async\" width=\"500\" height=\"281\" data-id=\"1098351\" src=\"https:\/\/dimensionturistica.com\/es\/wp-content\/uploads\/2026\/01\/5DHL.jpg\" alt=\"\" class=\"wp-image-1098351\" srcset=\"https:\/\/dimensionturistica.com\/es\/wp-content\/uploads\/2026\/01\/5DHL.jpg 500w, https:\/\/dimensionturistica.com\/es\/wp-content\/uploads\/2026\/01\/5DHL-300x169.jpg 300w\" sizes=\"(max-width: 500px) 100vw, 500px\" \/><\/figure>\n<\/figure>\n\n\n\n<p>Durante m\u00e1s de dos d\u00e9cadas de trayectoria profesional, Valdez se desempe\u00f1\u00f3 previamente en distintos cargos estrat\u00e9gicos dentro de Schneider M\u00e9xico, donde ocup\u00f3 por m\u00e1s de once a\u00f1os la Vicepresidencia de Ventas y Mercadotecnia, liderando la estrategia comercial y el fortalecimiento de relaciones con clientes clave en el mercado transfronterizo M\u00e9xico\u2013Estados Unidos.<\/p>\n\n\n\n<p>Con este nombramiento, Jessica Valdez asume la posici\u00f3n que hasta ahora ocupaba Erika Quezada Alonso, quien ha sido promovida como VP Marketing &amp; Ventas para DHL Express Espa\u00f1a.<\/p>\n\n\n\n<p>Al respecto, Antonio Arranz, CEO de DHL Express M\u00e9xico, destac\u00f3: \u201cQuiero agradecer de manera especial a Erika Quezada por su liderazgo, compromiso y las valiosas contribuciones realizadas durante su gesti\u00f3n en M\u00e9xico, las cuales sin duda le auguran un gran futuro en sus nuevas responsabilidades. Al mismo tiempo, nos complace dar la bienvenida a Jessica Valdez a nuestro equipo directivo. Su experiencia, visi\u00f3n estrat\u00e9gica y capacidad de ejecuci\u00f3n ser\u00e1n clave para dar continuidad al crecimiento del negocio y seguir fortaleciendo nuestra propuesta de valor en el mercado mexicano.\u201d<\/p>\n\n\n\n<p>DHL Express M\u00e9xico reafirma su compromiso con el desarrollo de talento altamente especializado, as\u00ed como con el impulso a la diversidad y la participaci\u00f3n femenina en posiciones de liderazgo dentro del sector log\u00edstico.<\/p>\n","protected":false},"excerpt":{"rendered":"<p>DHL Express M\u00e9xico anunci\u00f3 el nombramiento de Jessica Valdez Aguilar como nueva Vicepresidenta Comercial y de Marketing, una designaci\u00f3n que refuerza la estrategia de crecimiento sostenible de la compa\u00f1\u00eda, as\u00ed como su enfoque en la experiencia del cliente y el fortalecimiento de su liderazgo en el mercado mexicano. Jessica Valdez cuenta con m\u00e1s de 20 [&hellip;]<\/p>\n","protected":false},"author":1,"featured_media":0,"comment_status":"open","ping_status":"closed","sticky":false,"template":"","format":"standard","meta":{"om_disable_all_campaigns":false,"jnews-multi-image_gallery":[],"jnews_single_post":[],"jnews_primary_category":[],"jnews_social_meta":[],"footnotes":""},"categories":[40],"tags":[],"class_list":["post-1098349","post","type-post","status-publish","format-standard","hentry","category-industria"],"_links":{"self":[{"href":"https:\/\/dimensionturistica.com\/es\/wp-json\/wp\/v2\/posts\/1098349","targetHints":{"allow":["GET"]}}],"collection":[{"href":"https:\/\/dimensionturistica.com\/es\/wp-json\/wp\/v2\/posts"}],"about":[{"href":"https:\/\/dimensionturistica.com\/es\/wp-json\/wp\/v2\/types\/post"}],"author":[{"embeddable":true,"href":"https:\/\/dimensionturistica.com\/es\/wp-json\/wp\/v2\/users\/1"}],"replies":[{"embeddable":true,"href":"https:\/\/dimensionturistica.com\/es\/wp-json\/wp\/v2\/comments?post=1098349"}],"version-history":[{"count":1,"href":"https:\/\/dimensionturistica.com\/es\/wp-json\/wp\/v2\/posts\/1098349\/revisions"}],"predecessor-version":[{"id":1098352,"href":"https:\/\/dimensionturistica.com\/es\/wp-json\/wp\/v2\/posts\/1098349\/revisions\/1098352"}],"wp:attachment":[{"href":"https:\/\/dimensionturistica.com\/es\/wp-json\/wp\/v2\/media?parent=1098349"}],"wp:term":[{"taxonomy":"category","embeddable":true,"href":"https:\/\/dimensionturistica.com\/es\/wp-json\/wp\/v2\/categories?post=1098349"},{"taxonomy":"post_tag","embeddable":true,"href":"https:\/\/dimensionturistica.com\/es\/wp-json\/wp\/v2\/tags?post=1098349"}],"curies":[{"name":"wp","href":"https:\/\/api.w.org\/{rel}","templated":true}]}}