{"id":1098295,"date":"2026-01-16T12:11:01","date_gmt":"2026-01-16T12:11:01","guid":{"rendered":"https:\/\/dimensionturistica.com\/es\/?p=1098295"},"modified":"2026-01-16T12:11:01","modified_gmt":"2026-01-16T12:11:01","slug":"la-urbe-donde-experimente-mas-temor-fue-atenas-unos-menores-nos-solicitaron-dinero-y-comenzaron-a-hurgar-en-nuestros-platos-de-comida","status":"publish","type":"post","link":"https:\/\/dimensionturistica.com\/es\/la-urbe-donde-experimente-mas-temor-fue-atenas-unos-menores-nos-solicitaron-dinero-y-comenzaron-a-hurgar-en-nuestros-platos-de-comida\/","title":{"rendered":"La urbe donde experiment\u00e9 m\u00e1s temor fue Atenas; unos menores nos solicitaron dinero y comenzaron a hurgar en nuestros platos de comida."},"content":{"rendered":"<h3>Descubriendo el Miedo: Una Mirada Desde el Coraz\u00f3n de Atenas<\/h3>\n<p>Atenas, cuna de la civilizaci\u00f3n y un destino que atrae a millones de turistas cada a\u00f1o, no solo se parece a un cl\u00e1sico pour la viewer, sino que tambi\u00e9n guarda historias oscurecidas por la sombra del miedo y la violencia. En medio de su rica cultura y su vibrante historia, hay rincones de la ciudad que pueden sorprender incluso al viajero m\u00e1s experimentado. <\/p>\n<p>Paseemos por los barrios m\u00e1s ic\u00f3nicos, donde las antiguas calles empedradas est\u00e1n impregnadas de leyendas pasadas. Este viaje, sin embargo, se torna m\u00e1s inquietante cuando nos enfrentamos a la realidad cotidiana de quienes viven en \u00e1reas con altos \u00edndices de criminalidad y pobreza.<\/p>\n<p>Imaginemos ser turistas en el coraz\u00f3n de la ciudad, admirando la majestuosa Acr\u00f3polis. Sin embargo, al alejarnos de las rutas tur\u00edsticas, nos encontramos con otra cara de Atenas. Las condiciones de vida en determinados barrios oscuros indican que no todos comparten el mismas fortuna. De hecho, algunos visitantes se ven atrapados en situaciones desgarradoras, rodeados de un ambiente hostil donde el miedo se convierte en el compa\u00f1ero de viaje.<\/p>\n<p>Un relato com\u00fan entre quienes viven experiencias intensas en la ciudad es el de enfrentar a ni\u00f1os en las calles, obligados a pedir dinero de manera desesperada. Cuando la pobreza extrema se instala en comunidades, la vulnerabilidad se hace palpable, y la inocencia de la infancia puede ser arrebatada por circunstancias incontrolables. Historias de esos peque\u00f1os, a menudo empujados a la mendicidad, revelan una dura realidad que, aunque inquietante, es crucial reconocer.<\/p>\n<p>Desplazarse por Atenas implica no solo admirar su arquitectura y disfrutar de la gastronom\u00eda local, sino tambi\u00e9n abrir los ojos a situaciones que muchos prefieren ignorar. Mientras caminamos por plazas soleadas, quiz\u00e1s es momento de detenerse y reflexionar sobre las sombras que existen tras la belleza de los monumentos.<\/p>\n<p>El turismo puede ser una fuerza poderosa para el cambio, y en el caso de Atenas, la combinaci\u00f3n de admiraci\u00f3n y preocupaci\u00f3n se puede transformar en acci\u00f3n. Los visitantes est\u00e1n ante la oportunidad de contribuir de maneras significativas, ya sea apoyando iniciativas locales, participando en proyectos de ayuda o simplemente siendo m\u00e1s conscientes de lo que ocurre m\u00e1s all\u00e1 de los atractivos tur\u00edsticos.<\/p>\n<p>En conclusi\u00f3n, Atenas es un destino que, con su mezcla de historia, cultura y realidades dif\u00edciles, invita a los viajeros a vivir experiencias completas e integrales. M\u00e1s all\u00e1 de los templos y museos, el verdadero viaje se encuentra en la conexi\u00f3n con las personas y en la comprensi\u00f3n de sus luchas, haci\u00e9ndonos reflexionar sobre nuestro papel en el mundo. Cabe recordar que cada destino lleva consigo historias que merecen ser contadas, incluso las m\u00e1s inquietantes. As\u00ed, nuestro viaje se convierte en una exploraci\u00f3n no solo de geograf\u00edas, sino tambi\u00e9n de humanidades.<\/p>\n<p><em> &#8221; Fuentes www.lavanguardia.com &#8221; <\/em><\/p>\n","protected":false},"excerpt":{"rendered":"<p>Descubriendo el Miedo: Una Mirada Desde el Coraz\u00f3n de Atenas Atenas, cuna de la civilizaci\u00f3n y un destino que atrae a millones de turistas cada a\u00f1o, no solo se parece a un cl\u00e1sico pour la viewer, sino que tambi\u00e9n guarda historias oscurecidas por la sombra del miedo y la violencia. En medio de su rica [&hellip;]<\/p>\n","protected":false},"author":4,"featured_media":1098296,"comment_status":"open","ping_status":"closed","sticky":false,"template":"","format":"standard","meta":{"om_disable_all_campaigns":false,"jnews-multi-image_gallery":[],"jnews_single_post":[],"jnews_primary_category":[],"jnews_social_meta":[],"footnotes":""},"categories":[39],"tags":[21892,2458,662,8882,3959,1880,11503,5692,16254,681],"class_list":["post-1098295","post","type-post","status-publish","format-standard","has-post-thumbnail","hentry","category-viajes","tag-atenas","tag-comida","tag-cultura","tag-dinero","tag-experiencias","tag-inseguridad","tag-miedo","tag-ninos","tag-relatos","tag-viaje"],"_links":{"self":[{"href":"https:\/\/dimensionturistica.com\/es\/wp-json\/wp\/v2\/posts\/1098295","targetHints":{"allow":["GET"]}}],"collection":[{"href":"https:\/\/dimensionturistica.com\/es\/wp-json\/wp\/v2\/posts"}],"about":[{"href":"https:\/\/dimensionturistica.com\/es\/wp-json\/wp\/v2\/types\/post"}],"author":[{"embeddable":true,"href":"https:\/\/dimensionturistica.com\/es\/wp-json\/wp\/v2\/users\/4"}],"replies":[{"embeddable":true,"href":"https:\/\/dimensionturistica.com\/es\/wp-json\/wp\/v2\/comments?post=1098295"}],"version-history":[{"count":1,"href":"https:\/\/dimensionturistica.com\/es\/wp-json\/wp\/v2\/posts\/1098295\/revisions"}],"predecessor-version":[{"id":1098297,"href":"https:\/\/dimensionturistica.com\/es\/wp-json\/wp\/v2\/posts\/1098295\/revisions\/1098297"}],"wp:featuredmedia":[{"embeddable":true,"href":"https:\/\/dimensionturistica.com\/es\/wp-json\/wp\/v2\/media\/1098296"}],"wp:attachment":[{"href":"https:\/\/dimensionturistica.com\/es\/wp-json\/wp\/v2\/media?parent=1098295"}],"wp:term":[{"taxonomy":"category","embeddable":true,"href":"https:\/\/dimensionturistica.com\/es\/wp-json\/wp\/v2\/categories?post=1098295"},{"taxonomy":"post_tag","embeddable":true,"href":"https:\/\/dimensionturistica.com\/es\/wp-json\/wp\/v2\/tags?post=1098295"}],"curies":[{"name":"wp","href":"https:\/\/api.w.org\/{rel}","templated":true}]}}