{"id":1098081,"date":"2026-01-16T01:37:58","date_gmt":"2026-01-16T01:37:58","guid":{"rendered":"https:\/\/dimensionturistica.com\/es\/?p=1098081"},"modified":"2026-01-16T01:37:58","modified_gmt":"2026-01-16T01:37:58","slug":"harry-styles-revela-su-vuelta-al-mundo-musical-nuevo-album-en-camino","status":"publish","type":"post","link":"https:\/\/dimensionturistica.com\/es\/harry-styles-revela-su-vuelta-al-mundo-musical-nuevo-album-en-camino\/","title":{"rendered":"Harry Styles revela su vuelta al mundo musical (\u00bfnuevo \u00e1lbum en camino?)"},"content":{"rendered":"<p><strong>Harry Styles: Un Regreso Musical que Marcar\u00e1 Tendencia en la Moda<\/strong><\/p>\n<p>La expectativa est\u00e1 en su punto m\u00e1s alto tras el anuncio del regreso de Harry Styles a la m\u00fasica, un hito que no solo promete cambiar la escena musical, sino que tambi\u00e9n tiene un fuerte impacto en el mundo de la moda. Su nuevo \u00e1lbum, titulado &#8220;Kiss All the Time&#8221;, augura un viaje sonoro lleno de sorpresas y, como siempre, acompa\u00f1ado de su inconfundible estilo.<\/p>\n<p>Desde sus inicios en la industria musical, Styles ha demostrado ser un \u00edcono no solo por su voz, sino tambi\u00e9n por su audaz sentido de la moda. Cada aparici\u00f3n p\u00fablica se convierte en un espect\u00e1culo visual, un desfile que ha llevado a innumerables tendencias a la pasarela de la vida cotidiana. Este nuevo proyecto musical, que se lanzar\u00e1 pronto, est\u00e1 generando un frenes\u00ed anticipado entre sus seguidores, quienes esperan ansiosos no solo por la m\u00fasica, sino por el arte visual que siempre lo ha rodeado.<\/p>\n<p>Harry ha sabido reinventarse constantemente, fusionando elementos del rock cl\u00e1sico, el pop contempor\u00e1neo y toques de cultura retro. En su \u00faltimo lanzamiento, promete explorar nuevos sonidos que no solo resonar\u00e1n en las listas de popularidad, sino que tambi\u00e9n inspirar\u00e1n a dise\u00f1adores y fan\u00e1ticos por igual. La combinaci\u00f3n de ritmos frescos y letras introspectivas se convertir\u00e1 seguramente en una fuente de inspiraci\u00f3n para nuevas colecciones de moda, reflejando su \u00fanica perspectiva est\u00e9tica.<\/p>\n<p>A lo largo de su carrera, Harry Styles ha utilizado su plataforma para desafiar estereotipos de g\u00e9nero en la moda. Sus elecciones de vestuario, que van desde trajes con estampados vibrantes hasta prendas en tonos pastel, han generado di\u00e1logos sobre la autodeterminaci\u00f3n estil\u00edstica. Este enfoque audaz y creativo seguramente se ver\u00e1 reflejado en su nuevo \u00e1lbum y, por ende, en el estilo de sus seguidores, quienes probablemente buscar\u00e1n replicar los looks que \u00e9l adopte durante la promoci\u00f3n de su m\u00fasica.<\/p>\n<p>Un evento de lanzamiento dedicado al \u00e1lbum se espera que sea un fest\u00edn visual, un lugar donde el talento musical se entrelace con una est\u00e9tica cautivadora. En ocasiones anteriores, las actuaciones en vivo de Styles han sido acompa\u00f1adas de vestuario espectacular, desde chaquetas brillantes hasta accesorios \u00fanicos que han dejado huella en el \u00e1mbito de la moda. Para este nuevo cap\u00edtulo, se anticipa una evoluci\u00f3n que podr\u00eda establecer nuevos est\u00e1ndares en la forma en que los artistas se presentan ante su audiencia.<\/p>\n<p>Adem\u00e1s, el c\u00edrculo de seguidores de Harry Styles no solo abarca a fan\u00e1ticos de la m\u00fasica; su influencia en la moda atrae a un p\u00fablico diverso que busca autenticidad y originalidad. Este fen\u00f3meno no se limita a la m\u00fasica o la moda, sino que se traduce en una cultura donde la autoexpresi\u00f3n y el estilo se entrelazan de maneras inesperadas. <\/p>\n<p>El lanzamiento de &#8220;Kiss All the Time&#8221; no solo ser\u00e1 un evento musical, sino tambi\u00e9n un momento en el que la moda y la cultura pop se encontrar\u00e1n en un escenario global. Harry Styles promete, una vez m\u00e1s, que su paso por la m\u00fasica ser\u00e1 acompa\u00f1ado de visuales impactantes y un estilo que marcar\u00e1 pautas.<\/p>\n<p>La combinaci\u00f3n de su talento musical y su inconfundible sentido de la moda seguir\u00e1 capturando la atenci\u00f3n del p\u00fablico y reafirmando su estatus como un verdadero \u00edcono contempor\u00e1neo. Con cada nuevo trabajo, Styles nos recuerda que la m\u00fasica y la moda son lenguajes universales, capaces de unir a las personas y expresar lo que a menudo no se puede decir con palabras. <\/p>\n<p>As\u00ed que, prep\u00e1rense para un regreso espectacular, donde la m\u00fasica se fusionar\u00e1 con el estilismo audaz, y donde cada nota de su nuevo \u00e1lbum podr\u00eda ser un reflejo de las tendencias que definan los pr\u00f3ximos a\u00f1os. Harry Styles est\u00e1 de vuelta, y el mundo de la moda y la m\u00fasica se prepara para vivir un cap\u00edtulo emocionante.<\/p>\n<p><em> &#8221; Fuentes www.vogue.mx &#8221; <\/em><\/p>\n","protected":false},"excerpt":{"rendered":"<p>Harry Styles: Un Regreso Musical que Marcar\u00e1 Tendencia en la Moda La expectativa est\u00e1 en su punto m\u00e1s alto tras el anuncio del regreso de Harry Styles a la m\u00fasica, un hito que no solo promete cambiar la escena musical, sino que tambi\u00e9n tiene un fuerte impacto en el mundo de la moda. Su nuevo [&hellip;]<\/p>\n","protected":false},"author":14,"featured_media":1098082,"comment_status":"open","ping_status":"closed","sticky":false,"template":"","format":"standard","meta":{"om_disable_all_campaigns":false,"jnews-multi-image_gallery":[],"jnews_single_post":[],"jnews_primary_category":[],"jnews_social_meta":[],"footnotes":""},"categories":[144872],"tags":[88280,8431,23255,1371,15619,4250,2282,705,24411,4025],"class_list":["post-1098081","post","type-post","status-publish","format-standard","has-post-thumbnail","hentry","category-fashion","tag-album","tag-anuncio","tag-artista","tag-entretenimiento","tag-harry-styles","tag-lanzamientos","tag-musica","tag-noticias","tag-pop","tag-regreso"],"_links":{"self":[{"href":"https:\/\/dimensionturistica.com\/es\/wp-json\/wp\/v2\/posts\/1098081","targetHints":{"allow":["GET"]}}],"collection":[{"href":"https:\/\/dimensionturistica.com\/es\/wp-json\/wp\/v2\/posts"}],"about":[{"href":"https:\/\/dimensionturistica.com\/es\/wp-json\/wp\/v2\/types\/post"}],"author":[{"embeddable":true,"href":"https:\/\/dimensionturistica.com\/es\/wp-json\/wp\/v2\/users\/14"}],"replies":[{"embeddable":true,"href":"https:\/\/dimensionturistica.com\/es\/wp-json\/wp\/v2\/comments?post=1098081"}],"version-history":[{"count":1,"href":"https:\/\/dimensionturistica.com\/es\/wp-json\/wp\/v2\/posts\/1098081\/revisions"}],"predecessor-version":[{"id":1098083,"href":"https:\/\/dimensionturistica.com\/es\/wp-json\/wp\/v2\/posts\/1098081\/revisions\/1098083"}],"wp:featuredmedia":[{"embeddable":true,"href":"https:\/\/dimensionturistica.com\/es\/wp-json\/wp\/v2\/media\/1098082"}],"wp:attachment":[{"href":"https:\/\/dimensionturistica.com\/es\/wp-json\/wp\/v2\/media?parent=1098081"}],"wp:term":[{"taxonomy":"category","embeddable":true,"href":"https:\/\/dimensionturistica.com\/es\/wp-json\/wp\/v2\/categories?post=1098081"},{"taxonomy":"post_tag","embeddable":true,"href":"https:\/\/dimensionturistica.com\/es\/wp-json\/wp\/v2\/tags?post=1098081"}],"curies":[{"name":"wp","href":"https:\/\/api.w.org\/{rel}","templated":true}]}}