{"id":1098064,"date":"2026-01-16T00:34:19","date_gmt":"2026-01-16T00:34:19","guid":{"rendered":"https:\/\/dimensionturistica.com\/es\/?p=1098064"},"modified":"2026-01-16T00:34:19","modified_gmt":"2026-01-16T00:34:19","slug":"el-contorno-del-cabello-la-tendencia-mas-sencilla-de-2026","status":"publish","type":"post","link":"https:\/\/dimensionturistica.com\/es\/el-contorno-del-cabello-la-tendencia-mas-sencilla-de-2026\/","title":{"rendered":"El Contorno del Cabello: La Tendencia M\u00e1s Sencilla de 2026"},"content":{"rendered":"<h3>La Nueva Tendencia en Estilo: El Contouring Capilar<\/h3>\n<p>En el mundo de la moda, donde los l\u00edmites de la creatividad y la autoexpresi\u00f3n se expanden continuamente, surge una t\u00e9cnica innovadora que est\u00e1 revolucionando la forma en que concebimos el peinado: el contouring capilar. Este m\u00e9todo, inspirado en la famosa t\u00e9cnica de maquillaje, promete resaltar la belleza natural del cabello, ofreciendo un enfoque fresco y din\u00e1mico para aquellos que buscan un cambio sutil pero impactante en su apariencia.<\/p>\n<h4>\u00bfQu\u00e9 Es el Contouring Capilar?<\/h4>\n<p>El contouring capilar se basa en la aplicaci\u00f3n estrat\u00e9gica de tonos claros y oscuros para crear dimensi\u00f3n y profundidad en el cabello. Al igual que en el maquillaje, donde se utilizan luces y sombras para definir las facciones, esta t\u00e9cnica utiliza colores que juegan con la luz, contribuyendo a un efecto de resplandor en la melena. En vez de cubrir todo el cabello con un solo color, se emplea una gama de tintes que se adaptan a la textura y tono original, potenciando as\u00ed los rasgos faciales.<\/p>\n<h4>La Ciencia Detr\u00e1s de la T\u00e9cnica<\/h4>\n<p>La clave para un buen contouring capilar radica en comprender c\u00f3mo la luz interact\u00faa con los diferentes colores. Al aplicar tonos m\u00e1s oscuros en las ra\u00edces y matices m\u00e1s claros en las puntas, se logra un efecto de volumen y movimiento, que no s\u00f3lo realza el peinado, sino que tambi\u00e9n da vida al cabello. Esta t\u00e9cnica es ideal para quienes tienen un cabello lacio o sin definici\u00f3n, ya que agrega un dinamismo visual que es dif\u00edcil de conseguir con un solo color.<\/p>\n<h4>\u00bfQui\u00e9n Puede Probarlo?<\/h4>\n<p>Una de las ventajas del contouring capilar es su versatilidad. Tanto si se tiene el cabello lacio, ondulado o rizado, esta t\u00e9cnica puede adaptarse a diferentes estilos y preferencias. Lo m\u00e1s importante es elegir un experto que comprenda las necesidades del cabello y sepa seleccionar los tonos adecuados que resalten la belleza \u00fanica de cada persona.<\/p>\n<h4>Tendencias Colores para Este Oto\u00f1o<\/h4>\n<p>A medida que nos adentramos en la temporada, se presentan paletas de colores emocionantes que se alinean con la l\u00f3gica del contouring capilar. Los tonos c\u00e1lidos, como los cobrizos y dorados, son ideales para crear contrastes suaves, mientras que los tonos fr\u00edos, como los cenizas y los platinados, ofrecen un aire m\u00e1s moderno y elegante. La elecci\u00f3n del color puede variar seg\u00fan la persona, pero lo esencial es seleccionar tonos que realcen el brillo y la luminosidad natural del cabello.<\/p>\n<h4>C\u00f3mo Mantener el Contouring Capilar<\/h4>\n<p>El mantenimiento del cabello contorneado no es una tarea ardua; sin embargo, requiere atenci\u00f3n para que los colores se mantengan vibrantes. Los productos espec\u00edficos para el cuidado del cabello de color, como champ\u00fas sin sulfatos y tratamientos hidratantes, son fundamentales para conservar la salud de la melena y prolongar la duraci\u00f3n del color. Adem\u00e1s, es recomendable realizar retoques cada seis semanas para mantener la frescura del look sin un compromiso de tiempo excesivo.<\/p>\n<h4>Conclusi\u00f3n<\/h4>\n<p>El contouring capilar est\u00e1 aqu\u00ed para quedarse, invitando a todos a jugar con sus looks de una manera audaz y art\u00edstica. Esta t\u00e9cnica no solo transforma, sino que tambi\u00e9n empodera, permitiendo que cada persona exprese su estilo \u00fanico. Atr\u00e9vete a experimentar y descubre c\u00f3mo un cambio sutil puede significar una nueva forma de verte y sentirte. \u00a1Tu cabello puede ser tu mejor accesorio!<\/p>\n<p><em> &#8221; Fuentes www.vogue.com &#8221; <\/em><\/p>\n","protected":false},"excerpt":{"rendered":"<p>La Nueva Tendencia en Estilo: El Contouring Capilar En el mundo de la moda, donde los l\u00edmites de la creatividad y la autoexpresi\u00f3n se expanden continuamente, surge una t\u00e9cnica innovadora que est\u00e1 revolucionando la forma en que concebimos el peinado: el contouring capilar. Este m\u00e9todo, inspirado en la famosa t\u00e9cnica de maquillaje, promete resaltar la [&hellip;]<\/p>\n","protected":false},"author":14,"featured_media":1098065,"comment_status":"open","ping_status":"closed","sticky":false,"template":"","format":"standard","meta":{"om_disable_all_campaigns":false,"jnews-multi-image_gallery":[],"jnews_single_post":[],"jnews_primary_category":[],"jnews_social_meta":[],"footnotes":""},"categories":[144872],"tags":[233245,72867,203877,166,200561,263865,263866,216895,89129],"class_list":["post-1098064","post","type-post","status-publish","format-standard","has-post-thumbnail","hentry","category-fashion","tag-2026-trends","tag-beauty","tag-effortless-style","tag-fashion","tag-hair-color","tag-hair-contouring","tag-hair-design","tag-hair-trend","tag-hairstyle"],"_links":{"self":[{"href":"https:\/\/dimensionturistica.com\/es\/wp-json\/wp\/v2\/posts\/1098064","targetHints":{"allow":["GET"]}}],"collection":[{"href":"https:\/\/dimensionturistica.com\/es\/wp-json\/wp\/v2\/posts"}],"about":[{"href":"https:\/\/dimensionturistica.com\/es\/wp-json\/wp\/v2\/types\/post"}],"author":[{"embeddable":true,"href":"https:\/\/dimensionturistica.com\/es\/wp-json\/wp\/v2\/users\/14"}],"replies":[{"embeddable":true,"href":"https:\/\/dimensionturistica.com\/es\/wp-json\/wp\/v2\/comments?post=1098064"}],"version-history":[{"count":1,"href":"https:\/\/dimensionturistica.com\/es\/wp-json\/wp\/v2\/posts\/1098064\/revisions"}],"predecessor-version":[{"id":1098067,"href":"https:\/\/dimensionturistica.com\/es\/wp-json\/wp\/v2\/posts\/1098064\/revisions\/1098067"}],"wp:featuredmedia":[{"embeddable":true,"href":"https:\/\/dimensionturistica.com\/es\/wp-json\/wp\/v2\/media\/1098065"}],"wp:attachment":[{"href":"https:\/\/dimensionturistica.com\/es\/wp-json\/wp\/v2\/media?parent=1098064"}],"wp:term":[{"taxonomy":"category","embeddable":true,"href":"https:\/\/dimensionturistica.com\/es\/wp-json\/wp\/v2\/categories?post=1098064"},{"taxonomy":"post_tag","embeddable":true,"href":"https:\/\/dimensionturistica.com\/es\/wp-json\/wp\/v2\/tags?post=1098064"}],"curies":[{"name":"wp","href":"https:\/\/api.w.org\/{rel}","templated":true}]}}