{"id":1098006,"date":"2026-01-15T22:04:52","date_gmt":"2026-01-15T22:04:52","guid":{"rendered":"https:\/\/dimensionturistica.com\/es\/?p=1098006"},"modified":"2026-01-15T22:04:52","modified_gmt":"2026-01-15T22:04:52","slug":"explorando-la-interseccion-de-viajes-y-arte-en-zona-maco-2026","status":"publish","type":"post","link":"https:\/\/dimensionturistica.com\/es\/explorando-la-interseccion-de-viajes-y-arte-en-zona-maco-2026\/","title":{"rendered":"Explorando la Intersecci\u00f3n de Viajes y Arte en Zona Maco 2026"},"content":{"rendered":"<h3>La Fusi\u00f3n Perfecta: Viajes, Arte y Comunidad en la Nueva Era<\/h3>\n<p>En la convergencia de la creatividad y el turismo se encuentra una propuesta fascinante que promete transformar la forma en que experimentamos y apreciamos el arte. Imaginemos un espacio donde las fronteras entre viajar, disfrutar del arte y conectar con comunidades locales se difuminan, ofreciendo una experiencia inmersiva y enriquecedora para todos los sentidos.<\/p>\n<p>Esto es exactamente lo que se est\u00e1 gestando en la Zona Maco. Este ic\u00f3nico evento, reconocido por su contribuci\u00f3n al mundo del arte contempor\u00e1neo, va m\u00e1s all\u00e1 de ser solo una exposici\u00f3n. Se est\u00e1 conviertiendo en un laboratorio cultural donde los viajeros pueden adentrarse en el coraz\u00f3n de la creatividad, descubriendo no solo obras maestras, sino tambi\u00e9n las historias y tradiciones que las inspiran.<\/p>\n<h3>Un Viaje que Trasciende Fronteras<\/h3>\n<p>El concepto de viaje ha evolucionado. Hoy, los turistas buscan autenticidad, experiencias que les permitan conectar con el lugar y su gente. En este sentido, la propuesta de integrar viajes y arte ofrece una oportunidad valiosa para sumergirse en la vida cultural de una comunidad. Al participar en talleres, charlas y visitas a estudios de artistas locales, los viajeros se convierten en parte activa de la narrativa cultural, enriqueciendo su propio recorrido y el de quienes les rodean.<\/p>\n<h3>Arte como Pulso de la Comunidad<\/h3>\n<p>El arte tiene el poder de ir m\u00e1s all\u00e1 de lo visual; es una forma de comunicaci\u00f3n que trasciende idiomas y culturas. En este nuevo enfoque, los artistas emergentes y consolidados de la Zona Maco son los anfitriones, guiando a los visitantes a trav\u00e9s de sus procesos creativos. Esto no solo genera un respeto y aprecio por el arte, sino que tambi\u00e9n promueve un sentido de comunidad, donde las historias de vida se entrelazan con la creaci\u00f3n.<\/p>\n<h3>Impacto Positivo<\/h3>\n<p>La apuesta por este modelo incluye un compromiso con la sostenibilidad y la responsabilidad social. El di\u00e1logo entre el arte y la comunidad no solo beneficia a los viajeros, sino que tambi\u00e9n impulsa la econom\u00eda local y contribuye a proyectos sociales que fomentan la educaci\u00f3n y el acceso a las artes para todos. Las interacciones entre visitantes y residentes crean un ecosistema vibrante, donde cada participaci\u00f3n deja una huella positiva.<\/p>\n<h3>Un Llamado a la Aventura<\/h3>\n<p>Este nuevo enfoque en el turismo art\u00edstico invita a los viajeros a encontrarse no solo con la belleza del arte, sino con la esencia misma de lo que significa ser parte de una comunidad. Los itinerarios no son solo gu\u00edas, sino mapas que revelan secretos y experiencias. Participar en este cruce de caminos entre arte y comunidad es una oportunidad \u00fanica para aquellos que buscan m\u00e1s que un mero paseo por una galer\u00eda.<\/p>\n<h3>La Experiencia Inolvidable<\/h3>\n<p>Con una agenda rica en actividades que incluyen exposiciones, mercados de arte, y eventos interactivos, el cruce entre viajes, arte y comunidad en la Zona Maco se perfila como una experiencia inolvidable. Ya sea que se busque la inspiraci\u00f3n creativa, un encuentro aut\u00e9ntico con la cultura local, o simplemente disfrutar de una est\u00e9tica cautivadora, hay algo para cada qui\u00e9n.<\/p>\n<p>Por lo tanto, si est\u00e1s planificando tu pr\u00f3xima aventura, considera un viaje que no solo te lleve a un destino, sino que te invite a ser parte de una historia colaborativa, donde cada nota art\u00edstica resuena con la comunidad, haciendo de tu experiencia un verdadero fest\u00edn para el alma. \u00a1Prep\u00e1rate para explorar un nuevo mundo donde el arte y el viaje se unen de maneras sorprendentes!<\/p>\n<p><em> &#8221; Fuentes mundoejecutivocdmx.com &#8221; <\/em><\/p>\n","protected":false},"excerpt":{"rendered":"<p>La Fusi\u00f3n Perfecta: Viajes, Arte y Comunidad en la Nueva Era En la convergencia de la creatividad y el turismo se encuentra una propuesta fascinante que promete transformar la forma en que experimentamos y apreciamos el arte. Imaginemos un espacio donde las fronteras entre viajar, disfrutar del arte y conectar con comunidades locales se difuminan, [&hellip;]<\/p>\n","protected":false},"author":4,"featured_media":1098007,"comment_status":"open","ping_status":"closed","sticky":false,"template":"","format":"standard","meta":{"om_disable_all_campaigns":false,"jnews-multi-image_gallery":[],"jnews_single_post":[],"jnews_primary_category":[],"jnews_social_meta":[],"footnotes":""},"categories":[39],"tags":[55723,2185,263846,550,263847,226328,263848,545,205932],"class_list":["post-1098006","post","type-post","status-publish","format-standard","has-post-thumbnail","hentry","category-viajes","tag-55723","tag-arte","tag-cruce-cultural","tag-exposiciones","tag-ferias-de-arte","tag-fora","tag-turismo-artistico","tag-viajes","tag-zona-maco"],"_links":{"self":[{"href":"https:\/\/dimensionturistica.com\/es\/wp-json\/wp\/v2\/posts\/1098006","targetHints":{"allow":["GET"]}}],"collection":[{"href":"https:\/\/dimensionturistica.com\/es\/wp-json\/wp\/v2\/posts"}],"about":[{"href":"https:\/\/dimensionturistica.com\/es\/wp-json\/wp\/v2\/types\/post"}],"author":[{"embeddable":true,"href":"https:\/\/dimensionturistica.com\/es\/wp-json\/wp\/v2\/users\/4"}],"replies":[{"embeddable":true,"href":"https:\/\/dimensionturistica.com\/es\/wp-json\/wp\/v2\/comments?post=1098006"}],"version-history":[{"count":1,"href":"https:\/\/dimensionturistica.com\/es\/wp-json\/wp\/v2\/posts\/1098006\/revisions"}],"predecessor-version":[{"id":1098008,"href":"https:\/\/dimensionturistica.com\/es\/wp-json\/wp\/v2\/posts\/1098006\/revisions\/1098008"}],"wp:featuredmedia":[{"embeddable":true,"href":"https:\/\/dimensionturistica.com\/es\/wp-json\/wp\/v2\/media\/1098007"}],"wp:attachment":[{"href":"https:\/\/dimensionturistica.com\/es\/wp-json\/wp\/v2\/media?parent=1098006"}],"wp:term":[{"taxonomy":"category","embeddable":true,"href":"https:\/\/dimensionturistica.com\/es\/wp-json\/wp\/v2\/categories?post=1098006"},{"taxonomy":"post_tag","embeddable":true,"href":"https:\/\/dimensionturistica.com\/es\/wp-json\/wp\/v2\/tags?post=1098006"}],"curies":[{"name":"wp","href":"https:\/\/api.w.org\/{rel}","templated":true}]}}