{"id":1097973,"date":"2026-01-15T21:09:14","date_gmt":"2026-01-15T21:09:14","guid":{"rendered":"https:\/\/dimensionturistica.com\/es\/?p=1097973"},"modified":"2026-01-15T21:09:14","modified_gmt":"2026-01-15T21:09:14","slug":"ceneval-canirac-y-platzi-lanzan-habla-mundial-microcredencial-y-programa-de-capacitacion-de-ingles-par-fortalecer-la-atencion-turistica-rumbo-al-mundial-2026","status":"publish","type":"post","link":"https:\/\/dimensionturistica.com\/es\/ceneval-canirac-y-platzi-lanzan-habla-mundial-microcredencial-y-programa-de-capacitacion-de-ingles-par-fortalecer-la-atencion-turistica-rumbo-al-mundial-2026\/","title":{"rendered":"CENEVAL, CANIRAC y Platzi lanzan \u201cHabla mundial\u201d microcredencial y programa de capacitaci\u00f3n de ingl\u00e9s par fortalecer la atenci\u00f3n tur\u00edstica rumbo al Mundial 2026"},"content":{"rendered":"\n<figure class=\"wp-block-gallery has-nested-images columns-default is-cropped wp-block-gallery-1 is-layout-flex wp-block-gallery-is-layout-flex\">\n<figure class=\"wp-block-image size-large\"><img decoding=\"async\" width=\"500\" height=\"333\" data-id=\"1097974\" src=\"https:\/\/dimensionturistica.com\/es\/wp-content\/uploads\/2026\/01\/9CENEVAL.jpg\" alt=\"\" class=\"wp-image-1097974\" srcset=\"https:\/\/dimensionturistica.com\/es\/wp-content\/uploads\/2026\/01\/9CENEVAL.jpg 500w, https:\/\/dimensionturistica.com\/es\/wp-content\/uploads\/2026\/01\/9CENEVAL-300x200.jpg 300w\" sizes=\"(max-width: 500px) 100vw, 500px\" \/><\/figure>\n<\/figure>\n\n\n\n<p>El Centro Nacional de Evaluaci\u00f3n para la Educaci\u00f3n Superior (CENEVAL) y la C\u00e1mara Nacional de la Industria de Restaurantes y Alimentos Condimentados (CANIRAC) firmaron un convenio de colaboraci\u00f3n para impulsar \u201cHabla mundial\u201d en la industria restaurantera, un programa nacional de formaci\u00f3n en idioma ingl\u00e9s que permite al personal del sector capacitarse y, en su caso, obtener una microcredencial que certifica sus habilidades en el idioma ingl\u00e9s.<\/p>\n\n\n\n<p>El programa se implementa con el apoyo de aliados acad\u00e9micos y tecnol\u00f3gicos, como Platzi, ante la llegada de millones de visitantes internacionales a M\u00e9xico con motivo de la Copa Mundial de la FIFA 2026TM.<\/p>\n\n\n\n<figure class=\"wp-block-gallery has-nested-images columns-default is-cropped wp-block-gallery-2 is-layout-flex wp-block-gallery-is-layout-flex\">\n<figure class=\"wp-block-image size-large\"><img decoding=\"async\" width=\"500\" height=\"375\" data-id=\"1097975\" src=\"https:\/\/dimensionturistica.com\/es\/wp-content\/uploads\/2026\/01\/2CENEVAL.jpg\" alt=\"\" class=\"wp-image-1097975\" srcset=\"https:\/\/dimensionturistica.com\/es\/wp-content\/uploads\/2026\/01\/2CENEVAL.jpg 500w, https:\/\/dimensionturistica.com\/es\/wp-content\/uploads\/2026\/01\/2CENEVAL-300x225.jpg 300w\" sizes=\"(max-width: 500px) 100vw, 500px\" \/><\/figure>\n<\/figure>\n\n\n\n<p>\u201cEn el servicio, el ingl\u00e9s no es un lujo: es una herramienta que da seguridad y abre oportunidades. \u2018Habla mundial\u2019 pone en manos del personal el poder de comunicarse con el mundo y comenzar un camino relevante de crecimiento, con habilidades certificadas y respaldadas por est\u00e1ndares reconocidos\u201d, se\u00f1al\u00f3 la Dra. Carmen Enedina Rodr\u00edguez Armenta, directora general del CENEVAL.<\/p>\n\n\n\n<p>\u201cHabla mundial\u201d certifica habilidades clave para la atenci\u00f3n a visitantes internacionales en ingl\u00e9s, mediante una evaluaci\u00f3n 100% digital y con validez formal.<\/p>\n\n\n\n<p>Para ampliar su alcance, el CENEVAL se ali\u00f3 con Platzi y cre\u00f3 un modelo de microcredencial 360 que integra capacitaci\u00f3n pr\u00e1ctica y certificaci\u00f3n oficial.<\/p>\n\n\n\n<figure class=\"wp-block-gallery has-nested-images columns-default is-cropped wp-block-gallery-3 is-layout-flex wp-block-gallery-is-layout-flex\">\n<figure class=\"wp-block-image size-large\"><img decoding=\"async\" width=\"500\" height=\"332\" data-id=\"1097976\" src=\"https:\/\/dimensionturistica.com\/es\/wp-content\/uploads\/2026\/01\/3CENEVAL.jpg\" alt=\"\" class=\"wp-image-1097976\" srcset=\"https:\/\/dimensionturistica.com\/es\/wp-content\/uploads\/2026\/01\/3CENEVAL.jpg 500w, https:\/\/dimensionturistica.com\/es\/wp-content\/uploads\/2026\/01\/3CENEVAL-300x199.jpg 300w\" sizes=\"(max-width: 500px) 100vw, 500px\" \/><\/figure>\n<\/figure>\n\n\n\n<p>Como apuesta de impacto y responsabilidad social, se lanza a 690 pesos, lo que representa casi 71% menos de su valor regular de 2 mil 370 pesos. El objetivo: que m\u00e1s personal eleve su confianza en el servicio y abra un camino real de desarrollo<\/p>\n\n\n\n<p>profesional.<\/p>\n\n\n\n<p>\u201cEn CANIRAC estamos convencidos de que la capacitaci\u00f3n y la profesionalizaci\u00f3n del capital humano son pilares fundamentales para fortalecer a la industria restaurantera.<\/p>\n\n\n\n<p>\u201cHabla mundial\u201d nos permite ofrecer a nuestros afiliados una herramienta accesible y concreta para preparar a su personal, elevar la calidad del servicio y responder con<\/p>\n\n\n\n<figure class=\"wp-block-gallery has-nested-images columns-default is-cropped wp-block-gallery-4 is-layout-flex wp-block-gallery-is-layout-flex\">\n<figure class=\"wp-block-image size-large\"><img decoding=\"async\" width=\"500\" height=\"375\" data-id=\"1097977\" src=\"https:\/\/dimensionturistica.com\/es\/wp-content\/uploads\/2026\/01\/1CENEVAL.jpg\" alt=\"\" class=\"wp-image-1097977\" srcset=\"https:\/\/dimensionturistica.com\/es\/wp-content\/uploads\/2026\/01\/1CENEVAL.jpg 500w, https:\/\/dimensionturistica.com\/es\/wp-content\/uploads\/2026\/01\/1CENEVAL-300x225.jpg 300w\" sizes=\"(max-width: 500px) 100vw, 500px\" \/><\/figure>\n<\/figure>\n\n\n\n<p>mayor competitividad a un momento clave para el pa\u00eds como lo ser\u00e1 el Mundial 2026,<\/p>\n\n\n\n<p>dejando capacidades que permanecer\u00e1n m\u00e1s all\u00e1 del evento\u201d, afirm\u00f3 Ignacio Alarc\u00f3n Rodr\u00edguez Pacheco, presidente nacional de CANIRAC.<\/p>\n\n\n\n<p>Por su parte, Isabel Prieto, Country Manager de Platzi en M\u00e9xico, la plataforma latinoamericana l\u00edder en educaci\u00f3n profesional en-l\u00ednea, se\u00f1al\u00f3 que: \u201cHoy presentamos una iniciativa concreta y muy oportuna en este a\u00f1o del mundial. El ingl\u00e9s ya no es un \u2018extra\u2019 sino una herramienta directa de competitividad para recibir<\/p>\n\n\n\n<p>a millones de visitantes a nuestro pa\u00eds\u201d. Prieto a\u00f1adi\u00f3 que la microcredencial \u201cHabla mundial\u201d, validada internacionalmente por el CENEVAL, &#8220;ser\u00e1 de impacto masivo, si el sector turismo la hace suya para atender las altas expectativas de servicio tur\u00edstico de calidad\u201d.<\/p>\n\n\n\n<figure class=\"wp-block-gallery has-nested-images columns-default is-cropped wp-block-gallery-5 is-layout-flex wp-block-gallery-is-layout-flex\">\n<figure class=\"wp-block-image size-large\"><img decoding=\"async\" width=\"500\" height=\"333\" data-id=\"1097978\" src=\"https:\/\/dimensionturistica.com\/es\/wp-content\/uploads\/2026\/01\/7CENEVAL.jpg\" alt=\"\" class=\"wp-image-1097978\" srcset=\"https:\/\/dimensionturistica.com\/es\/wp-content\/uploads\/2026\/01\/7CENEVAL.jpg 500w, https:\/\/dimensionturistica.com\/es\/wp-content\/uploads\/2026\/01\/7CENEVAL-300x200.jpg 300w\" sizes=\"(max-width: 500px) 100vw, 500px\" \/><\/figure>\n<\/figure>\n\n\n\n<p>La gran cita futbol\u00edstica ser\u00e1 la m\u00e1s grande de la historia, con 104 partidos y tres pa\u00edses anfitriones. M\u00e9xico albergar\u00e1 13 encuentros y de acuerdo con estimaciones del gobierno federal, podr\u00eda recibir a m\u00e1s de 5.5 millones de turistas internacionales, lo que podr\u00eda generar un impacto econ\u00f3mico aproximado de 3 mil millones de d\u00f3lares.i<\/p>\n\n\n\n<p>De acuerdo con la Organizaci\u00f3n Mundial del Turismo (OMT), alrededor del 30% del<\/p>\n\n\n\n<p>gasto de las y los turistas se destina al consumo de alimentos y bebidasii, lo que posiciona a los restaurantes, por ejemplo, como un punto clave en la experiencia del<\/p>\n\n\n\n<p>viajero, donde la atenci\u00f3n, la comunicaci\u00f3n y el nivel de servicio resultan determinantes para la percepci\u00f3n del destino.<\/p>\n\n\n\n<p>Durante la conferencia de prensa en la que se present\u00f3 el programa \u201cHabla mundial\u201d<\/p>\n\n\n\n<p>y se formaliz\u00f3 el convenio de colaboraci\u00f3n, la capacitaci\u00f3n y profesionalizaci\u00f3n del personal fue se\u00f1alada como una prioridad estrat\u00e9gica para el sector tur\u00edstico.<\/p>\n\n\n\n<p>\u201cLa capacitaci\u00f3n y profesionalizaci\u00f3n permanente del personal que est\u00e1 en contacto<\/p>\n\n\n\n<figure class=\"wp-block-gallery has-nested-images columns-default is-cropped wp-block-gallery-6 is-layout-flex wp-block-gallery-is-layout-flex\">\n<figure class=\"wp-block-image size-large\"><img decoding=\"async\" width=\"500\" height=\"333\" data-id=\"1097979\" src=\"https:\/\/dimensionturistica.com\/es\/wp-content\/uploads\/2026\/01\/6CENEVAL.jpg\" alt=\"\" class=\"wp-image-1097979\" srcset=\"https:\/\/dimensionturistica.com\/es\/wp-content\/uploads\/2026\/01\/6CENEVAL.jpg 500w, https:\/\/dimensionturistica.com\/es\/wp-content\/uploads\/2026\/01\/6CENEVAL-300x200.jpg 300w\" sizes=\"(max-width: 500px) 100vw, 500px\" \/><\/figure>\n<\/figure>\n\n\n\n<p>directo con el turista es una prioridad estrat\u00e9gica para el sector tur\u00edstico. \u201cHabla mundial\u201d refleja c\u00f3mo la colaboraci\u00f3n interinstitucional fortalece las capacidades del capital humano, eleva los est\u00e1ndares de hospitalidad y contribuye a la competitividad de M\u00e9xico rumbo al Mundial 2026\u201d, afirm\u00f3 Antonio Cos\u00edo Pando, presidente del Consejo Nacional Empresarial Tur\u00edstico (CNET).<\/p>\n\n\n\n<p>Esta alianza, con alcance nacional y con \u00e9nfasis en ciudades sede y principales destinos tur\u00edsticos, permite que micro, peque\u00f1os y medianos establecimientos de servicios preparen a su personal de forma \u00e1gil, accesible y con reconocimiento institucional, elevando la calidad del servicio en toda la cadena de atenci\u00f3n al visitante.<\/p>\n\n\n\n<p>Como parte del programa, los establecimientos que certifiquen a su personal podr\u00e1n<\/p>\n\n\n\n<p>contar con un distintivo visible de \u201cHabla mundial\u201d que permitir\u00e1 a los turistas identificar f\u00e1cilmente d\u00f3nde ser\u00e1n atendidos bajo est\u00e1ndares internacionales, favoreciendo la elecci\u00f3n de estos establecimientos y generando mayor confianza.<\/p>\n\n\n\n<p>Con esta iniciativa, CANIRAC y CENEVAL persiguen que la certificaci\u00f3n de habilidades se convierta en un activo estrat\u00e9gico para la industria de la hospitalidad, alineando capacitaci\u00f3n, evaluaci\u00f3n y promoci\u00f3n tur\u00edstica, con beneficios que permanezcan para el sector una vez concluido el Mundial 2026.<\/p>\n\n\n\n<p>M\u00e1s informaci\u00f3n en: https:\/\/hablamundial.ceneval.edu.mx\/<\/p>\n\n\n\n<figure class=\"wp-block-embed is-type-wp-embed is-provider-portal-canirac wp-block-embed-portal-canirac\"><div class=\"wp-block-embed__wrapper\">\n<blockquote class=\"wp-embedded-content\" data-secret=\"bSFbpAhPyS\"><a href=\"https:\/\/portal.canirac.org.mx\/\">Inicio<\/a><\/blockquote><iframe loading=\"lazy\" class=\"wp-embedded-content\" sandbox=\"allow-scripts\" security=\"restricted\" style=\"position: absolute; visibility: hidden;\" title=\"\u00abInicio\u00bb \u2014 Portal CANIRAC\" src=\"https:\/\/portal.canirac.org.mx\/embed\/#?secret=VMB2xFeN8F#?secret=bSFbpAhPyS\" data-secret=\"bSFbpAhPyS\" width=\"500\" height=\"282\" frameborder=\"0\" marginwidth=\"0\" marginheight=\"0\" scrolling=\"no\"><\/iframe>\n<\/div><\/figure>\n\n\n\n<figure class=\"wp-block-embed\"><div class=\"wp-block-embed__wrapper\">\nhttps:\/\/platzi.com\/ceneval\n<\/div><\/figure>\n","protected":false},"excerpt":{"rendered":"<p>El Centro Nacional de Evaluaci\u00f3n para la Educaci\u00f3n Superior (CENEVAL) y la C\u00e1mara Nacional de la Industria de Restaurantes y Alimentos Condimentados (CANIRAC) firmaron un convenio de colaboraci\u00f3n para impulsar \u201cHabla mundial\u201d en la industria restaurantera, un programa nacional de formaci\u00f3n en idioma ingl\u00e9s que permite al personal del sector capacitarse y, en su caso, [&hellip;]<\/p>\n","protected":false},"author":1,"featured_media":0,"comment_status":"open","ping_status":"closed","sticky":false,"template":"","format":"standard","meta":{"om_disable_all_campaigns":false,"jnews-multi-image_gallery":[],"jnews_single_post":{"format":"standard"},"jnews_primary_category":[],"jnews_social_meta":[],"footnotes":""},"categories":[43],"tags":[],"class_list":["post-1097973","post","type-post","status-publish","format-standard","hentry","category-gourmet"],"_links":{"self":[{"href":"https:\/\/dimensionturistica.com\/es\/wp-json\/wp\/v2\/posts\/1097973","targetHints":{"allow":["GET"]}}],"collection":[{"href":"https:\/\/dimensionturistica.com\/es\/wp-json\/wp\/v2\/posts"}],"about":[{"href":"https:\/\/dimensionturistica.com\/es\/wp-json\/wp\/v2\/types\/post"}],"author":[{"embeddable":true,"href":"https:\/\/dimensionturistica.com\/es\/wp-json\/wp\/v2\/users\/1"}],"replies":[{"embeddable":true,"href":"https:\/\/dimensionturistica.com\/es\/wp-json\/wp\/v2\/comments?post=1097973"}],"version-history":[{"count":1,"href":"https:\/\/dimensionturistica.com\/es\/wp-json\/wp\/v2\/posts\/1097973\/revisions"}],"predecessor-version":[{"id":1097980,"href":"https:\/\/dimensionturistica.com\/es\/wp-json\/wp\/v2\/posts\/1097973\/revisions\/1097980"}],"wp:attachment":[{"href":"https:\/\/dimensionturistica.com\/es\/wp-json\/wp\/v2\/media?parent=1097973"}],"wp:term":[{"taxonomy":"category","embeddable":true,"href":"https:\/\/dimensionturistica.com\/es\/wp-json\/wp\/v2\/categories?post=1097973"},{"taxonomy":"post_tag","embeddable":true,"href":"https:\/\/dimensionturistica.com\/es\/wp-json\/wp\/v2\/tags?post=1097973"}],"curies":[{"name":"wp","href":"https:\/\/api.w.org\/{rel}","templated":true}]}}