{"id":1097968,"date":"2026-01-15T21:01:51","date_gmt":"2026-01-15T21:01:51","guid":{"rendered":"https:\/\/dimensionturistica.com\/es\/?p=1097968"},"modified":"2026-01-15T21:01:51","modified_gmt":"2026-01-15T21:01:51","slug":"el-ministro-david-collado-da-inicio-a-su-primera-exposicion-del-ano-en-orlando-florida","status":"publish","type":"post","link":"https:\/\/dimensionturistica.com\/es\/el-ministro-david-collado-da-inicio-a-su-primera-exposicion-del-ano-en-orlando-florida\/","title":{"rendered":"El Ministro David Collado da inicio a su primera exposici\u00f3n del a\u00f1o en Orlando, Florida."},"content":{"rendered":"<h3>Explorando Oportunidades: El Futuro del Turismo en la Rep\u00fablica Dominicana<\/h3>\n<p>El inicio del a\u00f1o siempre trae consigo nuevas oportunidades y ambiciones. En esta ocasi\u00f3n, el Ministro de Turismo de la Rep\u00fablica Dominicana, David Collado, ha dado un paso significativo al abrir el 2023 presentando un ambicioso plan de promoci\u00f3n tur\u00edstica en Orlando, Florida. Este evento no solo marca una recuperaci\u00f3n post-pandemia, sino que tambi\u00e9n establece el tono para un a\u00f1o cargado de desaf\u00edos y expectativas en el sector tur\u00edstico.<\/p>\n<p>La presentaci\u00f3n en la cita de Orlando, un destino emblem\u00e1tico para los turistas estadounidenses, busca reforzar la conexi\u00f3n entre la Rep\u00fablica Dominicana y uno de sus principales mercados emisores. Con una agenda centrada en la sostenibilidad y la innovaci\u00f3n, Collado destac\u00f3 las maravillas que la isla tiene para ofrecer, desde sus playas de ensue\u00f1o y su rica cultura hasta la calidez de su gente. Este enfoque no solo atrae a nuevos visitantes sino que tambi\u00e9n reitera el compromiso de la naci\u00f3n con el desarrollo sostenible.<\/p>\n<p>Adem\u00e1s, el Ministro subray\u00f3 la importancia de diversificar la oferta tur\u00edstica. La Rep\u00fablica Dominicana se ha posicionado hist\u00f3ricamente como un destino de sol y playa, pero el Gobierno est\u00e1 decidido a promocionar tambi\u00e9n actividades de ecoturismo, aventuras de monta\u00f1a y turismo cultural, permitiendo que los viajeros descubran la aut\u00e9ntica esencia del pa\u00eds m\u00e1s all\u00e1 de los resorts. La propuesta incluye iniciativas que buscan proteger el medio ambiente y contribuir al bienestar de las comunidades locales, creando una experiencia enriquecedora tanto para turistas como para residentes.<\/p>\n<p>En un contexto donde la competencia por captar turistas se intensifica, estos esfuerzos son vitales. La recuperaci\u00f3n del sector tur\u00edstico, uno de los pilares de la econom\u00eda dominicana, depende de la percepci\u00f3n que los visitantes tengan del destino. Colaboraciones con aerol\u00edneas y operadores de viajes son tambi\u00e9n parte de la estrategia, fortaleciendo la conectividad y facilitando el acceso de nuevos viajeros a la isla.<\/p>\n<p>Los turistas que elijan la Rep\u00fablica Dominicana en 2023 encontrar\u00e1n no s\u00f3lo un destino atractivo, sino una promesa de experiencias \u00fanicas y memorables. La invitaci\u00f3n a explorar la diversidad cultural, gastron\u00f3mica y natural del pa\u00eds nos recuerda que viajar es una forma de enriquecimiento personal y colectivo.<\/p>\n<p>En conclusi\u00f3n, la presentaci\u00f3n del Ministro David Collado en Orlando no es solo una exposici\u00f3n de propuestas, sino un llamado a la acci\u00f3n. Con una visi\u00f3n clara y una estrategia bien definida, la Rep\u00fablica Dominicana se prepara para no solo recuperar, sino superar los niveles de turismo previos a la pandemia. Este es un momento emocionante para el turismo dominicano y para todos aquellos que desean sumergirse en la belleza y calidez de la isla.<\/p>\n<p><em> &#8221; Sources robertocavada.com &#8221; <\/em><\/p>\n","protected":false},"excerpt":{"rendered":"<p>Explorando Oportunidades: El Futuro del Turismo en la Rep\u00fablica Dominicana El inicio del a\u00f1o siempre trae consigo nuevas oportunidades y ambiciones. En esta ocasi\u00f3n, el Ministro de Turismo de la Rep\u00fablica Dominicana, David Collado, ha dado un paso significativo al abrir el 2023 presentando un ambicioso plan de promoci\u00f3n tur\u00edstica en Orlando, Florida. Este evento [&hellip;]<\/p>\n","protected":false},"author":4,"featured_media":1097971,"comment_status":"open","ping_status":"closed","sticky":false,"template":"","format":"standard","meta":{"om_disable_all_campaigns":false,"jnews-multi-image_gallery":[],"jnews_single_post":[],"jnews_primary_category":[],"jnews_social_meta":[],"footnotes":""},"categories":[40],"tags":[1264,28202,723,2453,7173,2236,1542,546,6801,113387,544],"class_list":["post-1097968","post","type-post","status-publish","format-standard","has-post-thumbnail","hentry","category-industria","tag-ano","tag-david-collado","tag-evento","tag-florida","tag-liderazgo","tag-ministro","tag-orlando","tag-politica","tag-presentacion","tag-rcnoticias","tag-turismo"],"_links":{"self":[{"href":"https:\/\/dimensionturistica.com\/es\/wp-json\/wp\/v2\/posts\/1097968","targetHints":{"allow":["GET"]}}],"collection":[{"href":"https:\/\/dimensionturistica.com\/es\/wp-json\/wp\/v2\/posts"}],"about":[{"href":"https:\/\/dimensionturistica.com\/es\/wp-json\/wp\/v2\/types\/post"}],"author":[{"embeddable":true,"href":"https:\/\/dimensionturistica.com\/es\/wp-json\/wp\/v2\/users\/4"}],"replies":[{"embeddable":true,"href":"https:\/\/dimensionturistica.com\/es\/wp-json\/wp\/v2\/comments?post=1097968"}],"version-history":[{"count":1,"href":"https:\/\/dimensionturistica.com\/es\/wp-json\/wp\/v2\/posts\/1097968\/revisions"}],"predecessor-version":[{"id":1097972,"href":"https:\/\/dimensionturistica.com\/es\/wp-json\/wp\/v2\/posts\/1097968\/revisions\/1097972"}],"wp:featuredmedia":[{"embeddable":true,"href":"https:\/\/dimensionturistica.com\/es\/wp-json\/wp\/v2\/media\/1097971"}],"wp:attachment":[{"href":"https:\/\/dimensionturistica.com\/es\/wp-json\/wp\/v2\/media?parent=1097968"}],"wp:term":[{"taxonomy":"category","embeddable":true,"href":"https:\/\/dimensionturistica.com\/es\/wp-json\/wp\/v2\/categories?post=1097968"},{"taxonomy":"post_tag","embeddable":true,"href":"https:\/\/dimensionturistica.com\/es\/wp-json\/wp\/v2\/tags?post=1097968"}],"curies":[{"name":"wp","href":"https:\/\/api.w.org\/{rel}","templated":true}]}}