{"id":1097947,"date":"2026-01-15T20:38:30","date_gmt":"2026-01-15T20:38:30","guid":{"rendered":"https:\/\/dimensionturistica.com\/es\/?p=1097947"},"modified":"2026-01-15T20:38:30","modified_gmt":"2026-01-15T20:38:30","slug":"cuatro-exposiciones-imprescindibles-en-alemania-para-tu-agenda-cultural","status":"publish","type":"post","link":"https:\/\/dimensionturistica.com\/es\/cuatro-exposiciones-imprescindibles-en-alemania-para-tu-agenda-cultural\/","title":{"rendered":"Cuatro exposiciones imprescindibles en Alemania para tu agenda cultural"},"content":{"rendered":"\n<figure class=\"wp-block-gallery has-nested-images columns-default is-cropped wp-block-gallery-1 is-layout-flex wp-block-gallery-is-layout-flex\">\n<figure class=\"wp-block-image size-large\"><img decoding=\"async\" width=\"500\" height=\"208\" data-id=\"1097948\" src=\"https:\/\/dimensionturistica.com\/es\/wp-content\/uploads\/2026\/01\/1BERLI.jpg\" alt=\"\" class=\"wp-image-1097948\" srcset=\"https:\/\/dimensionturistica.com\/es\/wp-content\/uploads\/2026\/01\/1BERLI.jpg 500w, https:\/\/dimensionturistica.com\/es\/wp-content\/uploads\/2026\/01\/1BERLI-300x125.jpg 300w\" sizes=\"(max-width: 500px) 100vw, 500px\" \/><\/figure>\n<\/figure>\n\n\n\n<p>Frankfurt: vista exterior al Museo St\u00e4del \u00a9 St\u00e4del Museum\/ Wolfgang Stahr<\/p>\n\n\n\n<p>La costa de Monet. El descubrimiento de \u00c9tretat<\/p>\n\n\n\n<p>Museo St\u00e4del, Fr\u00e1ncfort del Meno \u2013 19.03.\u201305.07.2026<\/p>\n\n\n\n<figure class=\"wp-block-gallery has-nested-images columns-default is-cropped wp-block-gallery-2 is-layout-flex wp-block-gallery-is-layout-flex\">\n<figure class=\"wp-block-image size-large\"><img decoding=\"async\" width=\"580\" height=\"280\" data-id=\"1097951\" src=\"https:\/\/dimensionturistica.com\/es\/wp-content\/uploads\/2026\/01\/2BERLIN.jpg\" alt=\"\" class=\"wp-image-1097951\" srcset=\"https:\/\/dimensionturistica.com\/es\/wp-content\/uploads\/2026\/01\/2BERLIN.jpg 580w, https:\/\/dimensionturistica.com\/es\/wp-content\/uploads\/2026\/01\/2BERLIN-300x145.jpg 300w\" sizes=\"(max-width: 580px) 100vw, 580px\" \/><\/figure>\n<\/figure>\n\n\n\n<p>El Museo St\u00e4del de Frankfurt dedica una exposici\u00f3n al mito de \u00c9tretat y muestra c\u00f3mo esa peque\u00f1a localidad costera se convirti\u00f3 en fuente de inspiraci\u00f3n de la modernidad. Cerca de 170 obras \u2014entre ellas 24 pinturas de Claude Monet\u2014 ilustran la importancia que ha tenido ese paisaje de acantilados normando para los impresionistas y sus sucesores. La exposici\u00f3n conecta obras maestras con cuestiones de actualidad que giran en torno a la naturaleza, el cambio y la percepci\u00f3n.<\/p>\n\n\n\n<p>M\u00e1s detalles aqu\u00ed<\/p>\n\n\n\n<p>Hamburgo: visitantes en la Sala de Arte &#8220;Kunsthalle&#8221;<\/p>\n\n\n\n<figure class=\"wp-block-gallery has-nested-images columns-default is-cropped wp-block-gallery-3 is-layout-flex wp-block-gallery-is-layout-flex\">\n<figure class=\"wp-block-image size-large\"><img decoding=\"async\" width=\"580\" height=\"280\" data-id=\"1097952\" src=\"https:\/\/dimensionturistica.com\/es\/wp-content\/uploads\/2026\/01\/3BERLIN.jpg\" alt=\"\" class=\"wp-image-1097952\" srcset=\"https:\/\/dimensionturistica.com\/es\/wp-content\/uploads\/2026\/01\/3BERLIN.jpg 580w, https:\/\/dimensionturistica.com\/es\/wp-content\/uploads\/2026\/01\/3BERLIN-300x145.jpg 300w\" sizes=\"(max-width: 580px) 100vw, 580px\" \/><\/figure>\n<\/figure>\n\n\n\n<p>Hamburgo: visitantes en la Sala de Arte &#8220;Kunsthalle&#8221; \u00a9 Mediaserver Hamburg\/ Christian Brandes<\/p>\n\n\n\n<p>Edvard Munch &amp; Maria Lassnig: el fluir de la pintura = el fluir de la vida<\/p>\n\n\n\n<p>Kunsthalle Hamburgo \u2013 27.03.\u201330.08.2026<\/p>\n\n\n\n<p>El Kunsthalle de Hamburgo re\u00fane por vez primera obras de Edvard Munch y de Maria Lassnig y muestra sorprendentes paralelismos entre ambas personalidades art\u00edsticas. Esta amplia muestra, con cerca de 180 obras, abre nuevas perspectivas sobre la emoci\u00f3n, la percepci\u00f3n corporal y el gusto por la experimentaci\u00f3n pict\u00f3rica. Un di\u00e1logo intensivo entre dos enfoques pioneros de la modernidad.<\/p>\n\n\n\n<p>Descubre m\u00e1s<\/p>\n\n\n\n<p>Berlin: vista a la Antigua Galer\u00eda Nacional<\/p>\n\n\n\n<figure class=\"wp-block-gallery has-nested-images columns-default is-cropped wp-block-gallery-4 is-layout-flex wp-block-gallery-is-layout-flex\">\n<figure class=\"wp-block-image size-large\"><img decoding=\"async\" width=\"500\" height=\"241\" data-id=\"1097954\" src=\"https:\/\/dimensionturistica.com\/es\/wp-content\/uploads\/2026\/01\/4BERLIN.jpg\" alt=\"\" class=\"wp-image-1097954\" srcset=\"https:\/\/dimensionturistica.com\/es\/wp-content\/uploads\/2026\/01\/4BERLIN.jpg 500w, https:\/\/dimensionturistica.com\/es\/wp-content\/uploads\/2026\/01\/4BERLIN-300x145.jpg 300w\" sizes=\"(max-width: 500px) 100vw, 500px\" \/><\/figure>\n<\/figure>\n\n\n\n<p>Berlin: vista a la Antigua Galer\u00eda Nacional \u00a9 Adobe Stock\/ Thiago<\/p>\n\n\n\n<p>Cassirer y la irrupci\u00f3n del impresionismo<\/p>\n\n\n\n<p>Alte Nationalgalerie, Berl\u00edn \u2013 22.05.\u201327.09.2026<\/p>\n\n\n\n<p>La Alte Nationalgalerie &#8211; ubicada en la Isla de los Museos &#8211; reconoce la labor de Paul Cassirer, uno de los marchantes de arte m\u00e1s influyentes de la modernidad. Esta exposici\u00f3n muestra m\u00e1s de 100 obras del impresionismo franc\u00e9s y alem\u00e1n y tambi\u00e9n de los albores de la vanguardia e ilustra de forma patente la decisiva contribuci\u00f3n de Cassirer a la difusi\u00f3n de estas corrientes art\u00edsticas en Alemania. Un cap\u00edtulo central de la historia del arte europeo presentado con una nueva narrativa.<\/p>\n\n\n\n<p>Haz click para ver m\u00e1s<\/p>\n\n\n\n<p>Potsdam: vista al Museo Barberini<\/p>\n\n\n\n<figure class=\"wp-block-gallery has-nested-images columns-default is-cropped wp-block-gallery-5 is-layout-flex wp-block-gallery-is-layout-flex\">\n<figure class=\"wp-block-image size-large\"><img decoding=\"async\" width=\"580\" height=\"280\" data-id=\"1097955\" src=\"https:\/\/dimensionturistica.com\/es\/wp-content\/uploads\/2026\/01\/5BERLIN.jpg\" alt=\"\" class=\"wp-image-1097955\" srcset=\"https:\/\/dimensionturistica.com\/es\/wp-content\/uploads\/2026\/01\/5BERLIN.jpg 580w, https:\/\/dimensionturistica.com\/es\/wp-content\/uploads\/2026\/01\/5BERLIN-300x145.jpg 300w\" sizes=\"(max-width: 580px) 100vw, 580px\" \/><\/figure>\n<\/figure>\n\n\n\n<p>Potsdam: vista al Museo Barberini \u00a9 enecco\/ Francesco Carovillano<\/p>\n\n\n\n<p>Barcelona moderna. De Gaud\u00ed a Picasso<\/p>\n\n\n\n<p>Kunsthalle M\u00fanich \u2013 23.10.2026 \u2013 21.02.2027 |<\/p>\n\n\n\n<p>Museo Barberini Potsdam \u2013 20.03.2027 \u2013 20.06.2027<\/p>\n\n\n\n<p>Esta exposici\u00f3n ilustra por vez primera en Alemania el florecimiento creativo que experiment\u00f3 Barcelona en torno a 1900 y muestra el modernismo catal\u00e1n, un movimiento entre la tradici\u00f3n y la vanguardia. Cerca de 140 obras &#8211; desde Gaud\u00ed y el Picasso joven hasta personalidades art\u00edsticas poco conocidas hasta ahora entre nosotros &#8211; revelan toda la diversidad estil\u00edstica de esa \u00e9poca. Una panor\u00e1mica impresionante de una de las escenas art\u00edsticas m\u00e1s din\u00e1micas de Europa.<\/p>\n\n\n\n<p>Sala de Arte Munich<\/p>\n","protected":false},"excerpt":{"rendered":"<p>Frankfurt: vista exterior al Museo St\u00e4del \u00a9 St\u00e4del Museum\/ Wolfgang Stahr La costa de Monet. El descubrimiento de \u00c9tretat Museo St\u00e4del, Fr\u00e1ncfort del Meno \u2013 19.03.\u201305.07.2026 El Museo St\u00e4del de Frankfurt dedica una exposici\u00f3n al mito de \u00c9tretat y muestra c\u00f3mo esa peque\u00f1a localidad costera se convirti\u00f3 en fuente de inspiraci\u00f3n de la modernidad. Cerca [&hellip;]<\/p>\n","protected":false},"author":1,"featured_media":0,"comment_status":"open","ping_status":"closed","sticky":false,"template":"","format":"standard","meta":{"om_disable_all_campaigns":false,"jnews-multi-image_gallery":[],"jnews_single_post":{"format":"standard"},"jnews_primary_category":[],"jnews_social_meta":[],"footnotes":""},"categories":[39],"tags":[],"class_list":["post-1097947","post","type-post","status-publish","format-standard","hentry","category-viajes"],"_links":{"self":[{"href":"https:\/\/dimensionturistica.com\/es\/wp-json\/wp\/v2\/posts\/1097947","targetHints":{"allow":["GET"]}}],"collection":[{"href":"https:\/\/dimensionturistica.com\/es\/wp-json\/wp\/v2\/posts"}],"about":[{"href":"https:\/\/dimensionturistica.com\/es\/wp-json\/wp\/v2\/types\/post"}],"author":[{"embeddable":true,"href":"https:\/\/dimensionturistica.com\/es\/wp-json\/wp\/v2\/users\/1"}],"replies":[{"embeddable":true,"href":"https:\/\/dimensionturistica.com\/es\/wp-json\/wp\/v2\/comments?post=1097947"}],"version-history":[{"count":1,"href":"https:\/\/dimensionturistica.com\/es\/wp-json\/wp\/v2\/posts\/1097947\/revisions"}],"predecessor-version":[{"id":1097957,"href":"https:\/\/dimensionturistica.com\/es\/wp-json\/wp\/v2\/posts\/1097947\/revisions\/1097957"}],"wp:attachment":[{"href":"https:\/\/dimensionturistica.com\/es\/wp-json\/wp\/v2\/media?parent=1097947"}],"wp:term":[{"taxonomy":"category","embeddable":true,"href":"https:\/\/dimensionturistica.com\/es\/wp-json\/wp\/v2\/categories?post=1097947"},{"taxonomy":"post_tag","embeddable":true,"href":"https:\/\/dimensionturistica.com\/es\/wp-json\/wp\/v2\/tags?post=1097947"}],"curies":[{"name":"wp","href":"https:\/\/api.w.org\/{rel}","templated":true}]}}