{"id":1097880,"date":"2026-01-15T19:24:06","date_gmt":"2026-01-15T19:24:06","guid":{"rendered":"https:\/\/dimensionturistica.com\/es\/?p=1097880"},"modified":"2026-01-15T19:24:06","modified_gmt":"2026-01-15T19:24:06","slug":"la-sociedad-mexicana-de-oftalmologia-colegio-nacional-llama-a-reforzar-la-prevencion-ante-lesiones-oculares-graves","status":"publish","type":"post","link":"https:\/\/dimensionturistica.com\/es\/la-sociedad-mexicana-de-oftalmologia-colegio-nacional-llama-a-reforzar-la-prevencion-ante-lesiones-oculares-graves\/","title":{"rendered":"La Sociedad Mexicana de Oftalmolog\u00eda Colegio Nacional llama a reforzar la prevenci\u00f3n ante lesiones oculares graves"},"content":{"rendered":"\n<figure class=\"wp-block-gallery has-nested-images columns-default is-cropped wp-block-gallery-1 is-layout-flex wp-block-gallery-is-layout-flex\">\n<figure class=\"wp-block-image size-large\"><img decoding=\"async\" width=\"570\" height=\"330\" data-id=\"1097890\" src=\"https:\/\/dimensionturistica.com\/es\/wp-content\/uploads\/2026\/01\/1OJOS-2.jpg\" alt=\"\" class=\"wp-image-1097890\" srcset=\"https:\/\/dimensionturistica.com\/es\/wp-content\/uploads\/2026\/01\/1OJOS-2.jpg 570w, https:\/\/dimensionturistica.com\/es\/wp-content\/uploads\/2026\/01\/1OJOS-2-300x174.jpg 300w\" sizes=\"(max-width: 570px) 100vw, 570px\" \/><\/figure>\n<\/figure>\n\n\n\n<p>En M\u00e9xico, el trauma ocular es una de las principales causas de p\u00e9rdida visual prevenible, y la poblaci\u00f3n infantil representa un grupo especialmente vulnerable. Se estima que hasta el 30 % de las lesiones oculares ocurren en ni\u00f1os y adolescentes, y una proporci\u00f3n importante se origina en entornos escolares o durante actividades recreativas, as\u00ed lo inform\u00f3 el Dr. Jos\u00e9 Antonio Paczka Zapata, Presidente de la Sociedad Mexicana de Oftalmolog\u00eda Colegio Nacional.<\/p>\n\n\n\n<p>\u201cGolpes accidentales, ca\u00eddas, juegos bruscos y el uso de objetos punzocortantes o proyectiles improvisados son factores recurrentes. Lo m\u00e1s alarmante es que muchos de estos accidentes pueden provocar da\u00f1o severo o permanente, incluyendo ceguera, y en la mayor\u00eda de los casos son prevenibles mediante educaci\u00f3n, supervisi\u00f3n adecuada y entornos escolares m\u00e1s seguros\u201d, destac\u00f3 el Dr. Jos\u00e9 Antonio Paczka Zapata, Presidente de la Sociedad Mexicana de Oftalmolog\u00eda Colegio Nacional.<\/p>\n\n\n\n<figure class=\"wp-block-gallery has-nested-images columns-default is-cropped wp-block-gallery-2 is-layout-flex wp-block-gallery-is-layout-flex\">\n<figure class=\"wp-block-image size-large\"><img decoding=\"async\" width=\"500\" height=\"281\" data-id=\"1097893\" src=\"https:\/\/dimensionturistica.com\/es\/wp-content\/uploads\/2026\/01\/2OJOS.jpg\" alt=\"\" class=\"wp-image-1097893\" srcset=\"https:\/\/dimensionturistica.com\/es\/wp-content\/uploads\/2026\/01\/2OJOS.jpg 500w, https:\/\/dimensionturistica.com\/es\/wp-content\/uploads\/2026\/01\/2OJOS-300x169.jpg 300w\" sizes=\"(max-width: 500px) 100vw, 500px\" \/><\/figure>\n<\/figure>\n\n\n\n<p>A\u00f1adi\u00f3 que el regreso a clases este 2026 representa una oportunidad clave para reforzar la cultura de la prevenci\u00f3n y proteger la salud visual de la ni\u00f1ez mexicana al recordar que el trauma ocular se ha consolidado como una de las principales causas de urgencias oftalmol\u00f3gicas y de ceguera unilateral en M\u00e9xico, afectando de manera predominante a hombres en edad productiva, as\u00ed como a ni\u00f1as y ni\u00f1os de entre 2 y 5 a\u00f1os, un grupo especialmente vulnerable debido a accidentes ocurridos en el hogar.<\/p>\n\n\n\n<figure class=\"wp-block-gallery has-nested-images columns-default is-cropped wp-block-gallery-3 is-layout-flex wp-block-gallery-is-layout-flex\">\n<figure class=\"wp-block-image size-large\"><img decoding=\"async\" width=\"500\" height=\"333\" data-id=\"1097900\" src=\"https:\/\/dimensionturistica.com\/es\/wp-content\/uploads\/2026\/01\/6OJOS-1.jpg\" alt=\"\" class=\"wp-image-1097900\" srcset=\"https:\/\/dimensionturistica.com\/es\/wp-content\/uploads\/2026\/01\/6OJOS-1.jpg 500w, https:\/\/dimensionturistica.com\/es\/wp-content\/uploads\/2026\/01\/6OJOS-1-300x200.jpg 300w\" sizes=\"(max-width: 500px) 100vw, 500px\" \/><\/figure>\n<\/figure>\n\n\n\n<p>\u201cEl trauma ocular no solo pone en riesgo la visi\u00f3n, tambi\u00e9n impacta la calidad de vida, la productividad y el entorno familiar. Lo m\u00e1s grave es que hasta el 90 por ciento de estos casos pueden prevenirse con educaci\u00f3n y medidas de protecci\u00f3n adecuadas\u201d coment\u00f3 el Dr. Jos\u00e9 Dalma Weiszhausz, Presidente del Colegio Mexicano de Trauma Oft\u00e1lmico.<\/p>\n\n\n\n<p>Trauma ocular infantil: una causa prevenible de discapacidad visual que exige acci\u00f3n conjunta en M\u00e9xico<\/p>\n\n\n\n<p>\u201cEl trauma ocular infantil se ha consolidado como una de las principales causas de da\u00f1o visual grave y ceguera prevenible en ni\u00f1as, ni\u00f1os y adolescentes en M\u00e9xico, con consecuencias que pueden ser irreversibles si no se atienden de manera inmediata y especializada. Golpes, ca\u00eddas, juegos bruscos, accidentes escolares, actividades deportivas sin protecci\u00f3n y el contacto con objetos punzocortantes o proyectiles improvisados son algunas de las causas m\u00e1s frecuentes de estas lesiones\u201d, se\u00f1al\u00f3 la Dra. Mary Gonz\u00e1lez Suriel, Vicepresidente del Colegio Mexicano de Trauma Oft\u00e1lmico.<\/p>\n\n\n\n<figure class=\"wp-block-gallery has-nested-images columns-default is-cropped wp-block-gallery-4 is-layout-flex wp-block-gallery-is-layout-flex\">\n<figure class=\"wp-block-image size-large\"><img decoding=\"async\" width=\"500\" height=\"281\" data-id=\"1097901\" src=\"https:\/\/dimensionturistica.com\/es\/wp-content\/uploads\/2026\/01\/3OJOS-3.jpg\" alt=\"\" class=\"wp-image-1097901\" srcset=\"https:\/\/dimensionturistica.com\/es\/wp-content\/uploads\/2026\/01\/3OJOS-3.jpg 500w, https:\/\/dimensionturistica.com\/es\/wp-content\/uploads\/2026\/01\/3OJOS-3-300x169.jpg 300w\" sizes=\"(max-width: 500px) 100vw, 500px\" \/><\/figure>\n<\/figure>\n\n\n\n<p>Especialistas advierten que una proporci\u00f3n significativa de los traumatismos oculares ocurre en edad escolar, tanto dentro de los planteles educativos como en espacios recreativos, especialmente durante el regreso a clases, cuando se incrementan las actividades f\u00edsicas y la convivencia cotidiana. \u201cEn muchos casos, un solo accidente es suficiente para comprometer de forma permanente la visi\u00f3n, afectando no solo la salud ocular del menor, sino tambi\u00e9n su desarrollo acad\u00e9mico, emocional y social\u201d.<\/p>\n\n\n\n<p>La Sociedad Mexicana de Oftalmolog\u00eda Colegio Nacional, subraya que la mayor\u00eda de los traumatismos oculares en la infancia son prevenibles, mediante acciones b\u00e1sicas de educaci\u00f3n, supervisi\u00f3n y prevenci\u00f3n. La detecci\u00f3n oportuna y la atenci\u00f3n inmediata por m\u00e9dicos oftalm\u00f3logos certificados son determinantes para reducir el riesgo de secuelas severas.<\/p>\n\n\n\n<p>Recomendaciones clave para prevenir el trauma ocular infantil<\/p>\n\n\n\n<p>\u00b7&nbsp;&nbsp;&nbsp;&nbsp;&nbsp;&nbsp; Entre las principales medidas de prevenci\u00f3n y cuidado, los especialistas recomiendan:<\/p>\n\n\n\n<p>\u00b7&nbsp;&nbsp;&nbsp;&nbsp;&nbsp;&nbsp; Supervisi\u00f3n constante de ni\u00f1as y ni\u00f1os durante el juego y actividades escolares.<\/p>\n\n\n\n<p>\u00b7&nbsp;&nbsp;&nbsp;&nbsp;&nbsp;&nbsp; Evitar el uso de objetos punzocortantes, proyectiles o juguetes no adecuados para la edad.<\/p>\n\n\n\n<p>\u00b7&nbsp;&nbsp;&nbsp;&nbsp;&nbsp;&nbsp; Promover el uso de protecci\u00f3n ocular en actividades deportivas y recreativas de riesgo.<\/p>\n\n\n\n<figure class=\"wp-block-gallery has-nested-images columns-default is-cropped wp-block-gallery-5 is-layout-flex wp-block-gallery-is-layout-flex\">\n<figure class=\"wp-block-image size-large\"><img decoding=\"async\" width=\"500\" height=\"370\" data-id=\"1097899\" src=\"https:\/\/dimensionturistica.com\/es\/wp-content\/uploads\/2026\/01\/7OJOS-1.jpg\" alt=\"\" class=\"wp-image-1097899\" srcset=\"https:\/\/dimensionturistica.com\/es\/wp-content\/uploads\/2026\/01\/7OJOS-1.jpg 500w, https:\/\/dimensionturistica.com\/es\/wp-content\/uploads\/2026\/01\/7OJOS-1-300x222.jpg 300w\" sizes=\"(max-width: 500px) 100vw, 500px\" \/><\/figure>\n<\/figure>\n\n\n\n<p>\u00b7&nbsp;&nbsp;&nbsp;&nbsp;&nbsp;&nbsp; Capacitar a docentes y personal escolar para identificar accidentes oculares y actuar de manera inmediata.<\/p>\n\n\n\n<p>\u00b7&nbsp;&nbsp;&nbsp;&nbsp;&nbsp;&nbsp; No automedicar ni manipular el ojo lesionado ante un accidente; cubrirlo suavemente y acudir de inmediato a urgencias oftalmol\u00f3gicas.<\/p>\n\n\n\n<p>\u00b7&nbsp;&nbsp;&nbsp;&nbsp;&nbsp;&nbsp; Fomentar la educaci\u00f3n preventiva desde el hogar y la escuela, ense\u00f1ando a los menores a cuidar su visi\u00f3n.<\/p>\n\n\n\n<p>Un llamado a la corresponsabilidad en la prevenci\u00f3n<\/p>\n\n\n\n<p>La prevenci\u00f3n del trauma ocular infantil requiere de un esfuerzo coordinado y corresponsable. La Sociedad Mexicana de Oftalmolog\u00eda hace un llamado a las autoridades educativas y de salud, a los padres y madres de familia, a la comunidad educativa y a los m\u00e9dicos especialistas, para trabajar de manera conjunta en la construcci\u00f3n de entornos m\u00e1s seguros, el fortalecimiento de protocolos de atenci\u00f3n y la promoci\u00f3n de una cultura de prevenci\u00f3n visual desde la infancia.<\/p>\n\n\n\n<p>\u201cProteger la visi\u00f3n de la ni\u00f1ez es una inversi\u00f3n en el futuro del pa\u00eds. Cada accidente prevenido es una oportunidad para garantizar una mejor calidad de vida\u201d, coincidieron los especialistas.<\/p>\n\n\n\n<p>Con informaci\u00f3n, prevenci\u00f3n y atenci\u00f3n m\u00e9dica oportuna, es posible reducir de manera significativa el impacto del trauma ocular infantil en M\u00e9xico y proteger el derecho de ni\u00f1as y ni\u00f1os a ver, aprender y desarrollarse plenamente.<\/p>\n\n\n\n<p>Anuncian creaci\u00f3n del Colegio Mexicano de Trauma Oft\u00e1lmico<\/p>\n\n\n\n<figure class=\"wp-block-gallery has-nested-images columns-default is-cropped wp-block-gallery-6 is-layout-flex wp-block-gallery-is-layout-flex\">\n<figure class=\"wp-block-image size-large\"><img decoding=\"async\" width=\"500\" height=\"321\" data-id=\"1097902\" src=\"https:\/\/dimensionturistica.com\/es\/wp-content\/uploads\/2026\/01\/8OJOS.jpg\" alt=\"\" class=\"wp-image-1097902\" srcset=\"https:\/\/dimensionturistica.com\/es\/wp-content\/uploads\/2026\/01\/8OJOS.jpg 500w, https:\/\/dimensionturistica.com\/es\/wp-content\/uploads\/2026\/01\/8OJOS-300x193.jpg 300w\" sizes=\"(max-width: 500px) 100vw, 500px\" \/><\/figure>\n<\/figure>\n\n\n\n<p>\u201cEl trauma ocular es una amenaza real para la visi\u00f3n en M\u00e9xico, pero tambi\u00e9n es una de las lesiones m\u00e1s prevenibles. Educar, proteger y atender a tiempo puede evitar tragedias que cambian la vida de una persona y de su familia\u201d, subray\u00f3 el Dr. Jos\u00e9 Antonio Paczka Zapata, Presidente de la Sociedad Mexicana de Oftalmolog\u00eda Colegio Nacional al anunciar la creaci\u00f3n del Colegio Mexicano de Trauma Oft\u00e1lmico.<\/p>\n\n\n\n<p>Destac\u00f3 que esta iniciativa tiene como objetivo impulsar una estrategia nacional basada en la prevenci\u00f3n, una nueva organizaci\u00f3n m\u00e9dica que buscar\u00e1 fortalecer la atenci\u00f3n inmediata, la capacitaci\u00f3n m\u00e9dica y la educaci\u00f3n a la poblaci\u00f3n, con el respaldo de la Sociedad Mexicana de Oftalmolog\u00eda Colegio Nacional.<\/p>\n\n\n\n<p>Como una menci\u00f3n paralela, adem\u00e1s del trauma ocular infantil, \u201cen M\u00e9xico una proporci\u00f3n importante de lesiones ocurre en adultos en edad productiva por accidentes laborales y dom\u00e9sticos (part\u00edculas, herramientas y maquinaria), as\u00ed como por quemaduras qu\u00edmicas con limpiadores o sustancias industriales, donde el lavado inmediato y la atenci\u00f3n urgente son decisivos; tambi\u00e9n destacan las lesiones relacionadas con violencia y siniestros viales, que pueden causar da\u00f1o severo y discapacidad permanente. En conjunto, el trauma ocular es un problema de salud p\u00fablica con alto impacto en productividad, econom\u00eda familiar y calidad de vida, y gran parte es prevenible mediante equipo de protecci\u00f3n, capacitaci\u00f3n en primeros auxilios, protocolos de seguridad y referencia oportuna, objetivos que refuerza la creaci\u00f3n del Colegio Mexicano de Trauma Oft\u00e1lmico\u201d, concluy\u00f3 el Dr. Jos\u00e9 Dalma Weiszhausz, Presidente de dicho Colegio.<\/p>\n\n\n\n<p>Para saber:<\/p>\n\n\n\n<p>\u00bfA qui\u00e9n afecta el trauma ocular en M\u00e9xico?<\/p>\n\n\n\n<p>El 87 % de los casos en adultos ocurre en hombres, principalmente en edad laboral.<\/p>\n\n\n\n<p>En ni\u00f1os de 2 a 5 a\u00f1os, el trauma ocular es frecuente y suele originarse dentro del hogar, por golpes u objetos punzantes.<\/p>\n\n\n\n<p>Los accidentes dom\u00e9sticos, laborales (por falta de equipo de protecci\u00f3n personal), deportivos y de tr\u00e1nsito, incluyendo ri\u00f1as o asaltos, son las causas m\u00e1s comunes de trauma ocular.<\/p>\n\n\n\n<p>\u201cMuchos pacientes llegan tarde a recibir atenci\u00f3n especializada, cuando el da\u00f1o ya es irreversible. Por eso insistimos en que todo trauma ocular es una emergencia m\u00e9dica\u201d, subray\u00f3 el Presidente de la Sociedad Mexicana de Oftalmolog\u00eda Colegio Nacional Dr. Jos\u00e9 Antonio Paczka Zapata.<\/p>\n\n\n\n<figure class=\"wp-block-embed\"><div class=\"wp-block-embed__wrapper\">\nhttps:\/\/drive.google.com\/drive\/folders\/1P4kU5XQVjX00QkbWDwb8fDyS30QzGE3I?usp=sharing\n<\/div><\/figure>\n","protected":false},"excerpt":{"rendered":"<p>En M\u00e9xico, el trauma ocular es una de las principales causas de p\u00e9rdida visual prevenible, y la poblaci\u00f3n infantil representa un grupo especialmente vulnerable. Se estima que hasta el 30 % de las lesiones oculares ocurren en ni\u00f1os y adolescentes, y una proporci\u00f3n importante se origina en entornos escolares o durante actividades recreativas, as\u00ed lo [&hellip;]<\/p>\n","protected":false},"author":1,"featured_media":0,"comment_status":"open","ping_status":"closed","sticky":false,"template":"","format":"standard","meta":{"om_disable_all_campaigns":false,"jnews-multi-image_gallery":[],"jnews_single_post":[],"jnews_primary_category":[],"jnews_social_meta":[],"footnotes":""},"categories":[40],"tags":[],"class_list":["post-1097880","post","type-post","status-publish","format-standard","hentry","category-industria"],"_links":{"self":[{"href":"https:\/\/dimensionturistica.com\/es\/wp-json\/wp\/v2\/posts\/1097880","targetHints":{"allow":["GET"]}}],"collection":[{"href":"https:\/\/dimensionturistica.com\/es\/wp-json\/wp\/v2\/posts"}],"about":[{"href":"https:\/\/dimensionturistica.com\/es\/wp-json\/wp\/v2\/types\/post"}],"author":[{"embeddable":true,"href":"https:\/\/dimensionturistica.com\/es\/wp-json\/wp\/v2\/users\/1"}],"replies":[{"embeddable":true,"href":"https:\/\/dimensionturistica.com\/es\/wp-json\/wp\/v2\/comments?post=1097880"}],"version-history":[{"count":1,"href":"https:\/\/dimensionturistica.com\/es\/wp-json\/wp\/v2\/posts\/1097880\/revisions"}],"predecessor-version":[{"id":1097903,"href":"https:\/\/dimensionturistica.com\/es\/wp-json\/wp\/v2\/posts\/1097880\/revisions\/1097903"}],"wp:attachment":[{"href":"https:\/\/dimensionturistica.com\/es\/wp-json\/wp\/v2\/media?parent=1097880"}],"wp:term":[{"taxonomy":"category","embeddable":true,"href":"https:\/\/dimensionturistica.com\/es\/wp-json\/wp\/v2\/categories?post=1097880"},{"taxonomy":"post_tag","embeddable":true,"href":"https:\/\/dimensionturistica.com\/es\/wp-json\/wp\/v2\/tags?post=1097880"}],"curies":[{"name":"wp","href":"https:\/\/api.w.org\/{rel}","templated":true}]}}