{"id":1097844,"date":"2026-01-15T18:13:08","date_gmt":"2026-01-15T18:13:08","guid":{"rendered":"https:\/\/dimensionturistica.com\/es\/?p=1097844"},"modified":"2026-01-15T18:13:08","modified_gmt":"2026-01-15T18:13:08","slug":"la-educacion-en-diabetes-y-atencion-multidisciplinaria-son-claves-para-mejorar-la-calidad-de-vida-en-mexico","status":"publish","type":"post","link":"https:\/\/dimensionturistica.com\/es\/la-educacion-en-diabetes-y-atencion-multidisciplinaria-son-claves-para-mejorar-la-calidad-de-vida-en-mexico\/","title":{"rendered":"La Educaci\u00f3n en diabetes y atenci\u00f3n multidisciplinaria son claves para mejorar la calidad de vida en M\u00e9xico"},"content":{"rendered":"\n<figure class=\"wp-block-gallery has-nested-images columns-default is-cropped wp-block-gallery-1 is-layout-flex wp-block-gallery-is-layout-flex\">\n<figure class=\"wp-block-image size-large\"><img decoding=\"async\" width=\"500\" height=\"349\" data-id=\"1097845\" src=\"https:\/\/dimensionturistica.com\/es\/wp-content\/uploads\/2026\/01\/4DIABETIS.jpg\" alt=\"\" class=\"wp-image-1097845\" srcset=\"https:\/\/dimensionturistica.com\/es\/wp-content\/uploads\/2026\/01\/4DIABETIS.jpg 500w, https:\/\/dimensionturistica.com\/es\/wp-content\/uploads\/2026\/01\/4DIABETIS-300x209.jpg 300w\" sizes=\"(max-width: 500px) 100vw, 500px\" \/><\/figure>\n<\/figure>\n\n\n\n<p>Vivir con diabetes implica enfrentar retos que trascienden el manejo de la glucosa. La Federaci\u00f3n Mexicana de Diabetes A.C. (FMD) destaca que la Educaci\u00f3n en diabetes es uno de los factores m\u00e1s determinantes para mejorar la calidad de vida de las personas, prevenir complicaciones y fortalecer el autocuidado a largo plazo.<\/p>\n\n\n\n<p>Contar con informaci\u00f3n clara, accesible y basada en evidencia permite que las personas comprendan su diagn\u00f3stico, participen activamente en su tratamiento y desarrollen habilidades para manejar su condici\u00f3n en el d\u00eda a d\u00eda. En este contexto, la Federaci\u00f3n Mexicana de Diabetes, A.C. ha instruido a aproximadamente 2 mil educadores en diabetes a lo largo de su labor formativa. Si bien en el pa\u00eds participan distintos esfuerzos alineados a los est\u00e1ndares del Consejo Nacional de Educadores en Diabetes (CONED) para la formaci\u00f3n de profesionales en esta \u00e1rea, actualmente no se cuenta con una cifra oficial consolidada sobre el n\u00famero total de Educadores en diabetes en M\u00e9xico.<\/p>\n\n\n\n<p>Tomando como referencia a los educadores formados por la Federaci\u00f3n Mexicana de Diabetes A.C. y considerando que, para 2024, la Federaci\u00f3n Internacional de Diabetes (IDF) estima que alrededor de 13.6 millones de personas viven con diabetes en el pa\u00eds, esta relaci\u00f3n permite dimensionar el reto existente en materia de Educaci\u00f3n en diabetes y la necesidad de ampliar el acceso a acompa\u00f1amiento educativo continuo y especializado para el manejo de la condici\u00f3n.<\/p>\n\n\n\n<figure class=\"wp-block-gallery has-nested-images columns-default is-cropped wp-block-gallery-2 is-layout-flex wp-block-gallery-is-layout-flex\">\n<figure class=\"wp-block-image size-large\"><img decoding=\"async\" width=\"500\" height=\"349\" data-id=\"1097847\" src=\"https:\/\/dimensionturistica.com\/es\/wp-content\/uploads\/2026\/01\/3DIABETIS.jpg\" alt=\"\" class=\"wp-image-1097847\" srcset=\"https:\/\/dimensionturistica.com\/es\/wp-content\/uploads\/2026\/01\/3DIABETIS.jpg 500w, https:\/\/dimensionturistica.com\/es\/wp-content\/uploads\/2026\/01\/3DIABETIS-300x209.jpg 300w\" sizes=\"(max-width: 500px) 100vw, 500px\" \/><\/figure>\n<\/figure>\n\n\n\n<p>La FMD subraya que una atenci\u00f3n efectiva en diabetes no puede recaer en una sola especialidad. El manejo integral requiere la participaci\u00f3n coordinada de un equipo multidisciplinario conformado por m\u00e9dicos, nutri\u00f3logos, psic\u00f3logos y personal de enfermer\u00eda, capaces de atender tanto los aspectos cl\u00ednicos como los emocionales y sociales que influyen en la adherencia al tratamiento.<\/p>\n\n\n\n<p>\u201cCuando una persona vive con diabetes sin educaci\u00f3n adecuada, enfrenta su condici\u00f3n con menos herramientas. La Educaci\u00f3n en diabetes es fundamental para que las personas desarrollen autonom\u00eda, seguridad y una relaci\u00f3n m\u00e1s consciente con su salud\u201d, se\u00f1al\u00f3 Gisela Ayala, directora ejecutiva en la Federaci\u00f3n Mexicana de Diabetes, A.C.<\/p>\n\n\n\n<p>Diversos programas educativos han demostrado que el acompa\u00f1amiento continuo mejora la comprensi\u00f3n de la condici\u00f3n, reduce la incertidumbre y favorece una comunicaci\u00f3n m\u00e1s efectiva entre pacientes y profesionales de la salud. No obstante, estos programas a\u00fan no est\u00e1n disponibles de manera homog\u00e9nea en todos los niveles de atenci\u00f3n, lo que representa un desaf\u00edo persistente.<\/p>\n\n\n\n<p>Desde el enfoque multidisciplinario, el seguimiento cercano permite identificar barreras emocionales, culturales y contextuales que inciden directamente en el manejo de la diabetes. \u201cLa diabetes no se atiende \u00fanicamente con medicamentos. Requiere educaci\u00f3n, acompa\u00f1amiento y un trabajo coordinado entre distintas disciplinas. Sin estos elementos, el tratamiento queda incompleto\u201d, afirm\u00f3 M\u00f3nica Hurtado, Gerente Acad\u00e9mica en la FMD.<\/p>\n\n\n\n<p>La Federaci\u00f3n Mexicana de Diabetes A.C. hace un llamado a fortalecer pol\u00edticas p\u00fablicas, programas institucionales y alianzas estrat\u00e9gicas que prioricen la formaci\u00f3n de Educadores en diabetes y la integraci\u00f3n real de equipos multidisciplinarios. Apostar por la educaci\u00f3n es invertir en una atenci\u00f3n m\u00e1s humana, efectiva y sostenible, colocando a la persona en el centro del cuidado de su salud.<\/p>\n\n\n\n<figure class=\"wp-block-gallery has-nested-images columns-default is-cropped wp-block-gallery-3 is-layout-flex wp-block-gallery-is-layout-flex\">\n<figure class=\"wp-block-image size-large\"><img decoding=\"async\" width=\"500\" height=\"261\" data-id=\"1097848\" src=\"https:\/\/dimensionturistica.com\/es\/wp-content\/uploads\/2026\/01\/1DIABETIS.jpg\" alt=\"\" class=\"wp-image-1097848\" srcset=\"https:\/\/dimensionturistica.com\/es\/wp-content\/uploads\/2026\/01\/1DIABETIS.jpg 500w, https:\/\/dimensionturistica.com\/es\/wp-content\/uploads\/2026\/01\/1DIABETIS-300x157.jpg 300w\" sizes=\"(max-width: 500px) 100vw, 500px\" \/><figcaption class=\"wp-element-caption\">Red Ribbon HIV Awareness Concept World AIDS Day and World Sexual Health Day.<\/figcaption><\/figure>\n<\/figure>\n\n\n\n<p>En este sentido, la FMD recuerda que cuenta con el Diplomado de Formaci\u00f3n de Educadores en diabetes, disponible para profesionales de la salud como una v\u00eda para ampliar el acceso de acompa\u00f1amiento educativo estructurado y de calidad en M\u00e9xico.<\/p>\n","protected":false},"excerpt":{"rendered":"<p>Vivir con diabetes implica enfrentar retos que trascienden el manejo de la glucosa. La Federaci\u00f3n Mexicana de Diabetes A.C. (FMD) destaca que la Educaci\u00f3n en diabetes es uno de los factores m\u00e1s determinantes para mejorar la calidad de vida de las personas, prevenir complicaciones y fortalecer el autocuidado a largo plazo. Contar con informaci\u00f3n clara, [&hellip;]<\/p>\n","protected":false},"author":1,"featured_media":0,"comment_status":"open","ping_status":"closed","sticky":false,"template":"","format":"standard","meta":{"om_disable_all_campaigns":false,"jnews-multi-image_gallery":[],"jnews_single_post":[],"jnews_primary_category":[],"jnews_social_meta":[],"footnotes":""},"categories":[40],"tags":[],"class_list":["post-1097844","post","type-post","status-publish","format-standard","hentry","category-industria"],"_links":{"self":[{"href":"https:\/\/dimensionturistica.com\/es\/wp-json\/wp\/v2\/posts\/1097844","targetHints":{"allow":["GET"]}}],"collection":[{"href":"https:\/\/dimensionturistica.com\/es\/wp-json\/wp\/v2\/posts"}],"about":[{"href":"https:\/\/dimensionturistica.com\/es\/wp-json\/wp\/v2\/types\/post"}],"author":[{"embeddable":true,"href":"https:\/\/dimensionturistica.com\/es\/wp-json\/wp\/v2\/users\/1"}],"replies":[{"embeddable":true,"href":"https:\/\/dimensionturistica.com\/es\/wp-json\/wp\/v2\/comments?post=1097844"}],"version-history":[{"count":1,"href":"https:\/\/dimensionturistica.com\/es\/wp-json\/wp\/v2\/posts\/1097844\/revisions"}],"predecessor-version":[{"id":1097849,"href":"https:\/\/dimensionturistica.com\/es\/wp-json\/wp\/v2\/posts\/1097844\/revisions\/1097849"}],"wp:attachment":[{"href":"https:\/\/dimensionturistica.com\/es\/wp-json\/wp\/v2\/media?parent=1097844"}],"wp:term":[{"taxonomy":"category","embeddable":true,"href":"https:\/\/dimensionturistica.com\/es\/wp-json\/wp\/v2\/categories?post=1097844"},{"taxonomy":"post_tag","embeddable":true,"href":"https:\/\/dimensionturistica.com\/es\/wp-json\/wp\/v2\/tags?post=1097844"}],"curies":[{"name":"wp","href":"https:\/\/api.w.org\/{rel}","templated":true}]}}