{"id":1097811,"date":"2026-01-15T17:06:38","date_gmt":"2026-01-15T17:06:38","guid":{"rendered":"https:\/\/dimensionturistica.com\/es\/?p=1097811"},"modified":"2026-01-15T17:06:38","modified_gmt":"2026-01-15T17:06:38","slug":"la-carrera-circuito-actinver-5k-y-10k-que-busca-apoyar-al-programa-va-por-ti-de-fundacion-grisi-y-futeje-en-su-labor-para-concientizar-sobre-el-cancer-de-pancreas-y-colorrectal","status":"publish","type":"post","link":"https:\/\/dimensionturistica.com\/es\/la-carrera-circuito-actinver-5k-y-10k-que-busca-apoyar-al-programa-va-por-ti-de-fundacion-grisi-y-futeje-en-su-labor-para-concientizar-sobre-el-cancer-de-pancreas-y-colorrectal\/","title":{"rendered":"La carrera Circuito ACTINVER (5k y 10k), que busca apoyar al programa VA POR TI de Fundaci\u00f3n GRISI y FUTEJE en su labor para concientizar sobre el c\u00e1ncer de p\u00e1ncreas y colorrectal."},"content":{"rendered":"\n<figure class=\"wp-block-gallery has-nested-images columns-default is-cropped wp-block-gallery-1 is-layout-flex wp-block-gallery-is-layout-flex\">\n<figure class=\"wp-block-image size-large\"><img decoding=\"async\" width=\"500\" height=\"320\" data-id=\"1097812\" src=\"https:\/\/dimensionturistica.com\/es\/wp-content\/uploads\/2026\/01\/LOGOACTI.jpg\" alt=\"\" class=\"wp-image-1097812\" srcset=\"https:\/\/dimensionturistica.com\/es\/wp-content\/uploads\/2026\/01\/LOGOACTI.jpg 500w, https:\/\/dimensionturistica.com\/es\/wp-content\/uploads\/2026\/01\/LOGOACTI-300x192.jpg 300w\" sizes=\"(max-width: 500px) 100vw, 500px\" \/><\/figure>\n<\/figure>\n\n\n\n<p>Esta actividad familiar con causa, abanderada por Actinver, es un llamado a la solidaridad para fortalecer la prevenci\u00f3n, detecci\u00f3n temprana y lucha contra el c\u00e1ncer colorrectal y de p\u00e1ncreas.<\/p>\n\n\n\n<figure class=\"wp-block-gallery has-nested-images columns-default is-cropped wp-block-gallery-2 is-layout-flex wp-block-gallery-is-layout-flex\">\n<figure class=\"wp-block-image size-large\"><img decoding=\"async\" width=\"500\" height=\"660\" data-id=\"1097813\" src=\"https:\/\/dimensionturistica.com\/es\/wp-content\/uploads\/2026\/01\/5ACTI.jpg\" alt=\"\" class=\"wp-image-1097813\" srcset=\"https:\/\/dimensionturistica.com\/es\/wp-content\/uploads\/2026\/01\/5ACTI.jpg 500w, https:\/\/dimensionturistica.com\/es\/wp-content\/uploads\/2026\/01\/5ACTI-227x300.jpg 227w\" sizes=\"(max-width: 500px) 100vw, 500px\" \/><\/figure>\n<\/figure>\n\n\n\n<p>Con el objetivo de fortalecer la cultura de prevenci\u00f3n y generar apoyo directo a personas que enfrentan c\u00e1ncer colorrectal y de p\u00e1ncreas, Corporaci\u00f3n Actinver present\u00f3 Circuito Actinver 2026, en conjunto con la Fundaci\u00f3n Fomento de Desarrollo Teresa de Jes\u00fas, I.A.P. (FUTEJE) y el programa VAPORTI, Contra el C\u00e1ncer de P\u00e1ncreas, de Fundaci\u00f3n Grisi.<\/p>\n\n\n\n<figure class=\"wp-block-gallery has-nested-images columns-default is-cropped wp-block-gallery-3 is-layout-flex wp-block-gallery-is-layout-flex\">\n<figure class=\"wp-block-image size-large\"><img decoding=\"async\" width=\"500\" height=\"673\" data-id=\"1097815\" src=\"https:\/\/dimensionturistica.com\/es\/wp-content\/uploads\/2026\/01\/6ACTI.jpg\" alt=\"\" class=\"wp-image-1097815\" srcset=\"https:\/\/dimensionturistica.com\/es\/wp-content\/uploads\/2026\/01\/6ACTI.jpg 500w, https:\/\/dimensionturistica.com\/es\/wp-content\/uploads\/2026\/01\/6ACTI-223x300.jpg 223w\" sizes=\"(max-width: 500px) 100vw, 500px\" \/><\/figure>\n<\/figure>\n\n\n\n<p>Bajo el mensaje \u201cpasos que ayudan\u201d, se trata de una actividad familiar con causa que apuesta por la participaci\u00f3n social como herramienta de concientizaci\u00f3n, solidaridad y acompa\u00f1amiento, donde cada inscripci\u00f3n se destinar\u00e1 como donativo para la detecci\u00f3n oportuna y tratamiento tanto del c\u00e1ncer colorrectal como del c\u00e1ncer de p\u00e1ncreas.<\/p>\n\n\n\n<p>En M\u00e9xico, el c\u00e1ncer se mantiene entre las tres principales causas de muerte. Cada a\u00f1o se registran 207,154 nuevos casos, de acuerdo con estimaciones reconocidas por organismos internacionales de salud. El c\u00e1ncer colorrectal se ubica como el tercero m\u00e1s frecuente y el primero en mortalidad, mientras que el c\u00e1ncer de p\u00e1ncreas representa uno de los padecimientos con diagn\u00f3stico m\u00e1s tard\u00edo. Si no se ampl\u00eda la prevenci\u00f3n, la incidencia podr\u00eda aumentar hasta 65% hacia 2040. De acuerdo con informaci\u00f3n de la Asociaci\u00f3n Mexicana de Lucha contra el C\u00e1ncer A.C., la incidencia del c\u00e1ncer colorrectal ha aumentado un 30% en la \u00faltima d\u00e9cada debido, principalmente a cambios diet\u00e9ticos.<\/p>\n\n\n\n<figure class=\"wp-block-gallery has-nested-images columns-default is-cropped wp-block-gallery-4 is-layout-flex wp-block-gallery-is-layout-flex\">\n<figure class=\"wp-block-image size-large\"><img decoding=\"async\" width=\"500\" height=\"537\" data-id=\"1097816\" src=\"https:\/\/dimensionturistica.com\/es\/wp-content\/uploads\/2026\/01\/7ACTI.jpg\" alt=\"\" class=\"wp-image-1097816\" srcset=\"https:\/\/dimensionturistica.com\/es\/wp-content\/uploads\/2026\/01\/7ACTI.jpg 500w, https:\/\/dimensionturistica.com\/es\/wp-content\/uploads\/2026\/01\/7ACTI-279x300.jpg 279w\" sizes=\"(max-width: 500px) 100vw, 500px\" \/><\/figure>\n<\/figure>\n\n\n\n<p>Por su parte, el c\u00e1ncer de p\u00e1ncreas, debido a su diagn\u00f3stico tard\u00edo, tiene una tasa de supervivencia menor al 10% en los primeros cinco a\u00f1os posteriores al diagn\u00f3stico y tratamiento.<\/p>\n\n\n\n<p>Durante la presentaci\u00f3n del evento, Luis Hern\u00e1ndez Rangel, CEO de Corporaci\u00f3n Actinver, subray\u00f3 que la iniciativa refleja una visi\u00f3n integral de responsabilidad social:<\/p>\n\n\n\n<figure class=\"wp-block-gallery has-nested-images columns-default is-cropped wp-block-gallery-5 is-layout-flex wp-block-gallery-is-layout-flex\">\n<figure class=\"wp-block-image size-large\"><img decoding=\"async\" width=\"405\" height=\"225\" data-id=\"1097819\" src=\"https:\/\/dimensionturistica.com\/es\/wp-content\/uploads\/2026\/01\/2ACTI.jpg\" alt=\"\" class=\"wp-image-1097819\" srcset=\"https:\/\/dimensionturistica.com\/es\/wp-content\/uploads\/2026\/01\/2ACTI.jpg 405w, https:\/\/dimensionturistica.com\/es\/wp-content\/uploads\/2026\/01\/2ACTI-300x167.jpg 300w\" sizes=\"(max-width: 405px) 100vw, 405px\" \/><figcaption class=\"wp-element-caption\">ai<\/figcaption><\/figure>\n<\/figure>\n\n\n\n<p>\u201cCircuito Actinver 2026 representa nuestra convicci\u00f3n de que la participaci\u00f3n social puede generar cambios reales. A trav\u00e9s de esta iniciativa buscamos contribuir a la prevenci\u00f3n, apoyar a quienes han sido diagnosticados con estas enfermedades y sumar esfuerzos con organizaciones que trabajan todos los d\u00edas por la salud de las personas en M\u00e9xico; sin duda alguna, el cuidado de la salud es una inversi\u00f3n fundamental\u201d, se\u00f1al\u00f3.<\/p>\n\n\n\n<p>Por su parte, Fernanda Pastrana, directora del programa VAPORTI, Contra el C\u00e1ncer de P\u00e1ncreas, de Fundaci\u00f3n Grisi, destac\u00f3 la importancia de visibilizar un padecimiento que suele detectarse en etapas avanzadas:<\/p>\n\n\n\n<p>\u201cEl c\u00e1ncer de p\u00e1ncreas requiere mayor conciencia y detecci\u00f3n oportuna. Iniciativas como Circuito Actinver ayudan a llevar informaci\u00f3n, acompa\u00f1amiento y esperanza a pacientes y familias que muchas veces enfrentan este diagn\u00f3stico en soledad\u201d, afirm\u00f3.<\/p>\n\n\n\n<figure class=\"wp-block-gallery has-nested-images columns-default is-cropped wp-block-gallery-6 is-layout-flex wp-block-gallery-is-layout-flex\">\n<figure class=\"wp-block-image size-large\"><img decoding=\"async\" width=\"396\" height=\"225\" data-id=\"1097820\" src=\"https:\/\/dimensionturistica.com\/es\/wp-content\/uploads\/2026\/01\/1ACTI.jpg\" alt=\"\" class=\"wp-image-1097820\" srcset=\"https:\/\/dimensionturistica.com\/es\/wp-content\/uploads\/2026\/01\/1ACTI.jpg 396w, https:\/\/dimensionturistica.com\/es\/wp-content\/uploads\/2026\/01\/1ACTI-300x170.jpg 300w\" sizes=\"(max-width: 396px) 100vw, 396px\" \/><figcaption class=\"wp-element-caption\">ai<\/figcaption><\/figure>\n<\/figure>\n\n\n\n<p>En tanto, Francisco Freyr\u00eda, director general de Fundaci\u00f3n FUTEJE, resalt\u00f3 el impacto directo que tiene la prevenci\u00f3n en la atenci\u00f3n del c\u00e1ncer colorrectal:<\/p>\n\n\n\n<p>\u201cLa detecci\u00f3n temprana salva vidas. Este tipo de esfuerzos no solo apoyan a los pacientes, tambi\u00e9n ayudan a cambiar la forma en que la sociedad entiende y enfrenta el c\u00e1ncer. Esta es una enfermedad que afecta a todo el n\u00facleo familiar y requiere de un tratamiento integral, m\u00e1s all\u00e1 del solo padecimiento\u201d.<\/p>\n\n\n\n<p>El evento se llevar\u00e1 a cabo el 15 de febrero de 2026 en el Hip\u00f3dromo de las Am\u00e9ricas, cuya actividad principal ser\u00e1n las carreras con distancias de 5 y 10 kil\u00f3metros. Se espera reunir a m\u00e1s de 4,000 corredores y cerca de 8,000 asistentes. Lo recaudado con este esfuerzo colectivo se destinar\u00e1 como donativo directo a Fundaci\u00f3n FUTEJE y al programa VAPORTI Contra el C\u00e1ncer de P\u00e1ncreas, de Fundaci\u00f3n Grisi, organizaciones que brindan atenci\u00f3n integral a pacientes con estas enfermedades.<\/p>\n\n\n\n<p>Detalles del evento<\/p>\n\n\n\n<p>Circuito Actinver 2026 tendr\u00e1 car\u00e1cter familiar e integrar\u00e1 diferentes actividades a lo largo de la jornada, todas ellas encaminadas a reforzar mensajes de autocuidado y detecci\u00f3n temprana.<\/p>\n\n\n\n<p>Fecha: domingo 15 de febrero de 2026<\/p>\n\n\n\n<p>Horario: 07:00 a 12:00 horas<\/p>\n\n\n\n<p>Actividad principal: carreras con distancias de 5 km y 10 km<\/p>\n\n\n\n<figure class=\"wp-block-gallery has-nested-images columns-default is-cropped wp-block-gallery-7 is-layout-flex wp-block-gallery-is-layout-flex\">\n<figure class=\"wp-block-image size-large\"><img decoding=\"async\" width=\"500\" height=\"333\" data-id=\"1097824\" src=\"https:\/\/dimensionturistica.com\/es\/wp-content\/uploads\/2026\/01\/66ACTIE.jpg\" alt=\"\" class=\"wp-image-1097824\" srcset=\"https:\/\/dimensionturistica.com\/es\/wp-content\/uploads\/2026\/01\/66ACTIE.jpg 500w, https:\/\/dimensionturistica.com\/es\/wp-content\/uploads\/2026\/01\/66ACTIE-300x200.jpg 300w\" sizes=\"(max-width: 500px) 100vw, 500px\" \/><\/figure>\n<\/figure>\n\n\n\n<p>Actividades para todos los asistentes: activaci\u00f3n f\u00edsica para toda la familia, carreras infantiles, activaciones de baila para ni\u00f1os y para adultos, clases tem\u00e1ticas y m\u00e1s.<\/p>\n\n\n\n<p>Sede: Hip\u00f3dromo de las Am\u00e9ricas<\/p>\n\n\n\n<p>Costo de inscripci\u00f3n para corredores: $750 pesos<\/p>\n\n\n\n<p>Acompa\u00f1antes y familiares no corredores: $350 pesos<\/p>\n\n\n\n<p>Ni\u00f1os menores de 12 a\u00f1os: acceso gratuito<\/p>\n\n\n\n<p>Las inscripciones se encuentran abiertas en www.circuitoactinver.com.mx<\/p>\n\n\n\n<p>Se reconocer\u00e1 a los tres primeros lugares en ambas distancias. Todos los corredores recibir\u00e1n playera de competidor, medalla de participaci\u00f3n, cronometraje electr\u00f3nico y puntos de hidrataci\u00f3n en ruta y meta.<\/p>\n\n\n\n<p>La entrega de kits se realizar\u00e1 el d\u00eda 14 de febrero de 2026 en la explanada de Corporativo Actinver en Montes Urales 620, Lomas de Chapultepec.<\/p>\n","protected":false},"excerpt":{"rendered":"<p>Esta actividad familiar con causa, abanderada por Actinver, es un llamado a la solidaridad para fortalecer la prevenci\u00f3n, detecci\u00f3n temprana y lucha contra el c\u00e1ncer colorrectal y de p\u00e1ncreas. Con el objetivo de fortalecer la cultura de prevenci\u00f3n y generar apoyo directo a personas que enfrentan c\u00e1ncer colorrectal y de p\u00e1ncreas, Corporaci\u00f3n Actinver present\u00f3 Circuito [&hellip;]<\/p>\n","protected":false},"author":1,"featured_media":0,"comment_status":"open","ping_status":"closed","sticky":false,"template":"","format":"standard","meta":{"om_disable_all_campaigns":false,"jnews-multi-image_gallery":[],"jnews_single_post":{"format":"standard"},"jnews_primary_category":[],"jnews_social_meta":[],"footnotes":""},"categories":[40],"tags":[],"class_list":["post-1097811","post","type-post","status-publish","format-standard","hentry","category-industria"],"_links":{"self":[{"href":"https:\/\/dimensionturistica.com\/es\/wp-json\/wp\/v2\/posts\/1097811","targetHints":{"allow":["GET"]}}],"collection":[{"href":"https:\/\/dimensionturistica.com\/es\/wp-json\/wp\/v2\/posts"}],"about":[{"href":"https:\/\/dimensionturistica.com\/es\/wp-json\/wp\/v2\/types\/post"}],"author":[{"embeddable":true,"href":"https:\/\/dimensionturistica.com\/es\/wp-json\/wp\/v2\/users\/1"}],"replies":[{"embeddable":true,"href":"https:\/\/dimensionturistica.com\/es\/wp-json\/wp\/v2\/comments?post=1097811"}],"version-history":[{"count":1,"href":"https:\/\/dimensionturistica.com\/es\/wp-json\/wp\/v2\/posts\/1097811\/revisions"}],"predecessor-version":[{"id":1097825,"href":"https:\/\/dimensionturistica.com\/es\/wp-json\/wp\/v2\/posts\/1097811\/revisions\/1097825"}],"wp:attachment":[{"href":"https:\/\/dimensionturistica.com\/es\/wp-json\/wp\/v2\/media?parent=1097811"}],"wp:term":[{"taxonomy":"category","embeddable":true,"href":"https:\/\/dimensionturistica.com\/es\/wp-json\/wp\/v2\/categories?post=1097811"},{"taxonomy":"post_tag","embeddable":true,"href":"https:\/\/dimensionturistica.com\/es\/wp-json\/wp\/v2\/tags?post=1097811"}],"curies":[{"name":"wp","href":"https:\/\/api.w.org\/{rel}","templated":true}]}}