{"id":1097726,"date":"2026-01-15T13:23:17","date_gmt":"2026-01-15T13:23:17","guid":{"rendered":"https:\/\/dimensionturistica.com\/es\/?p=1097726"},"modified":"2026-01-15T13:23:17","modified_gmt":"2026-01-15T13:23:17","slug":"coleccion-pre-otono-2026-de-balenciaga-vogue","status":"publish","type":"post","link":"https:\/\/dimensionturistica.com\/es\/coleccion-pre-otono-2026-de-balenciaga-vogue\/","title":{"rendered":"Colecci\u00f3n Pre-Oto\u00f1o 2026 de Balenciaga | Vogue"},"content":{"rendered":"<h3>Balenciaga: Un Viaje Futurista hacia lo Desconocido<\/h3>\n<p>La reciente presentaci\u00f3n de Balenciaga para la colecci\u00f3n pre-fall 2026 ha dejado una huella indeleble en el mundo de la moda. Con una propuesta que desaf\u00eda tanto las convenciones est\u00e9ticas como las expectativas del consumidor, la marca se adentra en un territorio inexplorado, fusionando innovaci\u00f3n y un enfoque cr\u00edtico hacia la cultura contempor\u00e1nea.<\/p>\n<h4>Un Escenario de Contrastes<\/h4>\n<p>Desde el primer vistazo, la colecci\u00f3n evoca un di\u00e1logo entre lo digital y lo tangible. Las texturas y formas se encuentran en un ballet de contrastes. La silueta se caracteriza por l\u00edneas arquitect\u00f3nicas que parecen fluir con una libertad casi org\u00e1nica, mientras que los colores oscuros y neutros aportan un aire de misterio. La intenci\u00f3n es clara: crear un espacio visual donde cada prenda cuente una historia, invitando a los espectadores a sumergirse en un mundo de posibilidades infinitas.<\/p>\n<h4>Materiales y Tecnolog\u00eda<\/h4>\n<p>La utilizaci\u00f3n de materiales innovadores es uno de los sellos distintivos de esta colecci\u00f3n. Los tejidos t\u00e9cnica y digitalmente avanzados no solo sorprenden a la vista, sino que tambi\u00e9n desaf\u00edan la percepci\u00f3n tradicional de lo que puede ser la moda. Los cortes tradicionales se reinterpretan a trav\u00e9s de la incorporaci\u00f3n de elementos de alta tecnolog\u00eda que potencian tanto la durabilidad como la funcionalidad. Esto marca un cambio significativo en la manera en que se conciben las prendas, planteando la pregunta de c\u00f3mo la moda puede adaptarse a un futuro que a\u00fan est\u00e1 por definirse.<\/p>\n<h4>Una Narrativa Visual Poderosa<\/h4>\n<p>Cada pasarela es una representaci\u00f3n din\u00e1mica de la narrativa visual que Balenciaga busca presentar. La ambientaci\u00f3n, cuidadosamente dise\u00f1ada, refuerza la conexi\u00f3n entre el arte y la moda. Im\u00e1genes impactantes y elementos escenogr\u00e1ficos se combinan para crear un espect\u00e1culo que trasciende la mera presentaci\u00f3n de ropa. La experiencia se convierte en un viaje sensorial que invita a la reflexi\u00f3n sobre el papel de la moda en un mundo cambiante.<\/p>\n<h4>Inclusividad y Diversidad<\/h4>\n<p>Este desfile tambi\u00e9n destaca por su enfoque inclusivo y diverso, reflejando una sociedad que aboga por la representaci\u00f3n en todos los \u00e1mbitos. La selecci\u00f3n de modelos con distintas caracter\u00edsticas f\u00edsicas sugiere un cambio hacia una moda m\u00e1s universal, donde cada individuo puede verse reflejado. Este enfoque busca no solo diversificar la est\u00e9tica de la marca, sino tambi\u00e9n ampliar su alcance y resonancia cultural.<\/p>\n<h4>Influencia Cultural<\/h4>\n<p>Balenciaga no se limita a ser un mero creador de tendencias; se posiciona como un faro de comentarios sobre la cultura contempor\u00e1nea. Con cada colecci\u00f3n, aborda temas que van desde la sostenibilidad hasta la identidad digital, estableciendo un v\u00ednculo directo entre el arte y la cr\u00edtica social. Este hecho convierte a la marca en un actor relevante en la discusi\u00f3n global sobre el futuro de la moda y su impacto en la sociedad.<\/p>\n<h3>Conclusiones Impactantes<\/h3>\n<p>La colecci\u00f3n pre-fall 2026 de Balenciaga se erige como un testimonio de c\u00f3mo la moda puede ser un veh\u00edculo para la narraci\u00f3n y el discurso cr\u00edtico. Con su audaz combinaci\u00f3n de tecnolog\u00eda, est\u00e9tica y filosof\u00eda, la marca redefine los l\u00edmites de la industria, invitando a todos a unirse a este di\u00e1logo en evoluci\u00f3n. Sin duda, este es un cap\u00edtulo que marcar\u00e1 un antes y un despu\u00e9s en la historia de la moda contempor\u00e1nea. <\/p>\n<p>As\u00ed, Balenciaga no solo se encuentra a la vanguardia de las tendencias; se consagra como un pilar fundamental en la transformaci\u00f3n de la moda como la conocemos. Un fen\u00f3meno que, sin duda alguna, continuar\u00e1 resonando en las conversaciones de aquellos que se apasionan por el estilo y la innovaci\u00f3n.<\/p>\n<p><em> &#8221; Fuentes www.vogue.com &#8221; <\/em><\/p>\n","protected":false},"excerpt":{"rendered":"<p>Balenciaga: Un Viaje Futurista hacia lo Desconocido La reciente presentaci\u00f3n de Balenciaga para la colecci\u00f3n pre-fall 2026 ha dejado una huella indeleble en el mundo de la moda. Con una propuesta que desaf\u00eda tanto las convenciones est\u00e9ticas como las expectativas del consumidor, la marca se adentra en un territorio inexplorado, fusionando innovaci\u00f3n y un enfoque [&hellip;]<\/p>\n","protected":false},"author":14,"featured_media":1097727,"comment_status":"open","ping_status":"closed","sticky":false,"template":"","format":"standard","meta":{"om_disable_all_campaigns":false,"jnews-multi-image_gallery":[],"jnews_single_post":[],"jnews_primary_category":[],"jnews_social_meta":[],"footnotes":""},"categories":[144872],"tags":[46889,18839,89166,166,192704,253936,94447,200339,372,6194,50356],"class_list":["post-1097726","post","type-post","status-publish","format-standard","has-post-thumbnail","hentry","category-fashion","tag-balenciaga","tag-collection","tag-designer","tag-fashion","tag-haute-couture","tag-pre-fall-2026","tag-runway","tag-runway_review","tag-style","tag-trends","tag-vogue"],"_links":{"self":[{"href":"https:\/\/dimensionturistica.com\/es\/wp-json\/wp\/v2\/posts\/1097726","targetHints":{"allow":["GET"]}}],"collection":[{"href":"https:\/\/dimensionturistica.com\/es\/wp-json\/wp\/v2\/posts"}],"about":[{"href":"https:\/\/dimensionturistica.com\/es\/wp-json\/wp\/v2\/types\/post"}],"author":[{"embeddable":true,"href":"https:\/\/dimensionturistica.com\/es\/wp-json\/wp\/v2\/users\/14"}],"replies":[{"embeddable":true,"href":"https:\/\/dimensionturistica.com\/es\/wp-json\/wp\/v2\/comments?post=1097726"}],"version-history":[{"count":1,"href":"https:\/\/dimensionturistica.com\/es\/wp-json\/wp\/v2\/posts\/1097726\/revisions"}],"predecessor-version":[{"id":1097728,"href":"https:\/\/dimensionturistica.com\/es\/wp-json\/wp\/v2\/posts\/1097726\/revisions\/1097728"}],"wp:featuredmedia":[{"embeddable":true,"href":"https:\/\/dimensionturistica.com\/es\/wp-json\/wp\/v2\/media\/1097727"}],"wp:attachment":[{"href":"https:\/\/dimensionturistica.com\/es\/wp-json\/wp\/v2\/media?parent=1097726"}],"wp:term":[{"taxonomy":"category","embeddable":true,"href":"https:\/\/dimensionturistica.com\/es\/wp-json\/wp\/v2\/categories?post=1097726"},{"taxonomy":"post_tag","embeddable":true,"href":"https:\/\/dimensionturistica.com\/es\/wp-json\/wp\/v2\/tags?post=1097726"}],"curies":[{"name":"wp","href":"https:\/\/api.w.org\/{rel}","templated":true}]}}