{"id":1097653,"date":"2026-01-15T07:54:27","date_gmt":"2026-01-15T07:54:27","guid":{"rendered":"https:\/\/dimensionturistica.com\/es\/?p=1097653"},"modified":"2026-01-15T07:54:27","modified_gmt":"2026-01-15T07:54:27","slug":"el-encuentro-de-los-sacerdotes-de-madrid-a-todo-ritmo-y-con-la-participacion-de-todos","status":"publish","type":"post","link":"https:\/\/dimensionturistica.com\/es\/el-encuentro-de-los-sacerdotes-de-madrid-a-todo-ritmo-y-con-la-participacion-de-todos\/","title":{"rendered":"El encuentro de los sacerdotes de Madrid: a todo ritmo y con la participaci\u00f3n de todos"},"content":{"rendered":"<h2>Un Viaje Espiritual y Comunitario en el Coraz\u00f3n de Madrid<\/h2>\n<p>La ciudad de Madrid no solo es un centro neur\u00e1lgico de cultura y gastronom\u00eda, sino tambi\u00e9n un vibrante espacio para la reflexi\u00f3n y el crecimiento espiritual. En este sentido, un evento reciente ha capturado la atenci\u00f3n de muchos: la reuni\u00f3n de un grupo diverso de sacerdotes que han establecido un espacio de di\u00e1logo abierto y enriquecedor en torno a la fe y la comunidad.<\/p>\n<p>El encuentro, que ha sido calificado como un \u201cs\u00ednodo de los curas\u201d, se llev\u00f3 a cabo con el objetivo de dar voz a diferentes perspectivas dentro de la Iglesia, promoviendo la inclusi\u00f3n y el entendimiento. Este tipo de iniciativas no solo resuenan dentro de las paredes de las iglesias, sino que tambi\u00e9n se extienden a las comunidades locales, fomentando una relaci\u00f3n m\u00e1s profunda entre los l\u00edderes religiosos y los fieles.<\/p>\n<p>Los participantes compartieron experiencias y visiones sobre c\u00f3mo mejorar la vida espiritual en la ciudad. Desde la revitalizaci\u00f3n de parroquias hasta el fortalecimiento de lazos intergeneracionales, las ideas fluyeron en un ambiente de respeto y apoyo mutuo. Cada voz, cada historia, fue una pieza fundamental en el rompecabezas de una comunidad m\u00e1s unida.<\/p>\n<p>Uno de los aspectos m\u00e1s atractivos de este encuentro es su enfoque en la innovaci\u00f3n y el cambio. Los sacerdotes no solo se limitan a las ense\u00f1anzas tradicionales; buscan conectar de manera significativa con las nuevas generaciones. Esto refleja una necesidad palpable de adaptar las pr\u00e1cticas religiosas a un mundo en constante evoluci\u00f3n, donde la espiritualidad y la vida cotidiana se entrelazan de formas sorprendentes.<\/p>\n<p>Para el viajero que busca algo m\u00e1s que los t\u00edpicos itinerarios tur\u00edsticos, participar en estos encuentros o asistir a las actividades comunitarias puede ser una experiencia transformadora. Aprovechar la oportunidad de conocer mejor las tradiciones locales a trav\u00e9s del prisma de la fe y la comunidad ofrece una perspectiva \u00fanica y aut\u00e9ntica de la vida en Madrid. Imagina compartir un caf\u00e9 con un grupo de sacerdotes que te cuenten sobre su labor en la ciudad o, mejor a\u00fan, asistir a uno de estos encuentros y ser parte de la conversaci\u00f3n.<\/p>\n<p>El proceso que se est\u00e1 llevando a cabo es m\u00e1s que una mera sesi\u00f3n de intercambio; es una invitaci\u00f3n a involucrarse en el tejido social de Madrid. La ciudad se despliega como un gran escenario donde cada individuo, independientemente de su fe, puede encontrar un lugar para contribuir a la construcci\u00f3n de un futuro compartido.<\/p>\n<p>A medida que nos adentramos en un mundo m\u00e1s interconectado y complejo, se vuelve crucial encontrar espacios de di\u00e1logo y reflexi\u00f3n, donde las diferencias se convierten en oportunidades para el entendimiento y la empat\u00eda. Este tipo de iniciativas, que emergen en el coraz\u00f3n de Madrid, son un recordatorio de que la espiritualidad y la comunidad pueden coexistir y florecer juntos, ofreciendo al viajero una experiencia no solo de conocimiento, sino de conexi\u00f3n.<\/p>\n<p>Madrid es, sin duda, un destino que va m\u00e1s all\u00e1 de sus monumentos y gastronom\u00eda; es un lugar donde cada esquina puede ofrecerte una nueva historia, una nueva voz y una nueva oportunidad para experimentar la vida en su forma m\u00e1s plena. Con la mirada hacia el futuro, la ciudad se mueve a \u201cvelocidad de crucero\u201d, invitando a todos a sumarse al viaje.<\/p>\n<p><em> &#8221; Fuentes www.vidanuevadigital.com &#8221; <\/em><\/p>\n","protected":false},"excerpt":{"rendered":"<p>Un Viaje Espiritual y Comunitario en el Coraz\u00f3n de Madrid La ciudad de Madrid no solo es un centro neur\u00e1lgico de cultura y gastronom\u00eda, sino tambi\u00e9n un vibrante espacio para la reflexi\u00f3n y el crecimiento espiritual. En este sentido, un evento reciente ha capturado la atenci\u00f3n de muchos: la reuni\u00f3n de un grupo diverso de [&hellip;]<\/p>\n","protected":false},"author":4,"featured_media":1097654,"comment_status":"open","ping_status":"closed","sticky":false,"template":"","format":"standard","meta":{"om_disable_all_campaigns":false,"jnews-multi-image_gallery":[],"jnews_single_post":[],"jnews_primary_category":[],"jnews_social_meta":[],"footnotes":""},"categories":[41],"tags":[263762,3240,54723,55477,19825,3362,263763,700,7419,467,22382,38398],"class_list":["post-1097653","post","type-post","status-publish","format-standard","has-post-thumbnail","hentry","category-cruceros","tag-arzobispado-de-madrid","tag-comunidad","tag-curas","tag-dialogo","tag-fe","tag-iglesia","tag-jose-cobo","tag-madrid","tag-participacion","tag-religion","tag-renovacion","tag-sinodo"],"_links":{"self":[{"href":"https:\/\/dimensionturistica.com\/es\/wp-json\/wp\/v2\/posts\/1097653","targetHints":{"allow":["GET"]}}],"collection":[{"href":"https:\/\/dimensionturistica.com\/es\/wp-json\/wp\/v2\/posts"}],"about":[{"href":"https:\/\/dimensionturistica.com\/es\/wp-json\/wp\/v2\/types\/post"}],"author":[{"embeddable":true,"href":"https:\/\/dimensionturistica.com\/es\/wp-json\/wp\/v2\/users\/4"}],"replies":[{"embeddable":true,"href":"https:\/\/dimensionturistica.com\/es\/wp-json\/wp\/v2\/comments?post=1097653"}],"version-history":[{"count":1,"href":"https:\/\/dimensionturistica.com\/es\/wp-json\/wp\/v2\/posts\/1097653\/revisions"}],"predecessor-version":[{"id":1097655,"href":"https:\/\/dimensionturistica.com\/es\/wp-json\/wp\/v2\/posts\/1097653\/revisions\/1097655"}],"wp:featuredmedia":[{"embeddable":true,"href":"https:\/\/dimensionturistica.com\/es\/wp-json\/wp\/v2\/media\/1097654"}],"wp:attachment":[{"href":"https:\/\/dimensionturistica.com\/es\/wp-json\/wp\/v2\/media?parent=1097653"}],"wp:term":[{"taxonomy":"category","embeddable":true,"href":"https:\/\/dimensionturistica.com\/es\/wp-json\/wp\/v2\/categories?post=1097653"},{"taxonomy":"post_tag","embeddable":true,"href":"https:\/\/dimensionturistica.com\/es\/wp-json\/wp\/v2\/tags?post=1097653"}],"curies":[{"name":"wp","href":"https:\/\/api.w.org\/{rel}","templated":true}]}}