{"id":1097579,"date":"2026-01-15T04:17:16","date_gmt":"2026-01-15T04:17:16","guid":{"rendered":"https:\/\/dimensionturistica.com\/es\/?p=1097579"},"modified":"2026-01-15T04:17:16","modified_gmt":"2026-01-15T04:17:16","slug":"el-metodo-del-lapiz-marron-como-lograr-un-maquillaje-completo-con-un-solo-cosmetico","status":"publish","type":"post","link":"https:\/\/dimensionturistica.com\/es\/el-metodo-del-lapiz-marron-como-lograr-un-maquillaje-completo-con-un-solo-cosmetico\/","title":{"rendered":"El m\u00e9todo del l\u00e1piz marr\u00f3n: c\u00f3mo lograr un maquillaje completo con un solo cosm\u00e9tico."},"content":{"rendered":"<h3>El Poder del L\u00e1piz Caf\u00e9: Un Todo en Uno para Tu Maquillaje<\/h3>\n<p>En el mundo del maquillaje, la versatilidad es clave. En un entorno donde cada vez buscamos soluciones m\u00e1s r\u00e1pidas y efectivas, un producto que se destaca es, sin duda, el l\u00e1piz caf\u00e9. Este aliado universal no solo ofrece un acabado elegante, sino que permite crear looks sorprendentes y sofisticados con un solo producto. A continuaci\u00f3n, exploramos c\u00f3mo utilizar este l\u00e1piz m\u00e1gico para transformar tu rostro de manera pr\u00e1ctica y estilizada.<\/p>\n<h4>Definici\u00f3n de cejas: El Marco Perfecto<\/h4>\n<p>Las cejas son el marco del rostro, y un l\u00e1piz caf\u00e9 puede ayudar a definirlas de forma r\u00e1pida y efectiva. Con un toque suave, es posible rellenar y dar forma a las cejas, creando un efecto natural y pulido. Para un acabado impecable, se recomienda seguir la l\u00ednea natural del vello y utilizar peque\u00f1as trazos en direcciones espec\u00edficas.<\/p>\n<h4>Sombra en los ojos: Mirada que Captura<\/h4>\n<p>Un l\u00e1piz caf\u00e9 puede ser tu mejor amigo al momento de maquillar tus ojos. Su textura permite crear un ahumado sutil que resalta la mirada sin ser excesivo. Aplica el l\u00e1piz a lo largo de la l\u00ednea de las pesta\u00f1as y difumina con el dedo o una brocha. Este truco resulta ideal para un look de d\u00eda; sin embargo, puedes intensificar el color para una salida nocturna.<\/p>\n<h4>Delineador para un Enfoque Sofisticado<\/h4>\n<p>La precisi\u00f3n es fundamental en el maquillaje, y el l\u00e1piz caf\u00e9 puede actuar como un delineador de ojos que a\u00f1ade definici\u00f3n sin la dureza de un liner negro. Al aplicarlo en la l\u00ednea de agua o justo en la base de las pesta\u00f1as, se logra un efecto que alarga y agranda los ojos. Para un look m\u00e1s dram\u00e1tico, considera un leve cat-eye que combina a la perfecci\u00f3n con cualquier estilo.<\/p>\n<h4>Toque de color en los labios<\/h4>\n<p>El l\u00e1piz caf\u00e9 no solo se limita a los ojos y cejas, tambi\u00e9n puede usarse en los labios, convirti\u00e9ndose en un b\u00e1lsamo perfectamente armonizado. Con un poco de habilidad, utiliza el l\u00e1piz para delinear tus labios antes de aplicar un gloss o b\u00e1lsamo labial. Esto no solo define la forma, sino que tambi\u00e9n aporta profundidad al tono natural de tus labios.<\/p>\n<h4>Contorno y Brillo: Faciales en un Instante<\/h4>\n<p>\u00bfBuscas un maquillaje r\u00e1pido? Usa el l\u00e1piz caf\u00e9 para contornear. Aplica en los \u00e1ngulos de las mejillas, a los lados de la nariz y a lo largo de la l\u00ednea del cabello. Diffumina bien para un efecto de sombras sutiles que definen el rostro. Un toque de iluminador en los puntos altos asegura un brillo que complementar\u00e1 esta t\u00e9cnica.<\/p>\n<h4>F\u00e1cil de Llevar y \u00a1Listo!<\/h4>\n<p>La gran ventaja del l\u00e1piz caf\u00e9 es su portabilidad. Ideal para quienes tienen un estilo de vida activo, este producto cabe en cualquier bolso y permite realizar retoques r\u00e1pidos en cualquier lugar. Ya sea en una reuni\u00f3n de trabajo, una salida con amigos o incluso un evento elegante, este l\u00e1piz ofrece la flexibilidad necesaria para adaptarse a todas las situaciones.<\/p>\n<h3>Estilo al Alcance de Todos<\/h3>\n<p>Con la t\u00e9cnica adecuada, cualquier persona puede dominar el arte de usar un l\u00e1piz caf\u00e9 para m\u00faltiples prop\u00f3sitos. La clave est\u00e1 en la aplicaci\u00f3n cuidadosa y el uso de herramientas adecuadas para difuminar. As\u00ed, no solo se destaca la belleza natural, sino que tambi\u00e9n se realza la confianza personal.<\/p>\n<p>Cualquier amante del maquillaje necesita un l\u00e1piz caf\u00e9 en su colecci\u00f3n. Este art\u00edculo no solo es una tendencia, sino una declaraci\u00f3n de versatilidad y eficiencia. Por eso, si buscas una rutina de belleza simplificada pero impactante, no dudes en incorporar este indispensable en tu kit de maquillaje. \u00a1Descubre un mundo de posibilidades que te espera en un solo l\u00e1piz!<\/p>\n<p><em> &#8221; Fuentes www.vogue.mx &#8221; <\/em><\/p>\n","protected":false},"excerpt":{"rendered":"<p>El Poder del L\u00e1piz Caf\u00e9: Un Todo en Uno para Tu Maquillaje En el mundo del maquillaje, la versatilidad es clave. En un entorno donde cada vez buscamos soluciones m\u00e1s r\u00e1pidas y efectivas, un producto que se destaca es, sin duda, el l\u00e1piz caf\u00e9. Este aliado universal no solo ofrece un acabado elegante, sino que [&hellip;]<\/p>\n","protected":false},"author":14,"featured_media":1097582,"comment_status":"open","ping_status":"closed","sticky":false,"template":"","format":"standard","meta":{"om_disable_all_campaigns":false,"jnews-multi-image_gallery":[],"jnews_single_post":[],"jnews_primary_category":[],"jnews_social_meta":[],"footnotes":""},"categories":[144872],"tags":[69563,263741,263742,21502,263744,263745,220447,204955,263743],"class_list":["post-1097579","post","type-post","status-publish","format-standard","has-post-thumbnail","hentry","category-fashion","tag-cosmeticos","tag-labios","tag-lapiz-cafe","tag-maquillaje","tag-maquillaje-facial","tag-maquillaje-facil","tag-productos-de-maquillaje","tag-rutina-de-belleza","tag-truco-de-belleza"],"_links":{"self":[{"href":"https:\/\/dimensionturistica.com\/es\/wp-json\/wp\/v2\/posts\/1097579","targetHints":{"allow":["GET"]}}],"collection":[{"href":"https:\/\/dimensionturistica.com\/es\/wp-json\/wp\/v2\/posts"}],"about":[{"href":"https:\/\/dimensionturistica.com\/es\/wp-json\/wp\/v2\/types\/post"}],"author":[{"embeddable":true,"href":"https:\/\/dimensionturistica.com\/es\/wp-json\/wp\/v2\/users\/14"}],"replies":[{"embeddable":true,"href":"https:\/\/dimensionturistica.com\/es\/wp-json\/wp\/v2\/comments?post=1097579"}],"version-history":[{"count":1,"href":"https:\/\/dimensionturistica.com\/es\/wp-json\/wp\/v2\/posts\/1097579\/revisions"}],"predecessor-version":[{"id":1097583,"href":"https:\/\/dimensionturistica.com\/es\/wp-json\/wp\/v2\/posts\/1097579\/revisions\/1097583"}],"wp:featuredmedia":[{"embeddable":true,"href":"https:\/\/dimensionturistica.com\/es\/wp-json\/wp\/v2\/media\/1097582"}],"wp:attachment":[{"href":"https:\/\/dimensionturistica.com\/es\/wp-json\/wp\/v2\/media?parent=1097579"}],"wp:term":[{"taxonomy":"category","embeddable":true,"href":"https:\/\/dimensionturistica.com\/es\/wp-json\/wp\/v2\/categories?post=1097579"},{"taxonomy":"post_tag","embeddable":true,"href":"https:\/\/dimensionturistica.com\/es\/wp-json\/wp\/v2\/tags?post=1097579"}],"curies":[{"name":"wp","href":"https:\/\/api.w.org\/{rel}","templated":true}]}}