{"id":1097552,"date":"2026-01-15T03:13:14","date_gmt":"2026-01-15T03:13:14","guid":{"rendered":"https:\/\/dimensionturistica.com\/es\/?p=1097552"},"modified":"2026-01-15T03:13:14","modified_gmt":"2026-01-15T03:13:14","slug":"entendi-que-el-amor-no-llega-en-el-momento-que-anhelamos-sino-cuando-estamos-listos-para-mantenerlo","status":"publish","type":"post","link":"https:\/\/dimensionturistica.com\/es\/entendi-que-el-amor-no-llega-en-el-momento-que-anhelamos-sino-cuando-estamos-listos-para-mantenerlo\/","title":{"rendered":"Entend\u00ed que el amor no llega en el momento que anhelamos, sino cuando estamos listos para mantenerlo."},"content":{"rendered":"<h3>Encuentros de Verano: La Moda Tras Cada Conexi\u00f3n<\/h3>\n<p>A medida que el verano avanza, la temporada de viajes se convierte en un tablero de encuentros inesperados. Los destinos tur\u00edsticos, desde playas soleadas hasta vibrantes ciudades, se transforman en escenarios donde la moda y las historias personales se entrelazan. Cada visitante trae consigo no solo su equipaje, sino tambi\u00e9n la esencia de su estilo y la cultura de su lugar de origen.<\/p>\n<h3>Estilo en Movimiento<\/h3>\n<p>Imagina una tarde en una terraza frente al mar. La brisa suave acaricia la piel mientras grupos de personas intercambian sonrisas y conversaciones. Cada prenda lleva una narrativa: un vestido de lino que evoca tardes en la costa mediterr\u00e1nea, o unas sandalias artesanales que cuentan historias de mercados locales. En estos momentos, la moda no es solo un reflejo de tendencias, sino una expresi\u00f3n de identidad y conexi\u00f3n.<\/p>\n<h3>La Influencia de los Viajes<\/h3>\n<p>Los encuentros durante las vacaciones no se limitan a la socializaci\u00f3n. La moda se transforma, se inspira y evoluciona. Las personas que conocemos en nuestros viajes aportan una nueva est\u00e9tica a nuestras propias vidas. Un cl\u00e1sico de la vestimenta de un verano en Santorini puede influir en un look casual en casa, fusionando culturas y estilos. As\u00ed, las experiencias compartidas enriquecen nuestro guardarropa y nuestro enfoque hacia la moda.<\/p>\n<h3>Texturas y Colores del Mundo<\/h3>\n<p>La variedad de estilos que se encuentran durante las vacaciones revela una paleta de texturas y colores. Las marcas boutiques, los dise\u00f1adores locales y la artesan\u00eda t\u00edpica de cada regi\u00f3n se convierten en tesoros que, una vez descubiertos, elevan la experiencia de viaje. La moda se convierte en un veh\u00edculo que transporta las tradiciones, los sabores y las historias de cada lugar a donde vamos.<\/p>\n<h3>Inspiraci\u00f3n y Creatividad<\/h3>\n<p>Asistir a un festival de m\u00fasica al aire libre, pasear por mercados de pulgas o simplemente charlar con otros viajeros puede seedar un nuevo nivel de creatividad. Las influencias que se experimentan en el camino a menudo desencadenan un deseo de experimentar estilos que antes no se habr\u00edan considerado. Con cada sonrisa intercambiada, cada mirada admirativa y cada consejo sobre un conjunto especial, se potencia el sentido de comunidad y pertenencia dentro del mundo de la moda.<\/p>\n<h3>La Magia de lo Cotidiano<\/h3>\n<p>Las vacaciones son una ventana al esp\u00edritu creativo que reside en cada uno de nosotros. Cada individuo que conocemos agrega una chispa \u00fanica, convirtiendo lo cotidiano en algo extraordinario. La moda se vuelve un di\u00e1logo entre culturas, pieles y espacios, uniendo a las personas a trav\u00e9s de la est\u00e9tica compartida.<\/p>\n<h3>M\u00e1s All\u00e1 de las Fronteras<\/h3>\n<p>As\u00ed, el estilo que se ve reflejado en las calles de una ciudad lejana se vuelve parte de nuestras corrientes culturales. La fusi\u00f3n de tendencias que trae cada encuentro enriquece no solo nuestra experiencia de viaje, sino que tambi\u00e9n revitaliza nuestras elecciones de moda en el d\u00eda a d\u00eda, expandiendo los l\u00edmites de lo que significa vestirse bien.<\/p>\n<p>Los recuerdos de las vacaciones, cargados de nuevas relaciones y experiencias, se quedan con nosotros, moldeando nuestras decisiones de estilo. En este verano, cada encuentro puede ser una inspiraci\u00f3n \u00fanica, invit\u00e1ndonos a explorar y redefinir lo que la moda puede significar en nuestras vidas.<\/p>\n<p><em> &#8221; Fuentes www.vogue.mx &#8221; <\/em><\/p>\n","protected":false},"excerpt":{"rendered":"<p>Encuentros de Verano: La Moda Tras Cada Conexi\u00f3n A medida que el verano avanza, la temporada de viajes se convierte en un tablero de encuentros inesperados. Los destinos tur\u00edsticos, desde playas soleadas hasta vibrantes ciudades, se transforman en escenarios donde la moda y las historias personales se entrelazan. Cada visitante trae consigo no solo su [&hellip;]<\/p>\n","protected":false},"author":14,"featured_media":1097553,"comment_status":"open","ping_status":"closed","sticky":false,"template":"","format":"standard","meta":{"om_disable_all_campaigns":false,"jnews-multi-image_gallery":[],"jnews_single_post":[],"jnews_primary_category":[],"jnews_social_meta":[],"footnotes":""},"categories":[144872],"tags":[6647,10837,6967,39218,21080,2711,126545,1901,2411,28550,234674,1861],"class_list":["post-1097552","post","type-post","status-publish","format-standard","has-post-thumbnail","hentry","category-fashion","tag-amor","tag-aprendizaje","tag-conexion","tag-crecimiento-personal","tag-emociones","tag-expectativas","tag-introspeccion","tag-netflix","tag-peliculas","tag-relaciones","tag-sabiduria","tag-vacaciones"],"_links":{"self":[{"href":"https:\/\/dimensionturistica.com\/es\/wp-json\/wp\/v2\/posts\/1097552","targetHints":{"allow":["GET"]}}],"collection":[{"href":"https:\/\/dimensionturistica.com\/es\/wp-json\/wp\/v2\/posts"}],"about":[{"href":"https:\/\/dimensionturistica.com\/es\/wp-json\/wp\/v2\/types\/post"}],"author":[{"embeddable":true,"href":"https:\/\/dimensionturistica.com\/es\/wp-json\/wp\/v2\/users\/14"}],"replies":[{"embeddable":true,"href":"https:\/\/dimensionturistica.com\/es\/wp-json\/wp\/v2\/comments?post=1097552"}],"version-history":[{"count":1,"href":"https:\/\/dimensionturistica.com\/es\/wp-json\/wp\/v2\/posts\/1097552\/revisions"}],"predecessor-version":[{"id":1097554,"href":"https:\/\/dimensionturistica.com\/es\/wp-json\/wp\/v2\/posts\/1097552\/revisions\/1097554"}],"wp:featuredmedia":[{"embeddable":true,"href":"https:\/\/dimensionturistica.com\/es\/wp-json\/wp\/v2\/media\/1097553"}],"wp:attachment":[{"href":"https:\/\/dimensionturistica.com\/es\/wp-json\/wp\/v2\/media?parent=1097552"}],"wp:term":[{"taxonomy":"category","embeddable":true,"href":"https:\/\/dimensionturistica.com\/es\/wp-json\/wp\/v2\/categories?post=1097552"},{"taxonomy":"post_tag","embeddable":true,"href":"https:\/\/dimensionturistica.com\/es\/wp-json\/wp\/v2\/tags?post=1097552"}],"curies":[{"name":"wp","href":"https:\/\/api.w.org\/{rel}","templated":true}]}}