{"id":1097368,"date":"2026-01-14T18:54:16","date_gmt":"2026-01-14T18:54:16","guid":{"rendered":"https:\/\/dimensionturistica.com\/es\/?p=1097368"},"modified":"2026-01-14T18:54:16","modified_gmt":"2026-01-14T18:54:16","slug":"restaurar-tu-cuero-cabelludo-de-la-resequedad-con-tres-sencillos-pasos","status":"publish","type":"post","link":"https:\/\/dimensionturistica.com\/es\/restaurar-tu-cuero-cabelludo-de-la-resequedad-con-tres-sencillos-pasos\/","title":{"rendered":"Restaurar tu cuero cabelludo de la resequedad con tres sencillos pasos"},"content":{"rendered":"\n<figure class=\"wp-block-gallery has-nested-images columns-default is-cropped wp-block-gallery-1 is-layout-flex wp-block-gallery-is-layout-flex\">\n<figure class=\"wp-block-image size-large\"><img decoding=\"async\" width=\"500\" height=\"416\" data-id=\"1097370\" src=\"https:\/\/dimensionturistica.com\/es\/wp-content\/uploads\/2026\/01\/2DOVE.jpg\" alt=\"\" class=\"wp-image-1097370\" srcset=\"https:\/\/dimensionturistica.com\/es\/wp-content\/uploads\/2026\/01\/2DOVE.jpg 500w, https:\/\/dimensionturistica.com\/es\/wp-content\/uploads\/2026\/01\/2DOVE-300x250.jpg 300w\" sizes=\"(max-width: 500px) 100vw, 500px\" \/><\/figure>\n<\/figure>\n\n\n\n<p>&nbsp;La resequedad del cuero cabelludo es una condici\u00f3n que puede manifestarse con picaz\u00f3n, descamaci\u00f3n o sensaci\u00f3n de rigidez &nbsp;<\/p>\n\n\n\n<p>Se sabe que \u00e9sta se debe a la falta de hidrataci\u00f3n natural de la piel y puede ser provocada por la exposici\u00f3n continua a factores externos como: clima seco, agua caliente, exceso de lavados, productos agresivos, as\u00ed como factores internos (edad, gen\u00e9tica, estr\u00e9s y deshidrataci\u00f3n, por mencionar algunos.<\/p>\n\n\n\n<p>La deshidrataci\u00f3n de la zona capilar se confunde muchas veces con la caspa, ya que<\/p>\n\n\n\n<p>ambas tienen los mismos s\u00edntomas. De acuerdo con informaci\u00f3n del portal Healthline, \u201cel primero, provoca que la piel se irrite y se descame, mientras que la caspa es causada por un exceso de grasa en el cuero cabelludo y un crecimiento excesivo de la levadura Malassezia\u201d 3 , un g\u00e9nero de hongos que se encuentra generalmente en la piel de los animales y seres humanos.<\/p>\n\n\n\n<figure class=\"wp-block-gallery has-nested-images columns-default is-cropped wp-block-gallery-2 is-layout-flex wp-block-gallery-is-layout-flex\">\n<figure class=\"wp-block-image size-large\"><img decoding=\"async\" width=\"711\" height=\"800\" data-id=\"1097372\" src=\"https:\/\/dimensionturistica.com\/es\/wp-content\/uploads\/2026\/01\/03_DWELL_ARIADNA_0235-edit6-1.jpg\" alt=\"\" class=\"wp-image-1097372\" srcset=\"https:\/\/dimensionturistica.com\/es\/wp-content\/uploads\/2026\/01\/03_DWELL_ARIADNA_0235-edit6-1.jpg 711w, https:\/\/dimensionturistica.com\/es\/wp-content\/uploads\/2026\/01\/03_DWELL_ARIADNA_0235-edit6-1-267x300.jpg 267w\" sizes=\"(max-width: 711px) 100vw, 711px\" \/><\/figure>\n<\/figure>\n\n\n\n<p>Los factores que afectan la salud de tu cuero cabelludo<\/p>\n\n\n\n<p>1. Agua Caliente: elimina los aceites naturales que protegen la piel<\/p>\n\n\n\n<p>2. Cambios de clima: alteran la humedad provocando irritaci\u00f3n.<\/p>\n\n\n\n<p>3. Tintes u otros productos qu\u00edmicos: debilitan la piel y la vuelven m\u00e1s sensible.<\/p>\n\n\n\n<p>4. Contaminaci\u00f3n: tapa los poros y puede causar picaz\u00f3n o inflamaci\u00f3n.<\/p>\n\n\n\n<p>5. Exposici\u00f3n solar: acelera el envejecimiento, aumentando la sensibilidad.<\/p>\n\n\n\n<p>Como combatir la resequedad<\/p>\n\n\n\n<p>La nueva l\u00ednea Dove Derma Care Hydra Alivio, desarrollada con dermat\u00f3logos, ofrece&nbsp;hidrataci\u00f3n hasta por 100 horas*&nbsp;para cabello y cuero cabelludo seco y delicado, gracias a su f\u00f3rmula con ingredientes como la niacinamida&nbsp;(ayuda a regenerar el cuero cabelludo) y el \u00e1cido hialur\u00f3nico (mantiene la hidrataci\u00f3n), proporcionando sensaci\u00f3n de alivio y suavidad desde la ra\u00edz hasta las puntas, incluso<\/p>\n\n\n\n<p>para cabellos rizados o gruesos.<\/p>\n\n\n\n<p>1. Shampoo: Limpia delicadamente y brinda sensaci\u00f3n de alivio<\/p>\n\n\n\n<figure class=\"wp-block-gallery has-nested-images columns-default is-cropped wp-block-gallery-3 is-layout-flex wp-block-gallery-is-layout-flex\">\n<figure class=\"wp-block-image size-large\"><img decoding=\"async\" width=\"299\" height=\"1024\" data-id=\"1097373\" src=\"https:\/\/dimensionturistica.com\/es\/wp-content\/uploads\/2026\/01\/1DOVE-299x1024.jpg\" alt=\"\" class=\"wp-image-1097373\" srcset=\"https:\/\/dimensionturistica.com\/es\/wp-content\/uploads\/2026\/01\/1DOVE-299x1024.jpg 299w, https:\/\/dimensionturistica.com\/es\/wp-content\/uploads\/2026\/01\/1DOVE-88x300.jpg 88w, https:\/\/dimensionturistica.com\/es\/wp-content\/uploads\/2026\/01\/1DOVE-449x1536.jpg 449w, https:\/\/dimensionturistica.com\/es\/wp-content\/uploads\/2026\/01\/1DOVE.jpg 500w\" sizes=\"(max-width: 299px) 100vw, 299px\" \/><\/figure>\n<\/figure>\n\n\n\n<p>2. Acondicionador: hidrata las fibras, para un cabello suave y visiblemente saludable.<\/p>\n\n\n\n<p>3. Mascarilla capilar: ofrece 10 beneficios contra la deshidrataci\u00f3n en tan solo 1 minuto para un cabello m\u00e1s suave.<\/p>\n\n\n\n<p>\u201cEl cuero cabelludo requiere de cuidados y productos que no da\u00f1en su equilibrio natural. Al mantener esta zona hidratada y protegida se ayuda a prevenir la resequedad y la irritaci\u00f3n. Tambi\u00e9n mantiene el cabello suave y con brillo para lucir saludable, evitando que se vuelva fr\u00e1gil\u201d, comparte Carolina Soto, Gerente de Marketing para<\/p>\n\n\n\n<p>Cuidado del Cabello en Unilever M\u00e9xico.<\/p>\n\n\n\n<p>Cuidar de la regi\u00f3n capilar es clave para mantener un cabello visiblemente saludable y fuerte. La resequedad, irritaci\u00f3n y la descamaci\u00f3n se pueden prevenir con productos dise\u00f1ados para hidratar y proteger esta zona, pero tambi\u00e9n es importante prevenir ciertos h\u00e1bitos que lo pueden da\u00f1ar. Con la l\u00ednea Hydra Alivio de Dove Derma.<\/p>\n\n\n\n<p>Care se mantiene el equilibrio natural al tiempo que se hidrata profundamente. DoveDermaCare #HydraAlivio #Dove Tik Tok: <a href=\"https:\/\/www.tiktok.com\/@dovemexico\">https:\/\/www.tiktok.com\/@dovemexico<\/a><\/p>\n\n\n\n<figure class=\"wp-block-embed\"><div class=\"wp-block-embed__wrapper\">\nhttps:\/\/www.dove.com\/mx\/p\/shampoo-dove-derma-hydra-alivio-capilar-675ml.html\/07506306256064\n<\/div><\/figure>\n\n\n\n<p>Disclaimers:<\/p>\n\n\n\n<p>*Con el uso de shampoo, acondicionador y mascarilla hidratante 10 en 1 Dove Derma Care Hydra Alivio comparado con shampoo sin ingredientes acondicionantes.<\/p>\n","protected":false},"excerpt":{"rendered":"<p>&nbsp;La resequedad del cuero cabelludo es una condici\u00f3n que puede manifestarse con picaz\u00f3n, descamaci\u00f3n o sensaci\u00f3n de rigidez &nbsp; Se sabe que \u00e9sta se debe a la falta de hidrataci\u00f3n natural de la piel y puede ser provocada por la exposici\u00f3n continua a factores externos como: clima seco, agua caliente, exceso de lavados, productos agresivos, [&hellip;]<\/p>\n","protected":false},"author":1,"featured_media":0,"comment_status":"open","ping_status":"closed","sticky":false,"template":"","format":"standard","meta":{"om_disable_all_campaigns":false,"jnews-multi-image_gallery":[],"jnews_single_post":{"format":"standard"},"jnews_primary_category":[],"jnews_social_meta":[],"footnotes":""},"categories":[144872],"tags":[],"class_list":["post-1097368","post","type-post","status-publish","format-standard","hentry","category-fashion"],"_links":{"self":[{"href":"https:\/\/dimensionturistica.com\/es\/wp-json\/wp\/v2\/posts\/1097368","targetHints":{"allow":["GET"]}}],"collection":[{"href":"https:\/\/dimensionturistica.com\/es\/wp-json\/wp\/v2\/posts"}],"about":[{"href":"https:\/\/dimensionturistica.com\/es\/wp-json\/wp\/v2\/types\/post"}],"author":[{"embeddable":true,"href":"https:\/\/dimensionturistica.com\/es\/wp-json\/wp\/v2\/users\/1"}],"replies":[{"embeddable":true,"href":"https:\/\/dimensionturistica.com\/es\/wp-json\/wp\/v2\/comments?post=1097368"}],"version-history":[{"count":1,"href":"https:\/\/dimensionturistica.com\/es\/wp-json\/wp\/v2\/posts\/1097368\/revisions"}],"predecessor-version":[{"id":1097375,"href":"https:\/\/dimensionturistica.com\/es\/wp-json\/wp\/v2\/posts\/1097368\/revisions\/1097375"}],"wp:attachment":[{"href":"https:\/\/dimensionturistica.com\/es\/wp-json\/wp\/v2\/media?parent=1097368"}],"wp:term":[{"taxonomy":"category","embeddable":true,"href":"https:\/\/dimensionturistica.com\/es\/wp-json\/wp\/v2\/categories?post=1097368"},{"taxonomy":"post_tag","embeddable":true,"href":"https:\/\/dimensionturistica.com\/es\/wp-json\/wp\/v2\/tags?post=1097368"}],"curies":[{"name":"wp","href":"https:\/\/api.w.org\/{rel}","templated":true}]}}