{"id":1097336,"date":"2026-01-14T17:56:52","date_gmt":"2026-01-14T17:56:52","guid":{"rendered":"https:\/\/dimensionturistica.com\/es\/?p=1097336"},"modified":"2026-01-14T17:56:52","modified_gmt":"2026-01-14T17:56:52","slug":"humo-rojo-multipolar-cuando-la-comunicacion-se-convierte-en-una-herramienta-de-cambio","status":"publish","type":"post","link":"https:\/\/dimensionturistica.com\/es\/humo-rojo-multipolar-cuando-la-comunicacion-se-convierte-en-una-herramienta-de-cambio\/","title":{"rendered":"Humo Rojo + Multipolar: cuando la comunicaci\u00f3n se convierte en una herramienta de cambio"},"content":{"rendered":"\n<figure class=\"wp-block-gallery has-nested-images columns-default is-cropped wp-block-gallery-1 is-layout-flex wp-block-gallery-is-layout-flex\">\n<figure class=\"wp-block-image size-large\"><img decoding=\"async\" width=\"500\" height=\"340\" data-id=\"1097337\" src=\"https:\/\/dimensionturistica.com\/es\/wp-content\/uploads\/2026\/01\/3TATA-1.jpg\" alt=\"\" class=\"wp-image-1097337\" srcset=\"https:\/\/dimensionturistica.com\/es\/wp-content\/uploads\/2026\/01\/3TATA-1.jpg 500w, https:\/\/dimensionturistica.com\/es\/wp-content\/uploads\/2026\/01\/3TATA-1-300x204.jpg 300w\" sizes=\"(max-width: 500px) 100vw, 500px\" \/><\/figure>\n<\/figure>\n\n\n\n<p>Humo Rojo desarroll\u00f3 junto a Fundaci\u00f3n Multipolar una campa\u00f1a integral de recaudaci\u00f3n y concientizaci\u00f3n con un objetivo claro: visibilizar la realidad de las personas en situaci\u00f3n de calle y generar oportunidades concretas para su reinserci\u00f3n laboral.<\/p>\n\n\n\n<p>El trabajo parti\u00f3 de una premisa simple y potente: muchas de las personas que hoy viven en la calle tuvieron una vida laboral activa, pero dejaron de estar en el radar de quienes pueden ofrecerles una oportunidad.<\/p>\n\n\n\n<p>La campa\u00f1a, desarrollada a partir del insight \u201cHacer visible lo invisible\u201d, bajo la producci\u00f3n de Casta Diva, busca correr el foco del prejuicio para ponerlo en acci\u00f3n. A trav\u00e9s de una estrategia que combina investigaci\u00f3n social, creatividad y el uso inteligente de plataformas como LinkedIn, redes sociales, v\u00eda p\u00fablica y contenido audiovisual, el mensaje se dirige a personas y l\u00edderes de empresas con capacidad real de involucrarse y generar impacto.<\/p>\n\n\n\n<p>Desde Humo Rojo, el desaf\u00edo fue pensar la comunicaci\u00f3n no solo como visibilidad, sino como un puente entre realidades que hoy no se encuentran. \u201cCreemos que la comunicaci\u00f3n tiene un rol social inevitable. Cuando se pone al servicio de causas reales, puede abrir puertas, generar conciencia y movilizar decisiones que cambian vidas. No creemos en el \u2018s\u00e1lvese quien pueda\u2019; creemos en dar una mano, en involucrarse y, desde el lugar que cada uno puede y sabe, ayudar\u201d, expres\u00f3 Tata Varela, CEO y Founder de la agencia.<\/p>\n\n\n\n<figure class=\"wp-block-gallery has-nested-images columns-default is-cropped wp-block-gallery-2 is-layout-flex wp-block-gallery-is-layout-flex\">\n<figure class=\"wp-block-image size-large\"><img decoding=\"async\" width=\"500\" height=\"332\" data-id=\"1097339\" src=\"https:\/\/dimensionturistica.com\/es\/wp-content\/uploads\/2026\/01\/1TATA.jpg\" alt=\"\" class=\"wp-image-1097339\" srcset=\"https:\/\/dimensionturistica.com\/es\/wp-content\/uploads\/2026\/01\/1TATA.jpg 500w, https:\/\/dimensionturistica.com\/es\/wp-content\/uploads\/2026\/01\/1TATA-300x199.jpg 300w\" sizes=\"(max-width: 500px) 100vw, 500px\" \/><\/figure>\n<\/figure>\n\n\n\n<p>La estrategia incluye mensajes directos a responsables de compa\u00f1\u00edas, piezas gr\u00e1ficas de alto impacto en v\u00eda p\u00fablica, contenidos digitales y un video central que retrata la cotidianeidad urbana contrastada con una cifra que interpela: m\u00e1s de 9.400 personas viven en situaci\u00f3n de calle en la Ciudad de Buenos Aires y la mayor\u00eda no es vista. Cada ejecuci\u00f3n fue pensada para incomodar desde el respeto y activar desde la empat\u00eda.<\/p>\n\n\n\n<p>Para Fundaci\u00f3n Multipolar, el trabajo conjunto significa potenciar su misi\u00f3n y llegar a nuevos p\u00fablicos. \u201cNuestro trabajo cotidiano es acompa\u00f1ar, formar y ayudar a que las personas puedan reinsertarse laboralmente. Esta campa\u00f1a nos permite mostrar esa realidad de una forma honesta y directa, y sumar aliados que entienden que donar tambi\u00e9n es generar oportunidades\u201d, se\u00f1al\u00f3 Malena Fam\u00e1, Co-Founder de la ONG.<\/p>\n\n\n\n<p>Este proyecto refuerza el compromiso de Humo Rojo y de las empresas que sumaron su aporte indispensable para que la campa\u00f1a se hiciera realidad, y con quienes la agencia comparte este orgullo: Casta Diva y DivaStudio, Machete M\u00fasica, que junto a todas las personas que, de manera individual, ayudaron a que este trabajo hoy sea una realidad que busca cambiar otra.<\/p>\n\n\n\n<p>\u201cCreemos en una comunicaci\u00f3n que trasciende lo comercial y se involucra con el contexto social. Una forma de entender la creatividad no solo como una herramienta para construir marcas, sino tambi\u00e9n para construir futuro\u201d, afirm\u00f3 Guillote Bagnato, ECD de Humo Rojo.<\/p>\n\n\n\n<p>M\u00e1s informaci\u00f3n: https:\/\/multipolar.org.ar\/<\/p>\n\n\n\n<p><\/p>\n\n\n\n<p><\/p>\n\n\n\n<p><\/p>\n","protected":false},"excerpt":{"rendered":"<p>Humo Rojo desarroll\u00f3 junto a Fundaci\u00f3n Multipolar una campa\u00f1a integral de recaudaci\u00f3n y concientizaci\u00f3n con un objetivo claro: visibilizar la realidad de las personas en situaci\u00f3n de calle y generar oportunidades concretas para su reinserci\u00f3n laboral. El trabajo parti\u00f3 de una premisa simple y potente: muchas de las personas que hoy viven en la calle [&hellip;]<\/p>\n","protected":false},"author":1,"featured_media":0,"comment_status":"open","ping_status":"closed","sticky":false,"template":"","format":"standard","meta":{"om_disable_all_campaigns":false,"jnews-multi-image_gallery":[],"jnews_single_post":[],"jnews_primary_category":[],"jnews_social_meta":[],"footnotes":""},"categories":[40],"tags":[],"class_list":["post-1097336","post","type-post","status-publish","format-standard","hentry","category-industria"],"_links":{"self":[{"href":"https:\/\/dimensionturistica.com\/es\/wp-json\/wp\/v2\/posts\/1097336","targetHints":{"allow":["GET"]}}],"collection":[{"href":"https:\/\/dimensionturistica.com\/es\/wp-json\/wp\/v2\/posts"}],"about":[{"href":"https:\/\/dimensionturistica.com\/es\/wp-json\/wp\/v2\/types\/post"}],"author":[{"embeddable":true,"href":"https:\/\/dimensionturistica.com\/es\/wp-json\/wp\/v2\/users\/1"}],"replies":[{"embeddable":true,"href":"https:\/\/dimensionturistica.com\/es\/wp-json\/wp\/v2\/comments?post=1097336"}],"version-history":[{"count":1,"href":"https:\/\/dimensionturistica.com\/es\/wp-json\/wp\/v2\/posts\/1097336\/revisions"}],"predecessor-version":[{"id":1097341,"href":"https:\/\/dimensionturistica.com\/es\/wp-json\/wp\/v2\/posts\/1097336\/revisions\/1097341"}],"wp:attachment":[{"href":"https:\/\/dimensionturistica.com\/es\/wp-json\/wp\/v2\/media?parent=1097336"}],"wp:term":[{"taxonomy":"category","embeddable":true,"href":"https:\/\/dimensionturistica.com\/es\/wp-json\/wp\/v2\/categories?post=1097336"},{"taxonomy":"post_tag","embeddable":true,"href":"https:\/\/dimensionturistica.com\/es\/wp-json\/wp\/v2\/tags?post=1097336"}],"curies":[{"name":"wp","href":"https:\/\/api.w.org\/{rel}","templated":true}]}}