{"id":1097308,"date":"2026-01-14T17:09:51","date_gmt":"2026-01-14T17:09:51","guid":{"rendered":"https:\/\/dimensionturistica.com\/es\/?p=1097308"},"modified":"2026-01-14T17:09:51","modified_gmt":"2026-01-14T17:09:51","slug":"definen-los-mexicanos-los-destinos-de-su-preferencia-para-viajar-durante-este-2026","status":"publish","type":"post","link":"https:\/\/dimensionturistica.com\/es\/definen-los-mexicanos-los-destinos-de-su-preferencia-para-viajar-durante-este-2026\/","title":{"rendered":"\u00a0Definen los mexicanos los destinos de su preferencia para viajar durante este 2026"},"content":{"rendered":"\n<figure class=\"wp-block-gallery has-nested-images columns-default is-cropped wp-block-gallery-1 is-layout-flex wp-block-gallery-is-layout-flex\">\n<figure class=\"wp-block-image size-large\"><img decoding=\"async\" width=\"500\" height=\"198\" data-id=\"1097309\" src=\"https:\/\/dimensionturistica.com\/es\/wp-content\/uploads\/2026\/01\/1VOLARIS.jpg\" alt=\"\" class=\"wp-image-1097309\" srcset=\"https:\/\/dimensionturistica.com\/es\/wp-content\/uploads\/2026\/01\/1VOLARIS.jpg 500w, https:\/\/dimensionturistica.com\/es\/wp-content\/uploads\/2026\/01\/1VOLARIS-300x119.jpg 300w\" sizes=\"(max-width: 500px) 100vw, 500px\" \/><\/figure>\n<\/figure>\n\n\n\n<p>El comienzo de 2026 marca una tendencia clara para los mexicanos: iniciar el a\u00f1o con un descanso efectivo y experiencias de viaje bien estructuradas. YA VAS, la agencia de viajes de Volaris, ha identificado los cinco destinos con mayor demanda entre sus clientes, lo que refleja la evoluci\u00f3n en las decisiones de viaje para este periodo.<\/p>\n\n\n\n<p>La lista la encabezan Nayarit, Ixtapa, Los Cabos y Puerto Vallarta: destinos que conjugan el encanto del sol y la playa con una oferta cultural relevante. Esta selecci\u00f3n refleja la b\u00fasqueda del viajero por un equilibrio perfecto: desconexi\u00f3n con seguridad, experiencias con valor a\u00f1adido y un disfrute libre de complicaciones.<\/p>\n\n\n\n<figure class=\"wp-block-gallery has-nested-images columns-default is-cropped wp-block-gallery-2 is-layout-flex wp-block-gallery-is-layout-flex\">\n<figure class=\"wp-block-image size-large\"><img decoding=\"async\" width=\"500\" height=\"281\" data-id=\"1097310\" src=\"https:\/\/dimensionturistica.com\/es\/wp-content\/uploads\/2026\/01\/2VOLARIS.jpg\" alt=\"\" class=\"wp-image-1097310\" srcset=\"https:\/\/dimensionturistica.com\/es\/wp-content\/uploads\/2026\/01\/2VOLARIS.jpg 500w, https:\/\/dimensionturistica.com\/es\/wp-content\/uploads\/2026\/01\/2VOLARIS-300x169.jpg 300w\" sizes=\"(max-width: 500px) 100vw, 500px\" \/><\/figure>\n<\/figure>\n\n\n\n<p>Las playas mexicanas, en particular Baja California Sur, se confirma como la opci\u00f3n favorita para arrancar el a\u00f1o. Su popularidad se debe al clima, la calidad de la oferta hotelera y la posibilidad de ofrecer una experiencia integral que permite recargar energ\u00edas tras el cierre del a\u00f1o.<\/p>\n\n\n\n<p>Atendiendo a esta demanda, la plataforma impulsa el turismo dom\u00e9stico con una campa\u00f1a enfocada en las playas nacionales. Ofrece paquetes de vuelo + hotel con precios competitivos y una compra simplificada bajo el respaldo de la Garant\u00eda YA VAS, facilitando una mejor planeaci\u00f3n y optimizaci\u00f3n del presupuesto.<\/p>\n\n\n\n<figure class=\"wp-block-gallery has-nested-images columns-default is-cropped wp-block-gallery-3 is-layout-flex wp-block-gallery-is-layout-flex\">\n<figure class=\"wp-block-image size-large\"><img decoding=\"async\" width=\"500\" height=\"281\" data-id=\"1097312\" src=\"https:\/\/dimensionturistica.com\/es\/wp-content\/uploads\/2026\/01\/3VOLARIS.jpg\" alt=\"\" class=\"wp-image-1097312\" srcset=\"https:\/\/dimensionturistica.com\/es\/wp-content\/uploads\/2026\/01\/3VOLARIS.jpg 500w, https:\/\/dimensionturistica.com\/es\/wp-content\/uploads\/2026\/01\/3VOLARIS-300x169.jpg 300w\" sizes=\"(max-width: 500px) 100vw, 500px\" \/><\/figure>\n<\/figure>\n\n\n\n<p>El inter\u00e9s por destinos c\u00e1lidos e integrales se alinea con tendencias internacionales. Las Vegas, Nevada, un destino clave para los viajeros de YA VAS, ha sido se\u00f1alado por American Express Travel como una tendencia para 2026, destac\u00e1ndose como una escapada urbana que fusiona entretenimiento, hoteler\u00eda y viajes de corta duraci\u00f3n.<\/p>\n\n\n\n<p>M\u00e1s all\u00e1 de los destinos espec\u00edficos, esta preferencia revela una intenci\u00f3n: viajar con prop\u00f3sito. A trav\u00e9s de su plataforma, YA VAS conecta a los viajeros con las tendencias actuales del turismo, facilitando el acceso a experiencias que reflejan las nuevas motivaciones del mercado y reforzando su objetivo de democratizar las vacaciones.<\/p>\n\n\n\n<figure class=\"wp-block-gallery has-nested-images columns-default is-cropped wp-block-gallery-4 is-layout-flex wp-block-gallery-is-layout-flex\">\n<figure class=\"wp-block-image size-large\"><img decoding=\"async\" width=\"500\" height=\"304\" data-id=\"1097313\" src=\"https:\/\/dimensionturistica.com\/es\/wp-content\/uploads\/2026\/01\/5VOLARIS.jpg\" alt=\"\" class=\"wp-image-1097313\" srcset=\"https:\/\/dimensionturistica.com\/es\/wp-content\/uploads\/2026\/01\/5VOLARIS.jpg 500w, https:\/\/dimensionturistica.com\/es\/wp-content\/uploads\/2026\/01\/5VOLARIS-300x182.jpg 300w\" sizes=\"(max-width: 500px) 100vw, 500px\" \/><\/figure>\n<\/figure>\n\n\n\n<p>En resumen, el inicio de 2026 se caracteriza por el protagonismo de las playas mexicanas como eje central, complementado con destinos bien conectados y viajes dise\u00f1ados para ser disfrutados desde el primer momento.<\/p>\n","protected":false},"excerpt":{"rendered":"<p>El comienzo de 2026 marca una tendencia clara para los mexicanos: iniciar el a\u00f1o con un descanso efectivo y experiencias de viaje bien estructuradas. YA VAS, la agencia de viajes de Volaris, ha identificado los cinco destinos con mayor demanda entre sus clientes, lo que refleja la evoluci\u00f3n en las decisiones de viaje para este [&hellip;]<\/p>\n","protected":false},"author":1,"featured_media":0,"comment_status":"open","ping_status":"closed","sticky":false,"template":"","format":"standard","meta":{"om_disable_all_campaigns":false,"jnews-multi-image_gallery":[],"jnews_single_post":[],"jnews_primary_category":[],"jnews_social_meta":[],"footnotes":""},"categories":[39],"tags":[],"class_list":["post-1097308","post","type-post","status-publish","format-standard","hentry","category-viajes"],"_links":{"self":[{"href":"https:\/\/dimensionturistica.com\/es\/wp-json\/wp\/v2\/posts\/1097308","targetHints":{"allow":["GET"]}}],"collection":[{"href":"https:\/\/dimensionturistica.com\/es\/wp-json\/wp\/v2\/posts"}],"about":[{"href":"https:\/\/dimensionturistica.com\/es\/wp-json\/wp\/v2\/types\/post"}],"author":[{"embeddable":true,"href":"https:\/\/dimensionturistica.com\/es\/wp-json\/wp\/v2\/users\/1"}],"replies":[{"embeddable":true,"href":"https:\/\/dimensionturistica.com\/es\/wp-json\/wp\/v2\/comments?post=1097308"}],"version-history":[{"count":1,"href":"https:\/\/dimensionturistica.com\/es\/wp-json\/wp\/v2\/posts\/1097308\/revisions"}],"predecessor-version":[{"id":1097314,"href":"https:\/\/dimensionturistica.com\/es\/wp-json\/wp\/v2\/posts\/1097308\/revisions\/1097314"}],"wp:attachment":[{"href":"https:\/\/dimensionturistica.com\/es\/wp-json\/wp\/v2\/media?parent=1097308"}],"wp:term":[{"taxonomy":"category","embeddable":true,"href":"https:\/\/dimensionturistica.com\/es\/wp-json\/wp\/v2\/categories?post=1097308"},{"taxonomy":"post_tag","embeddable":true,"href":"https:\/\/dimensionturistica.com\/es\/wp-json\/wp\/v2\/tags?post=1097308"}],"curies":[{"name":"wp","href":"https:\/\/api.w.org\/{rel}","templated":true}]}}