{"id":1097290,"date":"2026-01-14T16:42:49","date_gmt":"2026-01-14T16:42:49","guid":{"rendered":"https:\/\/dimensionturistica.com\/es\/?p=1097290"},"modified":"2026-01-14T16:42:49","modified_gmt":"2026-01-14T16:42:49","slug":"wyndham-hotels-resorts-desplegara-una-intensa-agenda-institucional-y-de-negocios-durante-fitur-2026","status":"publish","type":"post","link":"https:\/\/dimensionturistica.com\/es\/wyndham-hotels-resorts-desplegara-una-intensa-agenda-institucional-y-de-negocios-durante-fitur-2026\/","title":{"rendered":"Wyndham Hotels &amp; Resorts desplegar\u00e1 una intensa agenda institucional y de negocios durante FITUR 2026"},"content":{"rendered":"\n<figure class=\"wp-block-gallery has-nested-images columns-default is-cropped wp-block-gallery-1 is-layout-flex wp-block-gallery-is-layout-flex\">\n<figure class=\"wp-block-image size-large\"><img decoding=\"async\" width=\"500\" height=\"186\" data-id=\"1097292\" src=\"https:\/\/dimensionturistica.com\/es\/wp-content\/uploads\/2026\/01\/WINDHAM.jpg\" alt=\"\" class=\"wp-image-1097292\" srcset=\"https:\/\/dimensionturistica.com\/es\/wp-content\/uploads\/2026\/01\/WINDHAM.jpg 500w, https:\/\/dimensionturistica.com\/es\/wp-content\/uploads\/2026\/01\/WINDHAM-300x112.jpg 300w\" sizes=\"(max-width: 500px) 100vw, 500px\" \/><\/figure>\n<\/figure>\n\n\n\n<p>Wyndham Hotels &amp; Resorts, la compa\u00f1\u00eda de franquicias hoteleras m\u00e1s grande del mundo, participar\u00e1 activamente en la pr\u00f3xima edici\u00f3n de la Feria Internacional de Turismo (FITUR), que se llevar\u00e1 a cabo en Madrid, Espa\u00f1a, con una intensa agenda de reuniones estrat\u00e9gicas y presencia institucional.<\/p>\n\n\n\n<p>Pie de foto: En una de las playas m\u00e1s hermosas de Montego Bay y a solo unos pasos de arenas blancas y aguas turquesa, el Grand Decameron Cornwall Beach A Trademark All Inclusive, invita a vivir una escapada all inclusive para el descanso perfecto.<\/p>\n\n\n\n<figure class=\"wp-block-gallery has-nested-images columns-default is-cropped wp-block-gallery-2 is-layout-flex wp-block-gallery-is-layout-flex\">\n<figure class=\"wp-block-image size-large\"><img decoding=\"async\" width=\"500\" height=\"333\" data-id=\"1097293\" src=\"https:\/\/dimensionturistica.com\/es\/wp-content\/uploads\/2026\/01\/1WIND-2.jpg\" alt=\"\" class=\"wp-image-1097293\" srcset=\"https:\/\/dimensionturistica.com\/es\/wp-content\/uploads\/2026\/01\/1WIND-2.jpg 500w, https:\/\/dimensionturistica.com\/es\/wp-content\/uploads\/2026\/01\/1WIND-2-300x200.jpg 300w\" sizes=\"(max-width: 500px) 100vw, 500px\" \/><\/figure>\n<\/figure>\n\n\n\n<p>Durante el encuentro, directivos de la compa\u00f1\u00eda mantendr\u00e1n reuniones de trabajo con empresarios, secretarios de Turismo y gobernadores de distintas comunidades y mercados, con el objetivo de impulsar el desarrollo hotelero, promover la inversi\u00f3n y fortalecer la visibilidad de los destinos de Latinoam\u00e9rica y el Caribe en los mercados internacionales. La agenda incluir\u00e1 tambi\u00e9n la participaci\u00f3n de Wyndham Hotels &amp; Resorts en espacios institucionales y de networking clave para la industria, entre ellos una reuni\u00f3n con la Uni\u00f3n de Secretarios de Turismo de M\u00e9xico (ASETUR), en coordinaci\u00f3n con la Asociaci\u00f3n Nacional de Cadenas Hoteleras de M\u00e9xico (ANCH).<\/p>\n\n\n\n<p>Adem\u00e1s, Wyndham Hotels &amp; Resorts LATAMC formar\u00e1 parte del Foro anual de Exceltur, un encuentro de alto nivel que agrupa a las principales empresas del sector tur\u00edstico espa\u00f1ol como cadenas hoteleras, aerol\u00edneas, grupos tur\u00edsticos, OTAs, entre otros.<\/p>\n\n\n\n<p>Los ejecutivos de la compa\u00f1\u00eda tambi\u00e9n asistir\u00e1n a la recepci\u00f3n organizada por el Consejo Mundial de Viajes y Turismo (WTTC), entidad que representa al sector privado de la industria tur\u00edstica a nivel global. Por otra parte, Wyndham tendr\u00e1 participaci\u00f3n activa en paneles y foros que abordan temas clave para la evoluci\u00f3n del sector. Entre ellos, la mesa de debate \u201cMenos artificio, m\u00e1s autenticidad: la nueva cara del lujo\u201d, en la que Gustavo Viescas, presidente de Wyndham Hotels &amp; Resorts para Am\u00e9rica Latina y el Caribe, compartir\u00e1 escenario con destacados l\u00edderes de la industria hotelera.<\/p>\n\n\n\n<figure class=\"wp-block-gallery has-nested-images columns-default is-cropped wp-block-gallery-3 is-layout-flex wp-block-gallery-is-layout-flex\">\n<figure class=\"wp-block-image size-large\"><img decoding=\"async\" width=\"500\" height=\"374\" data-id=\"1097294\" src=\"https:\/\/dimensionturistica.com\/es\/wp-content\/uploads\/2026\/01\/2WIND-1.jpg\" alt=\"\" class=\"wp-image-1097294\" srcset=\"https:\/\/dimensionturistica.com\/es\/wp-content\/uploads\/2026\/01\/2WIND-1.jpg 500w, https:\/\/dimensionturistica.com\/es\/wp-content\/uploads\/2026\/01\/2WIND-1-300x224.jpg 300w\" sizes=\"(max-width: 500px) 100vw, 500px\" \/><\/figure>\n<\/figure>\n\n\n\n<p>Adicionalmente, durante el Foro FITUR WOMAN, organizado por FITUR y Women Leading Tourism (WLT), Jimena Faena, VP, Marketing, Brand Operations &amp; Revenue Management de la compa\u00f1\u00eda para Latinoam\u00e9rica y el Caribe, participar\u00e1 en el bloque de debate \u201cDesaf\u00edos y barreras: c\u00f3mo el sector puede acelerar la agenda\u201d.<\/p>\n\n\n\n<p>Wyndham Hotels &amp; Resorts contar\u00e1 con presencia institucional en el stand 10A12, donde estar\u00e1 acompa\u00f1ado por representantes de distintos hoteles de su red, entre ellos: Grupo Costa del Sol (Per\u00fa), Wyndham Grand Canc\u00fan All Inclusive Resort &amp; Villas, Viva Resorts by Wyndham, Wyndham Grand Rio Mar Rainforest Beach &amp; Golf Resort y Wyndham Palmas Beach &amp; Golf Boutique Resort (Puerto Rico), Gran Hotel Europa Santo Domingo Trademark Collection by Wyndham, Dolce by Wyndham Versalles, TRYP by Wyndham y Wingate by Wyndham de Punta Cana, as\u00ed como los resorts All Inclusive de Decameron Hotels &amp; Resorts que forman parte de Ramada by Wyndham y Trademark Collection by Wyndham, entre otros.<\/p>\n\n\n\n<p>De esta manera, Wyndham Hotels &amp; Resorts reafirma su compromiso con sus franquiciatarios y con el desarrollo del turismo en Latinoam\u00e9rica y el Caribe, al fortalecer relaciones de alto valor con actores clave de la industria global de viajes y turismo. Esta agenda de trabajo impulsa nuevas oportunidades de desarrollo y networking estrat\u00e9gico, y consolida su presencia activa en los principales espacios de di\u00e1logo y toma de decisiones del sector tur\u00edstico global.<\/p>\n","protected":false},"excerpt":{"rendered":"<p>Wyndham Hotels &amp; Resorts, la compa\u00f1\u00eda de franquicias hoteleras m\u00e1s grande del mundo, participar\u00e1 activamente en la pr\u00f3xima edici\u00f3n de la Feria Internacional de Turismo (FITUR), que se llevar\u00e1 a cabo en Madrid, Espa\u00f1a, con una intensa agenda de reuniones estrat\u00e9gicas y presencia institucional. Pie de foto: En una de las playas m\u00e1s hermosas de [&hellip;]<\/p>\n","protected":false},"author":1,"featured_media":0,"comment_status":"open","ping_status":"closed","sticky":false,"template":"","format":"standard","meta":{"om_disable_all_campaigns":false,"jnews-multi-image_gallery":[],"jnews_single_post":[],"jnews_primary_category":[],"jnews_social_meta":[],"footnotes":""},"categories":[39],"tags":[],"class_list":["post-1097290","post","type-post","status-publish","format-standard","hentry","category-viajes"],"_links":{"self":[{"href":"https:\/\/dimensionturistica.com\/es\/wp-json\/wp\/v2\/posts\/1097290","targetHints":{"allow":["GET"]}}],"collection":[{"href":"https:\/\/dimensionturistica.com\/es\/wp-json\/wp\/v2\/posts"}],"about":[{"href":"https:\/\/dimensionturistica.com\/es\/wp-json\/wp\/v2\/types\/post"}],"author":[{"embeddable":true,"href":"https:\/\/dimensionturistica.com\/es\/wp-json\/wp\/v2\/users\/1"}],"replies":[{"embeddable":true,"href":"https:\/\/dimensionturistica.com\/es\/wp-json\/wp\/v2\/comments?post=1097290"}],"version-history":[{"count":1,"href":"https:\/\/dimensionturistica.com\/es\/wp-json\/wp\/v2\/posts\/1097290\/revisions"}],"predecessor-version":[{"id":1097295,"href":"https:\/\/dimensionturistica.com\/es\/wp-json\/wp\/v2\/posts\/1097290\/revisions\/1097295"}],"wp:attachment":[{"href":"https:\/\/dimensionturistica.com\/es\/wp-json\/wp\/v2\/media?parent=1097290"}],"wp:term":[{"taxonomy":"category","embeddable":true,"href":"https:\/\/dimensionturistica.com\/es\/wp-json\/wp\/v2\/categories?post=1097290"},{"taxonomy":"post_tag","embeddable":true,"href":"https:\/\/dimensionturistica.com\/es\/wp-json\/wp\/v2\/tags?post=1097290"}],"curies":[{"name":"wp","href":"https:\/\/api.w.org\/{rel}","templated":true}]}}