{"id":1097250,"date":"2026-01-14T15:59:25","date_gmt":"2026-01-14T15:59:25","guid":{"rendered":"https:\/\/dimensionturistica.com\/es\/?p=1097250"},"modified":"2026-01-14T15:59:25","modified_gmt":"2026-01-14T15:59:25","slug":"las-artesanas-y-artesanos-de-mexico-tejen-el-record-guinness-de-la-exposicion-de-bordados-y-tejidos-mas-grande-del-mundo","status":"publish","type":"post","link":"https:\/\/dimensionturistica.com\/es\/las-artesanas-y-artesanos-de-mexico-tejen-el-record-guinness-de-la-exposicion-de-bordados-y-tejidos-mas-grande-del-mundo\/","title":{"rendered":"Las Artesanas y artesanos de M\u00e9xico tejen el R\u00e9cord Guinness de la Exposici\u00f3n de Bordados y Tejidos M\u00e1s Grande del Mundo"},"content":{"rendered":"\n<figure class=\"wp-block-gallery has-nested-images columns-default is-cropped wp-block-gallery-1 is-layout-flex wp-block-gallery-is-layout-flex\">\n<figure class=\"wp-block-image size-large\"><img decoding=\"async\" width=\"500\" height=\"333\" data-id=\"1097253\" src=\"https:\/\/dimensionturistica.com\/es\/wp-content\/uploads\/2026\/01\/11SECTUR-2.jpg\" alt=\"\" class=\"wp-image-1097253\" srcset=\"https:\/\/dimensionturistica.com\/es\/wp-content\/uploads\/2026\/01\/11SECTUR-2.jpg 500w, https:\/\/dimensionturistica.com\/es\/wp-content\/uploads\/2026\/01\/11SECTUR-2-300x200.jpg 300w\" sizes=\"(max-width: 500px) 100vw, 500px\" \/><\/figure>\n<\/figure>\n\n\n\n<p>La secretaria de Turismo del Gobierno de M\u00e9xico, Josefina Rodr\u00edguez Zamora, y la secretaria de Cultura, Claudia Curiel de Icaza, anunciaron que M\u00e9xico obtuvo oficialmente el R\u00e9cord Guinness por la Exposici\u00f3n de Bordados y Tejidos M\u00e1s Grande del Mundo, tras recibir la certificaci\u00f3n internacional que acredita la haza\u00f1a cultural y artesanal sin precedentes.<\/p>\n\n\n\n<figure class=\"wp-block-gallery has-nested-images columns-default is-cropped wp-block-gallery-2 is-layout-flex wp-block-gallery-is-layout-flex\">\n<figure class=\"wp-block-image size-large\"><img decoding=\"async\" width=\"500\" height=\"318\" data-id=\"1097254\" src=\"https:\/\/dimensionturistica.com\/es\/wp-content\/uploads\/2026\/01\/2SECTUR-1.jpg\" alt=\"\" class=\"wp-image-1097254\" srcset=\"https:\/\/dimensionturistica.com\/es\/wp-content\/uploads\/2026\/01\/2SECTUR-1.jpg 500w, https:\/\/dimensionturistica.com\/es\/wp-content\/uploads\/2026\/01\/2SECTUR-1-300x191.jpg 300w\" sizes=\"(max-width: 500px) 100vw, 500px\" \/><\/figure>\n<\/figure>\n\n\n\n<p>\u201cEsta exposici\u00f3n de bordados y tejidos m\u00e1s grande del mundo no es s\u00f3lo un reconocimiento en un papel, es el reconocimiento a un pa\u00eds entero. Hoy lo lograron 32 estados, 32 secretarias y secretarios de Turismo y de Cultura que comparten un tapiz: el mosaico de M\u00e9xico\u201d, subray\u00f3 la titular de Sectur.<\/p>\n\n\n\n<figure class=\"wp-block-gallery has-nested-images columns-default is-cropped wp-block-gallery-3 is-layout-flex wp-block-gallery-is-layout-flex\">\n<figure class=\"wp-block-image size-large\"><img decoding=\"async\" width=\"500\" height=\"333\" data-id=\"1097255\" src=\"https:\/\/dimensionturistica.com\/es\/wp-content\/uploads\/2026\/01\/3SECTUR-1.jpg\" alt=\"\" class=\"wp-image-1097255\" srcset=\"https:\/\/dimensionturistica.com\/es\/wp-content\/uploads\/2026\/01\/3SECTUR-1.jpg 500w, https:\/\/dimensionturistica.com\/es\/wp-content\/uploads\/2026\/01\/3SECTUR-1-300x200.jpg 300w\" sizes=\"(max-width: 500px) 100vw, 500px\" \/><\/figure>\n<\/figure>\n\n\n\n<p>Por su parte, la secretaria de Cultura del Gobierno de M\u00e9xico, Claudia Curiel de Icaza, resalt\u00f3 que el logro representa un momento clave para la pol\u00edtica cultural del pa\u00eds, al reconocer al bordado como un patrimonio vivo y una de las pr\u00e1cticas textiles m\u00e1s antiguas y significativas de M\u00e9xico.<\/p>\n\n\n\n<figure class=\"wp-block-gallery has-nested-images columns-default is-cropped wp-block-gallery-4 is-layout-flex wp-block-gallery-is-layout-flex\">\n<figure class=\"wp-block-image size-large\"><img decoding=\"async\" width=\"500\" height=\"333\" data-id=\"1097256\" src=\"https:\/\/dimensionturistica.com\/es\/wp-content\/uploads\/2026\/01\/4SECTUR-1.jpg\" alt=\"\" class=\"wp-image-1097256\" srcset=\"https:\/\/dimensionturistica.com\/es\/wp-content\/uploads\/2026\/01\/4SECTUR-1.jpg 500w, https:\/\/dimensionturistica.com\/es\/wp-content\/uploads\/2026\/01\/4SECTUR-1-300x200.jpg 300w\" sizes=\"(max-width: 500px) 100vw, 500px\" \/><\/figure>\n<\/figure>\n\n\n\n<p>\u201cLa diversidad de M\u00e9xico tambi\u00e9n se escribe en hilo\u201d, se\u00f1al\u00f3, al destacar que los dise\u00f1os incorporan motivos florales, geom\u00e9tricos y simb\u00f3licos que dan cuenta de la cosmovisi\u00f3n de los pueblos originarios. A\u00f1adi\u00f3 que el trabajo conjunto entre Cultura y Turismo refleja una visi\u00f3n compartida: \u201cEl turismo no es s\u00f3lo un destino; es identidad, memoria y comunidad viva\u201d.<\/p>\n\n\n\n<figure class=\"wp-block-gallery has-nested-images columns-default is-cropped wp-block-gallery-5 is-layout-flex wp-block-gallery-is-layout-flex\">\n<figure class=\"wp-block-image size-large\"><img decoding=\"async\" width=\"500\" height=\"333\" data-id=\"1097257\" src=\"https:\/\/dimensionturistica.com\/es\/wp-content\/uploads\/2026\/01\/6SECTUR-1.jpg\" alt=\"\" class=\"wp-image-1097257\" srcset=\"https:\/\/dimensionturistica.com\/es\/wp-content\/uploads\/2026\/01\/6SECTUR-1.jpg 500w, https:\/\/dimensionturistica.com\/es\/wp-content\/uploads\/2026\/01\/6SECTUR-1-300x200.jpg 300w\" sizes=\"(max-width: 500px) 100vw, 500px\" \/><\/figure>\n<\/figure>\n\n\n\n<p>En conferencia de prensa en el Complejo Cultural Los Pinos, la titular de la Secretar\u00eda de Turismo (Sectur) destac\u00f3 que este reconocimiento posiciona a M\u00e9xico en el escenario global, al demostrar la fuerza creativa, art\u00edstica y textil del pa\u00eds, y se convierte, adem\u00e1s, en una herramienta para fortalecer la Marca Pa\u00eds a trav\u00e9s de su patrimonio cultural.<\/p>\n\n\n\n<p>\u201cLa riqueza textil es una de las expresiones m\u00e1s profundas de nuestra identidad; es cultura, historia, creatividad y orgullo nacional\u201d, afirm\u00f3, al destacar el valor del talento creativo que existe en las comunidades artesanas.<\/p>\n\n\n\n<figure class=\"wp-block-gallery has-nested-images columns-default is-cropped wp-block-gallery-6 is-layout-flex wp-block-gallery-is-layout-flex\">\n<figure class=\"wp-block-image size-large\"><img decoding=\"async\" width=\"500\" height=\"333\" data-id=\"1097258\" src=\"https:\/\/dimensionturistica.com\/es\/wp-content\/uploads\/2026\/01\/7SECTUR-1.jpg\" alt=\"\" class=\"wp-image-1097258\" srcset=\"https:\/\/dimensionturistica.com\/es\/wp-content\/uploads\/2026\/01\/7SECTUR-1.jpg 500w, https:\/\/dimensionturistica.com\/es\/wp-content\/uploads\/2026\/01\/7SECTUR-1-300x200.jpg 300w\" sizes=\"(max-width: 500px) 100vw, 500px\" \/><\/figure>\n<\/figure>\n\n\n\n<p>En esta exposici\u00f3n participaron artesanas y artesanos provenientes de los 32 estados del pa\u00eds, sumando m\u00e1s de 200 creadoras y creadores que aportaron un total de 3 mil 809 piezas exhibidas, todas ellas elaboradas conforme a los criterios establecidos por Guinness World Records. No obstante, para efectos del conteo oficial y al momento de la verificaci\u00f3n, se contabilizaron 3 mil 106 piezas, cifra con la cual se alcanz\u00f3 y certific\u00f3 el R\u00e9cord Guinness. Todas las piezas fueron elaboradas sobre lienzos de 15 cent\u00edmetros por 15 cent\u00edmetros, utilizando hilos de m\u00e1s de cuatro colores y t\u00e9cnicas ancestrales como el pepenado, el telar de pedal, el punto atr\u00e1s, el cruzado con petatillo, la cadenita, el punto de cruz, el deshilado, el bordado de relleno, entre otras.<\/p>\n\n\n\n<figure class=\"wp-block-gallery has-nested-images columns-default is-cropped wp-block-gallery-7 is-layout-flex wp-block-gallery-is-layout-flex\">\n<figure class=\"wp-block-image size-large\"><img decoding=\"async\" width=\"500\" height=\"333\" data-id=\"1097259\" src=\"https:\/\/dimensionturistica.com\/es\/wp-content\/uploads\/2026\/01\/8SECTUR.jpg\" alt=\"\" class=\"wp-image-1097259\" srcset=\"https:\/\/dimensionturistica.com\/es\/wp-content\/uploads\/2026\/01\/8SECTUR.jpg 500w, https:\/\/dimensionturistica.com\/es\/wp-content\/uploads\/2026\/01\/8SECTUR-300x200.jpg 300w\" sizes=\"(max-width: 500px) 100vw, 500px\" \/><\/figure>\n<\/figure>\n\n\n\n<p>\u201cEste no es un logro del gobierno federal; es el resultado del trabajo de muchas manos de artesanas y artesanos. Muchas felicidades y mi reconocimiento a todas y todos ustedes. \u00a1Que viva M\u00e9xico y que viva la cultura!\u201d, concluy\u00f3.<\/p>\n\n\n\n<p>Por su parte, el juez certificador de Guinness World Records, Alfredo Arista, explic\u00f3 que para validar este intento oficial fue necesario cumplir con requisitos espec\u00edficos, incluyendo un m\u00ednimo de 2 mil piezas y la verificaci\u00f3n de que cada una fuera una obra de arte textil leg\u00edtima. A\u00f1adi\u00f3 que para ello se cont\u00f3 con especialistas que revisaron pieza por pieza hasta constatar el cumplimiento total de los criterios establecidos.<\/p>\n\n\n\n<p>\u201cTras este proceso, puedo dar la cifra oficial: 3,106 piezas exhibidas en la muestra de bordados m\u00e1s grande del mundo\u201d, anunci\u00f3.<\/p>\n\n\n\n<figure class=\"wp-block-gallery has-nested-images columns-default is-cropped wp-block-gallery-8 is-layout-flex wp-block-gallery-is-layout-flex\">\n<figure class=\"wp-block-image size-large\"><img decoding=\"async\" width=\"500\" height=\"333\" data-id=\"1097261\" src=\"https:\/\/dimensionturistica.com\/es\/wp-content\/uploads\/2026\/01\/9SECTUR.jpg\" alt=\"\" class=\"wp-image-1097261\" srcset=\"https:\/\/dimensionturistica.com\/es\/wp-content\/uploads\/2026\/01\/9SECTUR.jpg 500w, https:\/\/dimensionturistica.com\/es\/wp-content\/uploads\/2026\/01\/9SECTUR-300x200.jpg 300w\" sizes=\"(max-width: 500px) 100vw, 500px\" \/><\/figure>\n<\/figure>\n\n\n\n<p>Finalmente, expres\u00f3: \u201cMe complace dar la bienvenida a la Secretar\u00eda de Turismo del Gobierno de M\u00e9xico y a todas las artesanas y artesanos que hicieron posible este r\u00e9cord, a la familia de Guinness World Records. A partir de hoy, son oficialmente asombrosos. Muchas felicidades\u201d.<\/p>\n\n\n\n<p>La exposici\u00f3n se concibe, adem\u00e1s, como un espacio \u00fanico para reunir a bordadoras, bordadores, artesanas, artesanos y colectivos culturales de todas las regiones del territorio, fomentando la valoraci\u00f3n del trabajo manual, la identidad regional y la preservaci\u00f3n de t\u00e9cnicas y tradiciones ancestrales que han pasado de generaci\u00f3n en generaci\u00f3n.<\/p>\n\n\n\n<p>La muestra estar\u00e1 abierta al p\u00fablico en la planta baja de la Casa Miguel Alem\u00e1n del Complejo Cultural Los Pinos, de martes a domingo, de 10:00 a 18:00 horas, hasta el 1\u00b0 de febrero, y permitir\u00e1 apreciar la enorme riqueza y diversidad de estas expresiones, desde los bordados tradicionales hasta las propuestas contempor\u00e1neas, resaltando la maestr\u00eda y el talento de cada creadora y creador<\/p>\n\n\n\n<p>Durante la conferencia de prensa se cont\u00f3 con la presencia del vicepresidente de Asetur y secretario de Turismo de Michoac\u00e1n, Roberto Monroy Garc\u00eda; la enlace de Guinness World Records en M\u00e9xico, Ingrid Paola Rodr\u00edguez Borja; la artesana de Santa Cruz, Tlaxcala, Alicia Escobar \u00c1lvarez; la artesana de Puebla, Gloria Esp\u00edritu de la Cruz; la artesana de Quer\u00e9taro, Marisol Miguel Garc\u00eda; as\u00ed como secretarias y secretarios de Turismo de los estados, entre otros.<\/p>\n","protected":false},"excerpt":{"rendered":"<p>La secretaria de Turismo del Gobierno de M\u00e9xico, Josefina Rodr\u00edguez Zamora, y la secretaria de Cultura, Claudia Curiel de Icaza, anunciaron que M\u00e9xico obtuvo oficialmente el R\u00e9cord Guinness por la Exposici\u00f3n de Bordados y Tejidos M\u00e1s Grande del Mundo, tras recibir la certificaci\u00f3n internacional que acredita la haza\u00f1a cultural y artesanal sin precedentes. \u201cEsta exposici\u00f3n [&hellip;]<\/p>\n","protected":false},"author":1,"featured_media":0,"comment_status":"open","ping_status":"closed","sticky":false,"template":"","format":"standard","meta":{"om_disable_all_campaigns":false,"jnews-multi-image_gallery":[],"jnews_single_post":[],"jnews_primary_category":[],"jnews_social_meta":[],"footnotes":""},"categories":[40],"tags":[],"class_list":["post-1097250","post","type-post","status-publish","format-standard","hentry","category-industria"],"_links":{"self":[{"href":"https:\/\/dimensionturistica.com\/es\/wp-json\/wp\/v2\/posts\/1097250","targetHints":{"allow":["GET"]}}],"collection":[{"href":"https:\/\/dimensionturistica.com\/es\/wp-json\/wp\/v2\/posts"}],"about":[{"href":"https:\/\/dimensionturistica.com\/es\/wp-json\/wp\/v2\/types\/post"}],"author":[{"embeddable":true,"href":"https:\/\/dimensionturistica.com\/es\/wp-json\/wp\/v2\/users\/1"}],"replies":[{"embeddable":true,"href":"https:\/\/dimensionturistica.com\/es\/wp-json\/wp\/v2\/comments?post=1097250"}],"version-history":[{"count":1,"href":"https:\/\/dimensionturistica.com\/es\/wp-json\/wp\/v2\/posts\/1097250\/revisions"}],"predecessor-version":[{"id":1097262,"href":"https:\/\/dimensionturistica.com\/es\/wp-json\/wp\/v2\/posts\/1097250\/revisions\/1097262"}],"wp:attachment":[{"href":"https:\/\/dimensionturistica.com\/es\/wp-json\/wp\/v2\/media?parent=1097250"}],"wp:term":[{"taxonomy":"category","embeddable":true,"href":"https:\/\/dimensionturistica.com\/es\/wp-json\/wp\/v2\/categories?post=1097250"},{"taxonomy":"post_tag","embeddable":true,"href":"https:\/\/dimensionturistica.com\/es\/wp-json\/wp\/v2\/tags?post=1097250"}],"curies":[{"name":"wp","href":"https:\/\/api.w.org\/{rel}","templated":true}]}}