{"id":1097226,"date":"2026-01-14T15:18:41","date_gmt":"2026-01-14T15:18:41","guid":{"rendered":"https:\/\/dimensionturistica.com\/es\/?p=1097226"},"modified":"2026-01-14T15:18:41","modified_gmt":"2026-01-14T15:18:41","slug":"despegan-las-celebraciones-del-centenario-de-american-airlines","status":"publish","type":"post","link":"https:\/\/dimensionturistica.com\/es\/despegan-las-celebraciones-del-centenario-de-american-airlines\/","title":{"rendered":"Despegan las celebraciones del centenario de American Airlines"},"content":{"rendered":"\n<figure class=\"wp-block-gallery has-nested-images columns-default is-cropped wp-block-gallery-1 is-layout-flex wp-block-gallery-is-layout-flex\">\n<figure class=\"wp-block-image size-large\"><img decoding=\"async\" width=\"500\" height=\"179\" data-id=\"1097228\" src=\"https:\/\/dimensionturistica.com\/es\/wp-content\/uploads\/2026\/01\/1AMERICAN-1.jpg\" alt=\"\" class=\"wp-image-1097228\" srcset=\"https:\/\/dimensionturistica.com\/es\/wp-content\/uploads\/2026\/01\/1AMERICAN-1.jpg 500w, https:\/\/dimensionturistica.com\/es\/wp-content\/uploads\/2026\/01\/1AMERICAN-1-300x107.jpg 300w\" sizes=\"(max-width: 500px) 100vw, 500px\" \/><\/figure>\n<\/figure>\n\n\n\n<p>En 1926, la historia de una de las marcas a\u00e9reas m\u00e1s ic\u00f3nicas del mundo comenz\u00f3 con un<br>vuelo que transportaba correo de Chicago a St. Louis. Y 100 a\u00f1os despu\u00e9s, la historia de<br>ese primer vuelo se ha convertido en la de un l\u00edder global de la aviaci\u00f3n: American Airlines.<br>Si bien hay mucho que celebrar en 2026, a partir de hoy los clientes comenzar\u00e1n a ver y a<br>formar parte de las celebraciones de American por este hito de 100 a\u00f1os de vuelo.<\/p>\n\n\n\n<p>\u201cAmerican se enorgullece de estar entre el peque\u00f1o grupo de aerol\u00edneas que han celebrado 100 a\u00f1os de vuelo\u201d, dijo Robert Isom, director ejecutivo de American. \u201cNo hay una marca m\u00e1s ic\u00f3nica en la aviaci\u00f3n que American, construida sobre una cultura de innovaci\u00f3n y visi\u00f3n de futuro. Estamos listos para continuar ese legado durante los<br>pr\u00f3ximos 100 a\u00f1os para nuestros clientes y colaboradores\u201d.<\/p>\n\n\n\n<figure class=\"wp-block-gallery has-nested-images columns-default is-cropped wp-block-gallery-2 is-layout-flex wp-block-gallery-is-layout-flex\">\n<figure class=\"wp-block-image size-large\"><img decoding=\"async\" width=\"500\" height=\"281\" data-id=\"1097234\" src=\"https:\/\/dimensionturistica.com\/es\/wp-content\/uploads\/2026\/01\/2AMERICAN.jpg\" alt=\"\" class=\"wp-image-1097234\" srcset=\"https:\/\/dimensionturistica.com\/es\/wp-content\/uploads\/2026\/01\/2AMERICAN.jpg 500w, https:\/\/dimensionturistica.com\/es\/wp-content\/uploads\/2026\/01\/2AMERICAN-300x169.jpg 300w\" sizes=\"(max-width: 500px) 100vw, 500px\" \/><\/figure>\n<\/figure>\n\n\n\n<p><strong>Una celebraci\u00f3n del centenario para todos los clientes<\/strong><\/p>\n\n\n\n<p>Los viajeros deber\u00e1n tener listas sus c\u00e1maras para capturar una librea especial del centenario en un Boeing 737 a finales de este mes. Esta aeronave, que es uno de los pilares de la red dom\u00e9stica y de corto alcance internacional l\u00edder en la industria de American, rinde homenaje al pasado mientras mira hacia el futuro de los viajes.<\/p>\n\n\n\n<p>Hacia la parte trasera del avi\u00f3n, los anillos plateados en forma de infinito \u2014conocidos como el patr\u00f3n del centenario de American\u2014 representan un gui\u00f1o sutil al enfoque de la aerol\u00ednea en el futuro y a las posibilidades infinitas. Conoce m\u00e1s sobre los detalles detr\u00e1s del dise\u00f1o aqu\u00ed.<\/p>\n\n\n\n<p>Los viajeros tambi\u00e9n comenzar\u00e1n a ver el logotipo del centenario de la aerol\u00ednea en distintos puntos de su experiencia de viaje: desde el proceso de reservaci\u00f3n en l\u00ednea hasta los aeropuertos y a bordo.<\/p>\n\n\n\n<p>Este logotipo del centenario \u2014una combinaci\u00f3n fluida de la marca American con un<\/p>\n\n\n\n<p>s\u00edmbolo de infinito que representa el legado perdurable de la aerol\u00ednea y su conexi\u00f3n con los clientes\u2014 estar\u00e1 presente en los canales digitales de la aerol\u00ednea, incluyendo aa.com, redes sociales, pantallas de entretenimiento a bordo y mercanc\u00eda, como modelos de aviones con la librea del centenario. Adem\u00e1s, la aerol\u00ednea colocar\u00e1 un distintivo especial con el logotipo en su flota de m\u00e1s de 1,500 aeronaves, celebrando el centenario de American en cada vuelo.<\/p>\n\n\n\n<p>A lo largo de 2026, American celebrar\u00e1 de manera especial su a\u00f1o centenario junto con clientes y colaboradores. Los viajeros podr\u00e1n disfrutar de detalles conmemorativos, como kits de amenidades, pijamas, opciones de alimentos a bordo y otras experiencias exclusivas por tiempo limitado que despegar\u00e1n este a\u00f1o.<\/p>\n\n\n\n<p>Sum\u00e9rgete m\u00e1s en el centenario de American<\/p>\n\n\n\n<figure class=\"wp-block-gallery has-nested-images columns-default is-cropped wp-block-gallery-3 is-layout-flex wp-block-gallery-is-layout-flex\"><\/figure>\n\n\n\n<figure class=\"wp-block-gallery has-nested-images columns-default is-cropped wp-block-gallery-4 is-layout-flex wp-block-gallery-is-layout-flex\">\n<figure class=\"wp-block-image size-large\"><img decoding=\"async\" width=\"500\" height=\"281\" data-id=\"1097235\" src=\"https:\/\/dimensionturistica.com\/es\/wp-content\/uploads\/2026\/01\/4AMERICAN.jpg\" alt=\"\" class=\"wp-image-1097235\" srcset=\"https:\/\/dimensionturistica.com\/es\/wp-content\/uploads\/2026\/01\/4AMERICAN.jpg 500w, https:\/\/dimensionturistica.com\/es\/wp-content\/uploads\/2026\/01\/4AMERICAN-300x169.jpg 300w\" sizes=\"(max-width: 500px) 100vw, 500px\" \/><\/figure>\n<\/figure>\n\n\n\n<p>American lanz\u00f3 un sitio web especial para rendir homenaje a la rica historia de la aerol\u00ednea. A partir de hoy, visita aa.com\/american100 para conocer m\u00e1s sobre los primeros 100 a\u00f1os de American, leer historias de colaboradores y adquirir mercanc\u00eda<\/p>\n\n\n\n<p>conmemorativa del centenario.<\/p>\n\n\n\n<p>Durante todo 2026, la historia de innovaci\u00f3n, conexi\u00f3n, experiencia al cliente, trabajo en equipo y lealtad de American estar\u00e1 presente para que los clientes conozcan c\u00f3mo la aerol\u00ednea ha evolucionado y perseverado a lo largo de los \u00faltimos 100 a\u00f1os.<\/p>\n\n\n\n<p>En 1926, un avi\u00f3n DH-4 de la Robertson Aircraft Corporation despeg\u00f3 de Chicago rumbo a St. Louis transportando correo. Con ese vuelo se sembraron las ra\u00edces de lo que hoy es American. Desde ese primer despegue hasta el lanzamiento del programa AAdvantage\u00ae,<\/p>\n\n\n\n<p>l\u00edder en la industria, y la creaci\u00f3n del primer lounge aeroportuario del mundo, as\u00ed como la experiencia de viaje del futuro con los asientos Flagship Suite\u00ae, conocer m\u00e1s sobre la historia y el legado de American est\u00e1 disponible a solo un clic.<\/p>\n\n\n\n<p><strong>Visite el micrositio \u00bb<\/strong><\/p>\n\n\n\n<p>Los tarjetahabientes Citi\u00ae \/ AAdvantage\u00ae Mastercard\u00ae celebran con tarjetas conmemorativas de edici\u00f3n limitada<\/p>\n\n\n\n<p>Los nuevos tarjetahabientes de Citi\u00ae \/ AAdvantage\u00ae Mastercard\u00ae ahora tienen la oportunidad de llevar un pedazo de historia en su cartera.<\/p>\n\n\n\n<p>Para celebrar el hito del centenario de American, a partir de hoy y por tiempo limitado,<\/p>\n\n\n\n<p>todas las nuevas tarjetas y reemisiones de las tarjetas de cr\u00e9dito Citi\u00ae \/ AAdvantage\u00ae<\/p>\n\n\n\n<p>Platinum Select\u00ae World Elite Mastercard\u00ae, Citi\u00ae \/ AAdvantage\u00ae Globe&#x2122; Mastercard\u00ae y<\/p>\n\n\n\n<p>Citi\u00ae \/ AAdvantage\u00ae Executive World Elite Mastercard\u00ae presentar\u00e1n un dise\u00f1o conmemorativo exclusivo que muestra el logotipo del centenario de American.<\/p>\n\n\n\n<p>Ya sea en la cartera de un cliente o volando sobre las nubes en los aviones de American, el logotipo del centenario demuestra el compromiso de la aerol\u00ednea de seguir avanzando siempre hacia el futuro.<\/p>\n","protected":false},"excerpt":{"rendered":"<p>En 1926, la historia de una de las marcas a\u00e9reas m\u00e1s ic\u00f3nicas del mundo comenz\u00f3 con unvuelo que transportaba correo de Chicago a St. Louis. Y 100 a\u00f1os despu\u00e9s, la historia deese primer vuelo se ha convertido en la de un l\u00edder global de la aviaci\u00f3n: American Airlines.Si bien hay mucho que celebrar en 2026, [&hellip;]<\/p>\n","protected":false},"author":1,"featured_media":0,"comment_status":"open","ping_status":"closed","sticky":false,"template":"","format":"standard","meta":{"om_disable_all_campaigns":false,"jnews-multi-image_gallery":[],"jnews_single_post":[],"jnews_primary_category":[],"jnews_social_meta":[],"footnotes":""},"categories":[39],"tags":[],"class_list":["post-1097226","post","type-post","status-publish","format-standard","hentry","category-viajes"],"_links":{"self":[{"href":"https:\/\/dimensionturistica.com\/es\/wp-json\/wp\/v2\/posts\/1097226","targetHints":{"allow":["GET"]}}],"collection":[{"href":"https:\/\/dimensionturistica.com\/es\/wp-json\/wp\/v2\/posts"}],"about":[{"href":"https:\/\/dimensionturistica.com\/es\/wp-json\/wp\/v2\/types\/post"}],"author":[{"embeddable":true,"href":"https:\/\/dimensionturistica.com\/es\/wp-json\/wp\/v2\/users\/1"}],"replies":[{"embeddable":true,"href":"https:\/\/dimensionturistica.com\/es\/wp-json\/wp\/v2\/comments?post=1097226"}],"version-history":[{"count":1,"href":"https:\/\/dimensionturistica.com\/es\/wp-json\/wp\/v2\/posts\/1097226\/revisions"}],"predecessor-version":[{"id":1097237,"href":"https:\/\/dimensionturistica.com\/es\/wp-json\/wp\/v2\/posts\/1097226\/revisions\/1097237"}],"wp:attachment":[{"href":"https:\/\/dimensionturistica.com\/es\/wp-json\/wp\/v2\/media?parent=1097226"}],"wp:term":[{"taxonomy":"category","embeddable":true,"href":"https:\/\/dimensionturistica.com\/es\/wp-json\/wp\/v2\/categories?post=1097226"},{"taxonomy":"post_tag","embeddable":true,"href":"https:\/\/dimensionturistica.com\/es\/wp-json\/wp\/v2\/tags?post=1097226"}],"curies":[{"name":"wp","href":"https:\/\/api.w.org\/{rel}","templated":true}]}}