{"id":1097215,"date":"2026-01-14T14:39:59","date_gmt":"2026-01-14T14:39:59","guid":{"rendered":"https:\/\/dimensionturistica.com\/es\/?p=1097215"},"modified":"2026-01-14T14:39:59","modified_gmt":"2026-01-14T14:39:59","slug":"revolucione-mi-piel-y-figura-en-solo-14-dias","status":"publish","type":"post","link":"https:\/\/dimensionturistica.com\/es\/revolucione-mi-piel-y-figura-en-solo-14-dias\/","title":{"rendered":"Revolucion\u00e9 mi piel y figura en solo 14 d\u00edas."},"content":{"rendered":"<h3>Transforma tu bienestar en dos semanas: Un viaje hacia la renovaci\u00f3n personal<\/h3>\n<p>\u00bfAlguna vez has sentido la necesidad de un cambio radical en tu vida? A veces, nuestro cuerpo y mente piden a gritos una renovaci\u00f3n, y no hay mejor manera de atender esa necesidad que embarc\u00e1ndose en un viaje transformador. Si est\u00e1s buscando revitalizar tu piel y tu cuerpo, solo necesitas catorce d\u00edas para sentir la diferencia. <\/p>\n<h4>El poder de un plan estructurado<\/h4>\n<p>El primer paso para lograr un cambio significativo es adoptar un enfoque sistem\u00e1tico. Durante dos semanas, es crucial seguir un plan que no solo se centre en la alimentaci\u00f3n, sino que tambi\u00e9n abarque la actividad f\u00edsica y el cuidado personal. Ajustar tu dieta a alimentos frescos y nutritivos es el punto de partida. Imagina llenarte de energ\u00eda al consumir frutas, verduras y prote\u00ednas magras, dejando atr\u00e1s los alimentos procesados que solo aportan vac\u00edo. <\/p>\n<h4>Hidrataci\u00f3n: el elixir de la juventud<\/h4>\n<p>Uno de los secretos mejor guardados para una piel radiante es la hidrataci\u00f3n. Beber suficiente agua no solo mejora tu aspecto exterior, sino que tambi\u00e9n impacta positivamente en tu salud general. Recuerda que el agua es esencial para eliminar toxinas y mantener tu piel con un brillo saludable. Integra infusiones de hierbas o agua de frutas para hacer esta tarea m\u00e1s placentera y deliciosa.<\/p>\n<h4>Movimiento: activa tu vitalidad<\/h4>\n<p>La actividad f\u00edsica es esencial. No es necesario ser un atleta; simplemente busca una actividad que disfrutes. Ya sea caminar, nadar o practicar yoga, lo importante es que tu cuerpo est\u00e9 en movimiento. Dedica al menos treinta minutos al d\u00eda para liberar endorfinas y mejorar tu estado de \u00e1nimo. La conexi\u00f3n entre mente y cuerpo se fortalece cuando te mueves, y eso se refleja en tu apariencia y actitud.<\/p>\n<h4>Cuidado de la piel: un ritual diario<\/h4>\n<p>Tu rostro es el reflejo de c\u00f3mo te sientes por dentro. Dedica tiempo a cuidar tu piel mediante una rutina diaria que incluya limpieza, hidrataci\u00f3n y protecci\u00f3n solar. No escatimes en la calidad de tus productos; una buena crema hidratante y un protector solar son inversiones en tu salud. Si encuentras el tiempo para un spa en casa, \u00a1aprov\u00e9chalo! Una mascarilla facial ocasional puede ofrecer un extra de luminosidad.<\/p>\n<h4>Encuentra el equilibrio: mente y cuerpo<\/h4>\n<p>El cuidado personal va m\u00e1s all\u00e1 de lo f\u00edsico. La meditaci\u00f3n, la lectura o simplemente pasar tiempo en la naturaleza son actividades que ayudan a equilibrar tu mente. Invierte tiempo en reflexionar sobre tus metas y deseos; esto no solo te permitir\u00e1 conectar contigo mismo, sino que tambi\u00e9n te motivar\u00e1 a alcanzar tus objetivos de bienestar.<\/p>\n<h4>El impacto de la comunidad<\/h4>\n<p>Recuerda, no est\u00e1s solo en este viaje. Compartir tu proceso con amigos o unirte a una comunidad puede ser motivador. Las redes sociales ofrecen un vasto mundo donde puedes encontrar grupos de apoyo que comparten tus metas. Inspirarse mutuamente refuerza la dedicaci\u00f3n y hace que el camino sea m\u00e1s ameno.<\/p>\n<h3>\u00bfListo para iniciar la transformaci\u00f3n?<\/h3>\n<p>Al final de estos catorce d\u00edas, no solo notar\u00e1s cambios en tu piel y cuerpo, sino que tambi\u00e9n habr\u00e1s cultivado h\u00e1bitos que beneficiar\u00e1n tu bienestar a largo plazo. Recuerda, cada peque\u00f1o paso cuenta en el camino hacia una vida m\u00e1s saludable y plena. As\u00ed que, \u00a1adelante! Tu viaje hacia la transformaci\u00f3n comienza ahora.<\/p>\n<p><em> &#8221; Fuentes columnadigital.com &#8221; <\/em><\/p>\n","protected":false},"excerpt":{"rendered":"<p>Transforma tu bienestar en dos semanas: Un viaje hacia la renovaci\u00f3n personal \u00bfAlguna vez has sentido la necesidad de un cambio radical en tu vida? A veces, nuestro cuerpo y mente piden a gritos una renovaci\u00f3n, y no hay mejor manera de atender esa necesidad que embarc\u00e1ndose en un viaje transformador. Si est\u00e1s buscando revitalizar [&hellip;]<\/p>\n","protected":false},"author":4,"featured_media":0,"comment_status":"open","ping_status":"closed","sticky":false,"template":"","format":"standard","meta":{"om_disable_all_campaigns":false,"jnews-multi-image_gallery":[],"jnews_single_post":[],"jnews_primary_category":[],"jnews_social_meta":[],"footnotes":""},"categories":[39],"tags":[77136,10689,3381,9899,9047,233985,20218,172557,26554,1720,21503,44684,188910,649,199021,10368],"class_list":["post-1097215","post","type-post","status-publish","format-standard","hentry","category-viajes","tag-14-dias","tag-alimentacion","tag-belleza","tag-bienestar","tag-cambios","tag-columna-digital","tag-cuerpo","tag-cuidado-personal","tag-dieta","tag-estilo-de-vida","tag-piel","tag-proteinas","tag-rejuvenecimiento","tag-salud","tag-tips-de-belleza","tag-transformacion"],"_links":{"self":[{"href":"https:\/\/dimensionturistica.com\/es\/wp-json\/wp\/v2\/posts\/1097215","targetHints":{"allow":["GET"]}}],"collection":[{"href":"https:\/\/dimensionturistica.com\/es\/wp-json\/wp\/v2\/posts"}],"about":[{"href":"https:\/\/dimensionturistica.com\/es\/wp-json\/wp\/v2\/types\/post"}],"author":[{"embeddable":true,"href":"https:\/\/dimensionturistica.com\/es\/wp-json\/wp\/v2\/users\/4"}],"replies":[{"embeddable":true,"href":"https:\/\/dimensionturistica.com\/es\/wp-json\/wp\/v2\/comments?post=1097215"}],"version-history":[{"count":1,"href":"https:\/\/dimensionturistica.com\/es\/wp-json\/wp\/v2\/posts\/1097215\/revisions"}],"predecessor-version":[{"id":1097216,"href":"https:\/\/dimensionturistica.com\/es\/wp-json\/wp\/v2\/posts\/1097215\/revisions\/1097216"}],"wp:attachment":[{"href":"https:\/\/dimensionturistica.com\/es\/wp-json\/wp\/v2\/media?parent=1097215"}],"wp:term":[{"taxonomy":"category","embeddable":true,"href":"https:\/\/dimensionturistica.com\/es\/wp-json\/wp\/v2\/categories?post=1097215"},{"taxonomy":"post_tag","embeddable":true,"href":"https:\/\/dimensionturistica.com\/es\/wp-json\/wp\/v2\/tags?post=1097215"}],"curies":[{"name":"wp","href":"https:\/\/api.w.org\/{rel}","templated":true}]}}