{"id":1096932,"date":"2026-01-13T22:35:16","date_gmt":"2026-01-13T22:35:16","guid":{"rendered":"https:\/\/dimensionturistica.com\/es\/?p=1096932"},"modified":"2026-01-13T22:35:16","modified_gmt":"2026-01-13T22:35:16","slug":"en-la-temporada-invernal-tambien-se-suda-la-vestimenta-gruesa-y-ajustada-puede-atrapar-la-humedad-generar-friccion-y-causar-mal-olor-en-todo-el-cuerpo","status":"publish","type":"post","link":"https:\/\/dimensionturistica.com\/es\/en-la-temporada-invernal-tambien-se-suda-la-vestimenta-gruesa-y-ajustada-puede-atrapar-la-humedad-generar-friccion-y-causar-mal-olor-en-todo-el-cuerpo\/","title":{"rendered":"\u00a0En la temporada invernal tambi\u00e9n se suda. La vestimenta gruesa y ajustada\u00a0 puede \u201catrapar\u201d la humedad, generar fricci\u00f3n y causar mal olor en todo el\u00a0 cuerpo."},"content":{"rendered":"\n<figure class=\"wp-block-gallery has-nested-images columns-default is-cropped wp-block-gallery-1 is-layout-flex wp-block-gallery-is-layout-flex\">\n<figure class=\"wp-block-image size-large\"><img decoding=\"async\" width=\"500\" height=\"503\" data-id=\"1096933\" src=\"https:\/\/dimensionturistica.com\/es\/wp-content\/uploads\/2026\/01\/5PIEL.jpg\" alt=\"\" class=\"wp-image-1096933\" srcset=\"https:\/\/dimensionturistica.com\/es\/wp-content\/uploads\/2026\/01\/5PIEL.jpg 500w, https:\/\/dimensionturistica.com\/es\/wp-content\/uploads\/2026\/01\/5PIEL-298x300.jpg 298w, https:\/\/dimensionturistica.com\/es\/wp-content\/uploads\/2026\/01\/5PIEL-150x150.jpg 150w, https:\/\/dimensionturistica.com\/es\/wp-content\/uploads\/2026\/01\/5PIEL-75x75.jpg 75w\" sizes=\"(max-width: 500px) 100vw, 500px\" \/><\/figure>\n<\/figure>\n\n\n\n<p>Conforme la temperatura va bajando es com\u00fan que usemos todo tipo de ropa gruesa para mantenernos calientes, ya sean su\u00e9teres, abrigos, chamarras, ropa t\u00e9rmica o bufandas. Sin embargo, este tipo de prendas podr\u00eda originar algunos inconvenientes en nuestra piel sin darnos cuenta. As\u00ed, tambi\u00e9n en el invierno debemos tomar ciertas medidas para proteger nuestra piel.<\/p>\n\n\n\n<figure class=\"wp-block-gallery has-nested-images columns-default is-cropped wp-block-gallery-2 is-layout-flex wp-block-gallery-is-layout-flex\">\n<figure class=\"wp-block-image size-large\"><img decoding=\"async\" width=\"1024\" height=\"1024\" data-id=\"1096934\" src=\"https:\/\/dimensionturistica.com\/es\/wp-content\/uploads\/2026\/01\/DOVE-ABD-2-1024x1024.jpg\" alt=\"\" class=\"wp-image-1096934\" srcset=\"https:\/\/dimensionturistica.com\/es\/wp-content\/uploads\/2026\/01\/DOVE-ABD-2-1024x1024.jpg 1024w, https:\/\/dimensionturistica.com\/es\/wp-content\/uploads\/2026\/01\/DOVE-ABD-2-300x300.jpg 300w, https:\/\/dimensionturistica.com\/es\/wp-content\/uploads\/2026\/01\/DOVE-ABD-2-150x150.jpg 150w, https:\/\/dimensionturistica.com\/es\/wp-content\/uploads\/2026\/01\/DOVE-ABD-2-768x768.jpg 768w, https:\/\/dimensionturistica.com\/es\/wp-content\/uploads\/2026\/01\/DOVE-ABD-2-1536x1536.jpg 1536w, https:\/\/dimensionturistica.com\/es\/wp-content\/uploads\/2026\/01\/DOVE-ABD-2-2048x2048.jpg 2048w, https:\/\/dimensionturistica.com\/es\/wp-content\/uploads\/2026\/01\/DOVE-ABD-2-75x75.jpg 75w, https:\/\/dimensionturistica.com\/es\/wp-content\/uploads\/2026\/01\/DOVE-ABD-2-350x350.jpg 350w, https:\/\/dimensionturistica.com\/es\/wp-content\/uploads\/2026\/01\/DOVE-ABD-2-750x750.jpg 750w, https:\/\/dimensionturistica.com\/es\/wp-content\/uploads\/2026\/01\/DOVE-ABD-2-1140x1140.jpg 1140w\" sizes=\"(max-width: 1024px) 100vw, 1024px\" \/><\/figure>\n<\/figure>\n\n\n\n<p>La mayor\u00eda del tiempo relacionamos el sudor con el calor, pero tambi\u00e9n se puede llegar a transpirar con el fr\u00edo, ya que es un proceso natural de nuestro cuerpo para regular la temperatura. Cuando usamos capas con poca transpirabilidad, la humedad queda atrapada causando mal olor, aumento de fricci\u00f3n y, en ocasiones, piel irritada.<\/p>\n\n\n\n<p>De acuerdo con informaci\u00f3n del portal para profesionales de la salud AlmirallMED, el<\/p>\n\n\n\n<p>uso de ropa de abrigo y calzado cerrado durante el invierno puede tener un impacto<\/p>\n\n\n\n<p>significativo en la salud de la piel. El aumento de la superficie de piel en contacto con<\/p>\n\n\n\n<p>los tejidos y la fricci\u00f3n generada por el uso de m\u00faltiples capas puede desencadenar<\/p>\n\n\n\n<p>irritaciones y reacciones inflamatorias en la piel y alterar su microbiota 1<\/p>\n\n\n\n<figure class=\"wp-block-gallery has-nested-images columns-default is-cropped wp-block-gallery-3 is-layout-flex wp-block-gallery-is-layout-flex\">\n<figure class=\"wp-block-image size-large\"><img decoding=\"async\" width=\"500\" height=\"751\" data-id=\"1096935\" src=\"https:\/\/dimensionturistica.com\/es\/wp-content\/uploads\/2026\/01\/3PIEL.jpg\" alt=\"\" class=\"wp-image-1096935\" srcset=\"https:\/\/dimensionturistica.com\/es\/wp-content\/uploads\/2026\/01\/3PIEL.jpg 500w, https:\/\/dimensionturistica.com\/es\/wp-content\/uploads\/2026\/01\/3PIEL-200x300.jpg 200w\" sizes=\"(max-width: 500px) 100vw, 500px\" \/><\/figure>\n<\/figure>\n\n\n\n<p>Para reducir la irritaci\u00f3n y la humedad en invierno, se recomienda usar ropa hecha con materiales transpirables como algod\u00f3n, lana, bamb\u00fa y seda. Expertos recomiendan usar prendas suaves, capas intermedias ligeras y telas que permitan la movilidad y que no sean sint\u00e9ticas ni ajustadas.<\/p>\n\n\n\n<p><strong>El cuidado que la piel necesita en el invierno<\/strong><\/p>\n\n\n\n<p>La combinaci\u00f3n de capas gruesas y sudor genera el mal olor en las axilas y tambi\u00e9n en otras zonas donde no se aplica desodorante. Sentir que est\u00e1s sudando en otras \u00e1reas del cuerpo y percibir mal olor llega a ser inc\u00f3modo y causa inseguridades.<\/p>\n\n\n\n<p>Para atender esta necesidad, Dove recomienda \u201cAll Body Deo\u201d, el primer desodorante<\/p>\n\n\n\n<p>dise\u00f1ado para proteger y cuidar distintas \u00e1reas del cuerpo, ofreciendo frescura en<\/p>\n\n\n\n<figure class=\"wp-block-gallery has-nested-images columns-default is-cropped wp-block-gallery-4 is-layout-flex wp-block-gallery-is-layout-flex\">\n<figure class=\"wp-block-image size-large\"><img decoding=\"async\" width=\"500\" height=\"751\" data-id=\"1096936\" src=\"https:\/\/dimensionturistica.com\/es\/wp-content\/uploads\/2026\/01\/6PIEL.jpg\" alt=\"\" class=\"wp-image-1096936\" srcset=\"https:\/\/dimensionturistica.com\/es\/wp-content\/uploads\/2026\/01\/6PIEL.jpg 500w, https:\/\/dimensionturistica.com\/es\/wp-content\/uploads\/2026\/01\/6PIEL-200x300.jpg 200w\" sizes=\"(max-width: 500px) 100vw, 500px\" \/><\/figure>\n<\/figure>\n\n\n\n<p>1 Almirallmed. 2024. \u00bfC\u00f3mo afecta el invierno a la piel y a las enfermedades dermatol\u00f3gicas? Recuperado de: https:\/\/atencionprimaria.almirallmed.es\/actualizaciones\/como-afecta-el-invierno-a-la-piel-y-a-las-enfermedades-dermatologicas\/<\/p>\n\n\n\n<p>zonas como pecho, espalda o piernas. Este portafolio no contiene alcohol ni aluminio, por ello no irrita la piel, adem\u00e1s cuenta con Vitamina B3 y otros ingredientes dermatol\u00f3gicamente probados para respetar la barrera cut\u00e1nea de la piel.<\/p>\n\n\n\n<p>Est\u00e1 disponible en dos presentaciones:<\/p>\n\n\n\n<p>1. Aerosol: permite una sensaci\u00f3n fresca e inmediata hasta por 72 horas, no deja<\/p>\n\n\n\n<p>ning\u00fan tipo de residuo y es muy ligero<\/p>\n\n\n\n<p>2. Crema: contiene \u00e1cido l\u00e1ctico, glicerina, vitamina B3 y vitamina E; suaviza la piel<\/p>\n\n\n\n<figure class=\"wp-block-gallery has-nested-images columns-default is-cropped wp-block-gallery-5 is-layout-flex wp-block-gallery-is-layout-flex\">\n<figure class=\"wp-block-image size-large\"><img decoding=\"async\" width=\"500\" height=\"751\" data-id=\"1096937\" src=\"https:\/\/dimensionturistica.com\/es\/wp-content\/uploads\/2026\/01\/1PIEL.jpg\" alt=\"\" class=\"wp-image-1096937\" srcset=\"https:\/\/dimensionturistica.com\/es\/wp-content\/uploads\/2026\/01\/1PIEL.jpg 500w, https:\/\/dimensionturistica.com\/es\/wp-content\/uploads\/2026\/01\/1PIEL-200x300.jpg 200w\" sizes=\"(max-width: 500px) 100vw, 500px\" \/><\/figure>\n<\/figure>\n\n\n\n<p>y protege la barrera natural, incluso en zonas sensibles. La crema est\u00e1 testeada ginecol\u00f3gicamente, un gran diferenciador frente a otros formatos.<\/p>\n\n\n\n<p>Ambas presentaciones se pueden encontrar en dos fragancias adictivas: \u201cRaspberry<\/p>\n\n\n\n<p>Rose\u201d y \u201cLavender &nbsp;Camomile\u201d.<\/p>\n\n\n\n<p>\u201cCon Dove All Body Deo buscamos responder a las necesidades reales de las mujeres, al ofrecerles un producto que cuida su piel, las mantiene protegidas y seguras contra el mal olor todo el d\u00eda\u201d, comenta Thal\u00eda Reyes, directora de Marketing para desodorantes en Unilever.<\/p>\n\n\n\n<p>\u201cDove All Body Deo es un portafolio elaborado por dermat\u00f3logos con ingredientes que protegen la piel. Es un producto que brinda frescura, confort y confianza en cualquier parte que se aplique\u201d, destaca.<\/p>\n\n\n\n<p>El fr\u00edo va m\u00e1s all\u00e1 de abrigarnos: implica cambiar nuestra rutina y poner atenci\u00f3n a las necesidades de nuestra piel. Es importante identificar qu\u00e9 telas y en qu\u00e9 zonas<\/p>\n\n\n\n<p>sentimos molestias o incomodidad para evitar rozaduras, humedad y mal olor. En este sentido, productos como Dove All Body Deo son la soluci\u00f3n perfecta para estar<\/p>\n\n\n\n<p>protegida y fresca todo el d\u00eda.<\/p>\n\n\n\n<p>#DoveAllBodyDeo #Dove<\/p>\n\n\n\n<figure class=\"wp-block-embed\"><div class=\"wp-block-embed__wrapper\">\nhttps:\/\/www.dove.com\/mx\/home.html\n<\/div><\/figure>\n\n\n\n<figure class=\"wp-block-embed is-type-rich is-provider-tiktok wp-block-embed-tiktok\"><div class=\"wp-block-embed__wrapper\">\n<blockquote class=\"tiktok-embed\" cite=\"https:\/\/www.tiktok.com\/@dovemexico\" data-unique-id=\"dovemexico\" data-embed-from=\"oembed\" data-embed-type=\"creator\" style=\"max-width:780px; min-width:288px;\"> <section> <a target=\"_blank\" href=\"https:\/\/www.tiktok.com\/@dovemexico?refer=creator_embed\">@dovemexico<\/a> <\/section> <\/blockquote> <script async src=\"https:\/\/www.tiktok.com\/embed.js\"><\/script>\n<\/div><\/figure>\n\n\n\n<figure class=\"wp-block-embed\"><div class=\"wp-block-embed__wrapper\">\nhttps:\/\/www.instagram.com\/dovemex\n<\/div><\/figure>\n","protected":false},"excerpt":{"rendered":"<p>Conforme la temperatura va bajando es com\u00fan que usemos todo tipo de ropa gruesa para mantenernos calientes, ya sean su\u00e9teres, abrigos, chamarras, ropa t\u00e9rmica o bufandas. Sin embargo, este tipo de prendas podr\u00eda originar algunos inconvenientes en nuestra piel sin darnos cuenta. As\u00ed, tambi\u00e9n en el invierno debemos tomar ciertas medidas para proteger nuestra piel. [&hellip;]<\/p>\n","protected":false},"author":1,"featured_media":0,"comment_status":"open","ping_status":"closed","sticky":false,"template":"","format":"standard","meta":{"om_disable_all_campaigns":false,"jnews-multi-image_gallery":[],"jnews_single_post":[],"jnews_primary_category":[],"jnews_social_meta":[],"footnotes":""},"categories":[144872],"tags":[],"class_list":["post-1096932","post","type-post","status-publish","format-standard","hentry","category-fashion"],"_links":{"self":[{"href":"https:\/\/dimensionturistica.com\/es\/wp-json\/wp\/v2\/posts\/1096932","targetHints":{"allow":["GET"]}}],"collection":[{"href":"https:\/\/dimensionturistica.com\/es\/wp-json\/wp\/v2\/posts"}],"about":[{"href":"https:\/\/dimensionturistica.com\/es\/wp-json\/wp\/v2\/types\/post"}],"author":[{"embeddable":true,"href":"https:\/\/dimensionturistica.com\/es\/wp-json\/wp\/v2\/users\/1"}],"replies":[{"embeddable":true,"href":"https:\/\/dimensionturistica.com\/es\/wp-json\/wp\/v2\/comments?post=1096932"}],"version-history":[{"count":1,"href":"https:\/\/dimensionturistica.com\/es\/wp-json\/wp\/v2\/posts\/1096932\/revisions"}],"predecessor-version":[{"id":1096938,"href":"https:\/\/dimensionturistica.com\/es\/wp-json\/wp\/v2\/posts\/1096932\/revisions\/1096938"}],"wp:attachment":[{"href":"https:\/\/dimensionturistica.com\/es\/wp-json\/wp\/v2\/media?parent=1096932"}],"wp:term":[{"taxonomy":"category","embeddable":true,"href":"https:\/\/dimensionturistica.com\/es\/wp-json\/wp\/v2\/categories?post=1096932"},{"taxonomy":"post_tag","embeddable":true,"href":"https:\/\/dimensionturistica.com\/es\/wp-json\/wp\/v2\/tags?post=1096932"}],"curies":[{"name":"wp","href":"https:\/\/api.w.org\/{rel}","templated":true}]}}