{"id":1096912,"date":"2026-01-13T21:55:22","date_gmt":"2026-01-13T21:55:22","guid":{"rendered":"https:\/\/dimensionturistica.com\/es\/?p=1096912"},"modified":"2026-01-13T21:55:22","modified_gmt":"2026-01-13T21:55:22","slug":"queretaro-impulsa-la-promocion-turistica-del-camino-de-santiago-en-la-sierra-gorda","status":"publish","type":"post","link":"https:\/\/dimensionturistica.com\/es\/queretaro-impulsa-la-promocion-turistica-del-camino-de-santiago-en-la-sierra-gorda\/","title":{"rendered":"Quer\u00e9taro Impulsa la promoci\u00f3n tur\u00edstica del Camino de Santiago en la Sierra Gorda"},"content":{"rendered":"\n<figure class=\"wp-block-gallery has-nested-images columns-default is-cropped wp-block-gallery-1 is-layout-flex wp-block-gallery-is-layout-flex\">\n<figure class=\"wp-block-image size-large\"><img decoding=\"async\" width=\"424\" height=\"123\" data-id=\"1096913\" src=\"https:\/\/dimensionturistica.com\/es\/wp-content\/uploads\/2026\/01\/1QUER.jpg\" alt=\"\" class=\"wp-image-1096913\" srcset=\"https:\/\/dimensionturistica.com\/es\/wp-content\/uploads\/2026\/01\/1QUER.jpg 424w, https:\/\/dimensionturistica.com\/es\/wp-content\/uploads\/2026\/01\/1QUER-300x87.jpg 300w\" sizes=\"(max-width: 424px) 100vw, 424px\" \/><\/figure>\n<\/figure>\n\n\n\n<p>&nbsp;En su primera gira del a\u00f1o, el gobernador Mauricio Kuri encabez\u00f3 la entrega de se\u00f1al\u00e9tica del Camino Inici\u00e1tico al Camino de Santiago de Compostela en la Sierra Gorda de Quer\u00e9taro, que con una extensi\u00f3n de 127 kil\u00f3metros impacta en m\u00e1s de 60 prestadores de servicios identificados en la ruta que recorre cuatro municipios.<\/p>\n\n\n\n<p>Ante representantes de la Orden de Caballeros del Camino de Santiago, el mandatario estatal sostuvo que la puesta en marcha de esta ruta representa un antes y un despu\u00e9s para la zona serrana, y record\u00f3 que la historia da cuenta de que una aparici\u00f3n del ap\u00f3stol Santiago en 1531 dio origen a lo que posteriormente se conocer\u00eda como Quer\u00e9taro.<\/p>\n\n\n\n<p>&#8220;Lo que est\u00e1 sucediendo el d\u00eda de hoy aqu\u00ed en Quer\u00e9taro marcar\u00e1 un antes y un despu\u00e9s. Es lo que estamos haciendo aqu\u00ed el d\u00eda de hoy, en solidaridad, caminar juntos hacia un mejor Quer\u00e9taro&#8221;, afirm\u00f3.<\/p>\n\n\n\n<figure class=\"wp-block-gallery has-nested-images columns-default is-cropped wp-block-gallery-2 is-layout-flex wp-block-gallery-is-layout-flex\">\n<figure class=\"wp-block-image size-large\"><img decoding=\"async\" width=\"500\" height=\"333\" data-id=\"1096914\" src=\"https:\/\/dimensionturistica.com\/es\/wp-content\/uploads\/2026\/01\/2QUER.jpg\" alt=\"\" class=\"wp-image-1096914\" srcset=\"https:\/\/dimensionturistica.com\/es\/wp-content\/uploads\/2026\/01\/2QUER.jpg 500w, https:\/\/dimensionturistica.com\/es\/wp-content\/uploads\/2026\/01\/2QUER-300x200.jpg 300w\" sizes=\"(max-width: 500px) 100vw, 500px\" \/><\/figure>\n<\/figure>\n\n\n\n<p>Dijo que ser peregrino es caminar juntos hacia un mismo objetivo, que en nuestras diferencias est\u00e1n nuestras competencias y que no importan ser diferentes, podemos buscar objetivos comunes que nos har\u00e1n m\u00e1s fuertes.<\/p>\n\n\n\n<p>En tanto, la secretaria de Turismo, Adriana Vega V\u00e1zquez Mellado, sostuvo que el acto realizado consiste en algo m\u00e1s que la entrega de se\u00f1al\u00e9tica y representa el abrir un camino que une nuestra tierra, nuestra historia y nuestra forma de vivir. Puntualiz\u00f3 que se trata de un camino que invita a caminar con calma, a escuchar a la monta\u00f1a, a convivir con la gente y tambi\u00e9n a encontrarse con uno mismo.<\/p>\n\n\n\n<p>&#8220;Desde el hermoso pueblo m\u00e1gico de Jalpan de Serra, damos inicio al Camino Inici\u00e1tico de Santiago de Quer\u00e9taro. Un proyecto que nos llena de orgullo porque ha sido reconocido por el propio Camino de Santiago de Compostela y une a nuestra Sierra Gorda a los ojos del mundo. Que cada se\u00f1al invita a avanzar, que cada paso sea un descubrimiento y que este camino iniciado nos recuerde que muchas veces lo valioso no es a d\u00f3nde llegamos, sino c\u00f3mo caminamos y esta ocasi\u00f3n estamos caminando juntos&#8221;, afirm\u00f3.<\/p>\n\n\n\n<figure class=\"wp-block-gallery has-nested-images columns-default is-cropped wp-block-gallery-3 is-layout-flex wp-block-gallery-is-layout-flex\">\n<figure class=\"wp-block-image size-large\"><img decoding=\"async\" width=\"500\" height=\"333\" data-id=\"1096915\" src=\"https:\/\/dimensionturistica.com\/es\/wp-content\/uploads\/2026\/01\/3QUER.jpg\" alt=\"\" class=\"wp-image-1096915\" srcset=\"https:\/\/dimensionturistica.com\/es\/wp-content\/uploads\/2026\/01\/3QUER.jpg 500w, https:\/\/dimensionturistica.com\/es\/wp-content\/uploads\/2026\/01\/3QUER-300x200.jpg 300w\" sizes=\"(max-width: 500px) 100vw, 500px\" \/><\/figure>\n<\/figure>\n\n\n\n<p>Explic\u00f3 que la entrega consisti\u00f3 en 197 se\u00f1ales que marcan 127 kil\u00f3metros divididos en siete etapas, que podr\u00e1n recorrerse a pie y que atravesar\u00e1n los municipios de Pinal de Amoles, Landa de Matamoros, Jalpan de Serra y Arroyo Seco, proyecto que representa una inversi\u00f3n de 4.9 millones de pesos, y representa oportunidades reales para mostrar un turismo distinto.<\/p>\n\n\n\n<p>&#8220;El Camino beneficiar\u00e1 directamente a m\u00e1s de 60 familias y prestadores de servicios tur\u00edsticos de la Sierra Gorda, quienes ofrecen hospedaje, comida, transporte, gu\u00edas, artesan\u00edas y experiencias comunitarias. Es una oportunidad para que el turismo llegue con respeto, valore nuestras tradiciones y genere ingreso para todas las comunidades, porque este es un turismo distinto&#8221;, agreg\u00f3.<\/p>\n\n\n\n<p>El presidente de la Asociaci\u00f3n Internacional para la Cooperaci\u00f3n y el Desarrollo Tur\u00edstico, Alejandro Rub\u00edn Carballo, record\u00f3 que los Caminos de Santiago son una tradici\u00f3n atesorada desde el siglo XII, por aquellas rutas que hac\u00edan los peregrinos desde la Edad Media, cuando se descubri\u00f3 la tumba del ap\u00f3stol en Galicia, en Santiago de Compostela.<\/p>\n\n\n\n<p>Al hablar en representaci\u00f3n de la Orden de Caballeros del Camino de Santiago, comparti\u00f3 que este evento pone en marcha un proyecto para el desarrollo socioecon\u00f3mico de una zona que transmite la identidad serrana, y que atraer\u00e1 el inter\u00e9s de todos los peregrinos que comparten la misma devoci\u00f3n alrededor del mundo.<\/p>\n\n\n\n<figure class=\"wp-block-gallery has-nested-images columns-default is-cropped wp-block-gallery-4 is-layout-flex wp-block-gallery-is-layout-flex\">\n<figure class=\"wp-block-image size-large\"><img decoding=\"async\" width=\"500\" height=\"333\" data-id=\"1096916\" src=\"https:\/\/dimensionturistica.com\/es\/wp-content\/uploads\/2026\/01\/5QUER.jpg\" alt=\"\" class=\"wp-image-1096916\" srcset=\"https:\/\/dimensionturistica.com\/es\/wp-content\/uploads\/2026\/01\/5QUER.jpg 500w, https:\/\/dimensionturistica.com\/es\/wp-content\/uploads\/2026\/01\/5QUER-300x200.jpg 300w\" sizes=\"(max-width: 500px) 100vw, 500px\" \/><\/figure>\n<\/figure>\n\n\n\n<p>&#8220;Aqu\u00ed se va a hacer el camino iniciado al que viene Santiago en Quer\u00e9taro. y despu\u00e9s van a venir los del camino iniciado de Brasil, Panam\u00e1 y Santo Domingo. Porque en todos estos lugares estamos con estos proyectos. Estamos en el sentimiento de la peregrinaci\u00f3n. Pues nosotros le trasladamos ahora aqu\u00ed un modo distinto de peregrinar. Un modo distinto de crear riqueza&#8221;, conclusi\u00f3n.<\/p>\n\n\n\n<p>Tras el acto protocolario, las autoridades desarrollaron frente a la Misi\u00f3n Jalpan la placa que marca el punto final del Camino de Santiago, que consigna: \u201cLlegar es m\u00e1s que cumplir una distancia: es entrar en una corriente de peregrinos que, desde hace siglos, cruzan territorios buscando sentido, consuelo, gratitud o cambio interior siguiendo la huella de Santiago\u201d.<\/p>\n","protected":false},"excerpt":{"rendered":"<p>&nbsp;En su primera gira del a\u00f1o, el gobernador Mauricio Kuri encabez\u00f3 la entrega de se\u00f1al\u00e9tica del Camino Inici\u00e1tico al Camino de Santiago de Compostela en la Sierra Gorda de Quer\u00e9taro, que con una extensi\u00f3n de 127 kil\u00f3metros impacta en m\u00e1s de 60 prestadores de servicios identificados en la ruta que recorre cuatro municipios. Ante representantes [&hellip;]<\/p>\n","protected":false},"author":1,"featured_media":0,"comment_status":"open","ping_status":"closed","sticky":false,"template":"","format":"standard","meta":{"om_disable_all_campaigns":false,"jnews-multi-image_gallery":[],"jnews_single_post":[],"jnews_primary_category":[],"jnews_social_meta":[],"footnotes":""},"categories":[39],"tags":[],"class_list":["post-1096912","post","type-post","status-publish","format-standard","hentry","category-viajes"],"_links":{"self":[{"href":"https:\/\/dimensionturistica.com\/es\/wp-json\/wp\/v2\/posts\/1096912","targetHints":{"allow":["GET"]}}],"collection":[{"href":"https:\/\/dimensionturistica.com\/es\/wp-json\/wp\/v2\/posts"}],"about":[{"href":"https:\/\/dimensionturistica.com\/es\/wp-json\/wp\/v2\/types\/post"}],"author":[{"embeddable":true,"href":"https:\/\/dimensionturistica.com\/es\/wp-json\/wp\/v2\/users\/1"}],"replies":[{"embeddable":true,"href":"https:\/\/dimensionturistica.com\/es\/wp-json\/wp\/v2\/comments?post=1096912"}],"version-history":[{"count":1,"href":"https:\/\/dimensionturistica.com\/es\/wp-json\/wp\/v2\/posts\/1096912\/revisions"}],"predecessor-version":[{"id":1096917,"href":"https:\/\/dimensionturistica.com\/es\/wp-json\/wp\/v2\/posts\/1096912\/revisions\/1096917"}],"wp:attachment":[{"href":"https:\/\/dimensionturistica.com\/es\/wp-json\/wp\/v2\/media?parent=1096912"}],"wp:term":[{"taxonomy":"category","embeddable":true,"href":"https:\/\/dimensionturistica.com\/es\/wp-json\/wp\/v2\/categories?post=1096912"},{"taxonomy":"post_tag","embeddable":true,"href":"https:\/\/dimensionturistica.com\/es\/wp-json\/wp\/v2\/tags?post=1096912"}],"curies":[{"name":"wp","href":"https:\/\/api.w.org\/{rel}","templated":true}]}}