{"id":1096891,"date":"2026-01-13T21:29:00","date_gmt":"2026-01-13T21:29:00","guid":{"rendered":"https:\/\/dimensionturistica.com\/es\/?p=1096891"},"modified":"2026-01-13T21:29:00","modified_gmt":"2026-01-13T21:29:00","slug":"fernandez-norona-presenta-su-retrato-oficial-como-lider-del-senado-refuta-que-sus-desplazamientos-internacionales-lo-menoscaben","status":"publish","type":"post","link":"https:\/\/dimensionturistica.com\/es\/fernandez-norona-presenta-su-retrato-oficial-como-lider-del-senado-refuta-que-sus-desplazamientos-internacionales-lo-menoscaben\/","title":{"rendered":"Fern\u00e1ndez Noro\u00f1a presenta su retrato oficial como l\u00edder del Senado; refuta que sus desplazamientos internacionales lo menoscaben."},"content":{"rendered":"<h3>Viajes y Diplomacia: La Nueva Era del Turismo Pol\u00edtico en M\u00e9xico<\/h3>\n<p>En el vertiginoso mundo de la pol\u00edtica, los viajes al extranjero suelen desatar tanto admiraci\u00f3n como controversia. Recientemente, el presidente del Senado mexicano ha capturado la atenci\u00f3n del p\u00fablico tras develar su fotograf\u00eda oficial, un momento que parece marcar una nueva etapa en su liderazgo. A pesar de las cr\u00edticas que han surgido en torno a sus viajes, su postura firme indica que la diplomacia cultural y la representaci\u00f3n internacional son esenciales en su agenda.<\/p>\n<p>El turismo pol\u00edtico, aunque a menudo oscurecido por otros tipos de turismo m\u00e1s tradicionales, est\u00e1 cobrando fuerza y se ha convertido en un aspecto clave en el desarrollo de relaciones entre naciones. Los l\u00edderes mundiales, al igual que cualquier otro viajero, buscan entender y experimentar nuevas culturas, una pr\u00e1ctica que puede beneficiar a sus pa\u00edses de origen a trav\u00e9s del intercambio cultural y la promoci\u00f3n de intereses econ\u00f3micos.<\/p>\n<p>A medida que los funcionarios realizan visitas a otras naciones, se abre una puerta de oportunidades: desde la promoci\u00f3n de la inversi\u00f3n extranjera hasta el fomento del turismo bilateral. Estos viajes no solo ampl\u00edan la red de contactos, sino que tambi\u00e9n permiten a los l\u00edderes conocer en profundidad la din\u00e1mica social y cultural de otros pa\u00edses. Este tipo de experiencias puede influir en pol\u00edticas que, a menudo, tienen un impacto directo en el bienestar de los ciudadanos.<\/p>\n<p>El presidente del Senado ha defendido su derecho a viajar, argumentando que tales desplazamientos no deben ser vistos como meras escapadas, sino como una plataforma para establecer di\u00e1logos y construir alianzas estrat\u00e9gicas. La negativa a dejarse desacreditar por estas actividades resalta la importancia de la comunicaci\u00f3n en un mundo globalizado, donde cada paso dado en el \u00e1mbito internacional puede tener repercusiones en la pol\u00edtica local.<\/p>\n<p>Adem\u00e1s, la relaci\u00f3n entre pol\u00edtica y turismo es bidireccional. Las visitas de l\u00edderes extranjeros a M\u00e9xico, por ejemplo, pueden resultar en un impulso significativo para el sector tur\u00edstico, a medida que se abren nuevas rutas comerciales y se refuerzan viejas alianzas. La imagen de un pa\u00eds en el exterior es fundamental; es su carta de presentaci\u00f3n ante el mundo.<\/p>\n<p>Sin embargo, como en toda esfera de la vida p\u00fablica, tambi\u00e9n hay voces cr\u00edticas. La percepci\u00f3n de que los viajes pueden alejar a un l\u00edder de las realidades nacionales es v\u00e1lida y necesita ser abordada. La clave est\u00e1 en encontrar un equilibrio pr\u00e1ctico entre el compromiso internacional y la atenci\u00f3n a las problem\u00e1ticas internas que enfrenta el pa\u00eds.<\/p>\n<p>Por lo tanto, el turismo pol\u00edtico en M\u00e9xico no es solamente una cuesti\u00f3n de desplazamientos y reuniones diplom\u00e1ticas; es una forma de construir puentes hacia un futuro m\u00e1s colaborativo y sostenible. En un mundo donde las conexiones culturales son m\u00e1s importantes que nunca, es fundamental que los l\u00edderes comprendan el peso de sus decisiones y la influencia que pueden tener en el desarrollo de una naci\u00f3n.<\/p>\n<p>As\u00ed, mientras el presidente del Senado contin\u00faa su viaje en el papel de diplom\u00e1tico, queda claro que cada paso cuenta. Su capacidad para adaptarse y responder a las cr\u00edticas no solo influyen en su carrera, sino tambi\u00e9n en el futuro del turismo y la pol\u00edtica en M\u00e9xico. El sol brilla para aquellos que est\u00e1n dispuestos a explorar, aprender y crecer, y el escenario internacional est\u00e1 m\u00e1s preparado que nunca para recibir a quienes comprendan el verdadero valor de la interacci\u00f3n global.<\/p>\n<p><em> &#8221; Fuentes latinus.us &#8221; <\/em><\/p>\n","protected":false},"excerpt":{"rendered":"<p>Viajes y Diplomacia: La Nueva Era del Turismo Pol\u00edtico en M\u00e9xico En el vertiginoso mundo de la pol\u00edtica, los viajes al extranjero suelen desatar tanto admiraci\u00f3n como controversia. Recientemente, el presidente del Senado mexicano ha capturado la atenci\u00f3n del p\u00fablico tras develar su fotograf\u00eda oficial, un momento que parece marcar una nueva etapa en su [&hellip;]<\/p>\n","protected":false},"author":4,"featured_media":1096892,"comment_status":"open","ping_status":"closed","sticky":false,"template":"","format":"standard","meta":{"om_disable_all_campaigns":false,"jnews-multi-image_gallery":[],"jnews_single_post":[],"jnews_primary_category":[],"jnews_social_meta":[],"footnotes":""},"categories":[39],"tags":[126379,263553,215784,263552,263551,43580,879,176013,215641,913,196779,10301],"class_list":["post-1096891","post","type-post","status-publish","format-standard","has-post-thumbnail","hentry","category-viajes","tag-actualidad-politica","tag-desacreditacion","tag-fernandez-norona","tag-fotografia-oficial","tag-fotografia-oficial-como-presidente-del-senado","tag-gerardo-fernandez-norona","tag-noticia","tag-politica-mexicana","tag-presidente-del-senado","tag-senado","tag-senado-de-mexico","tag-viajes-al-extranjero"],"_links":{"self":[{"href":"https:\/\/dimensionturistica.com\/es\/wp-json\/wp\/v2\/posts\/1096891","targetHints":{"allow":["GET"]}}],"collection":[{"href":"https:\/\/dimensionturistica.com\/es\/wp-json\/wp\/v2\/posts"}],"about":[{"href":"https:\/\/dimensionturistica.com\/es\/wp-json\/wp\/v2\/types\/post"}],"author":[{"embeddable":true,"href":"https:\/\/dimensionturistica.com\/es\/wp-json\/wp\/v2\/users\/4"}],"replies":[{"embeddable":true,"href":"https:\/\/dimensionturistica.com\/es\/wp-json\/wp\/v2\/comments?post=1096891"}],"version-history":[{"count":1,"href":"https:\/\/dimensionturistica.com\/es\/wp-json\/wp\/v2\/posts\/1096891\/revisions"}],"predecessor-version":[{"id":1096893,"href":"https:\/\/dimensionturistica.com\/es\/wp-json\/wp\/v2\/posts\/1096891\/revisions\/1096893"}],"wp:featuredmedia":[{"embeddable":true,"href":"https:\/\/dimensionturistica.com\/es\/wp-json\/wp\/v2\/media\/1096892"}],"wp:attachment":[{"href":"https:\/\/dimensionturistica.com\/es\/wp-json\/wp\/v2\/media?parent=1096891"}],"wp:term":[{"taxonomy":"category","embeddable":true,"href":"https:\/\/dimensionturistica.com\/es\/wp-json\/wp\/v2\/categories?post=1096891"},{"taxonomy":"post_tag","embeddable":true,"href":"https:\/\/dimensionturistica.com\/es\/wp-json\/wp\/v2\/tags?post=1096891"}],"curies":[{"name":"wp","href":"https:\/\/api.w.org\/{rel}","templated":true}]}}