{"id":1096874,"date":"2026-01-13T21:10:33","date_gmt":"2026-01-13T21:10:33","guid":{"rendered":"https:\/\/dimensionturistica.com\/es\/?p=1096874"},"modified":"2026-01-13T21:10:33","modified_gmt":"2026-01-13T21:10:33","slug":"vive-el-color-la-musica-la-tradicion-y-la-alegria-del-carnaval-internacional-de-mazatlan-2026-del-12-al-17-de-febrero","status":"publish","type":"post","link":"https:\/\/dimensionturistica.com\/es\/vive-el-color-la-musica-la-tradicion-y-la-alegria-del-carnaval-internacional-de-mazatlan-2026-del-12-al-17-de-febrero\/","title":{"rendered":"Vive el color, la m\u00fasica, la tradici\u00f3n y la alegr\u00eda del Carnaval Internacional de Mazatl\u00e1n 2026 del 12 al 17 de febrero"},"content":{"rendered":"\n<p><\/p>\n\n\n\n<figure class=\"wp-block-gallery has-nested-images columns-default is-cropped wp-block-gallery-1 is-layout-flex wp-block-gallery-is-layout-flex\">\n<figure class=\"wp-block-image size-large\"><img decoding=\"async\" width=\"500\" height=\"132\" data-id=\"1096876\" src=\"https:\/\/dimensionturistica.com\/es\/wp-content\/uploads\/2026\/01\/1SINALOA-1.jpg\" alt=\"\" class=\"wp-image-1096876\" srcset=\"https:\/\/dimensionturistica.com\/es\/wp-content\/uploads\/2026\/01\/1SINALOA-1.jpg 500w, https:\/\/dimensionturistica.com\/es\/wp-content\/uploads\/2026\/01\/1SINALOA-1-300x79.jpg 300w\" sizes=\"(max-width: 500px) 100vw, 500px\" \/><\/figure>\n<\/figure>\n\n\n\n<p>Mazatl\u00e1n se prepara para vivir su m\u00e1xima fiesta del a\u00f1o, el Carnaval, que en su edici\u00f3n 2026 se llevar\u00e1 a cabo del 12 al 17 de febrero.<\/p>\n\n\n\n<p>Bajo el lema \u201c\u00a1Arriba la tambora!\u201d, esta celebraci\u00f3n busca elevar la proyecci\u00f3n del puerto a nivel nacional e internacional para atraer a m\u00e1s turistas al destino y al mismo tiempo reivindicar la m\u00fasica sinaloense que le da identidad al pueblo mazatleco.<\/p>\n\n\n\n<figure class=\"wp-block-gallery has-nested-images columns-default is-cropped wp-block-gallery-2 is-layout-flex wp-block-gallery-is-layout-flex\">\n<figure class=\"wp-block-image size-large\"><img decoding=\"async\" width=\"500\" height=\"281\" data-id=\"1096879\" src=\"https:\/\/dimensionturistica.com\/es\/wp-content\/uploads\/2026\/01\/4SINALOA-1.jpg\" alt=\"\" class=\"wp-image-1096879\" srcset=\"https:\/\/dimensionturistica.com\/es\/wp-content\/uploads\/2026\/01\/4SINALOA-1.jpg 500w, https:\/\/dimensionturistica.com\/es\/wp-content\/uploads\/2026\/01\/4SINALOA-1-300x169.jpg 300w\" sizes=\"(max-width: 500px) 100vw, 500px\" \/><\/figure>\n<\/figure>\n\n\n\n<p>Ser\u00e1n seis d\u00edas de m\u00fasica, alegr\u00eda y tradici\u00f3n en los que se podr\u00e1n disfrutar de la actuaci\u00f3n de un elenco internacional durante las coronaciones de los soberanos carnestolendos, as\u00ed como de un espectacular desfile de carros aleg\u00f3ricos por el Malec\u00f3n.<\/p>\n\n\n\n<p>Grandes eventos<\/p>\n\n\n\n<figure class=\"wp-block-gallery has-nested-images columns-default is-cropped wp-block-gallery-3 is-layout-flex wp-block-gallery-is-layout-flex\">\n<figure class=\"wp-block-image size-large\"><img decoding=\"async\" width=\"500\" height=\"333\" data-id=\"1096880\" src=\"https:\/\/dimensionturistica.com\/es\/wp-content\/uploads\/2026\/01\/5SINALOA.jpg\" alt=\"\" class=\"wp-image-1096880\" srcset=\"https:\/\/dimensionturistica.com\/es\/wp-content\/uploads\/2026\/01\/5SINALOA.jpg 500w, https:\/\/dimensionturistica.com\/es\/wp-content\/uploads\/2026\/01\/5SINALOA-300x200.jpg 300w\" sizes=\"(max-width: 500px) 100vw, 500px\" \/><\/figure>\n<\/figure>\n\n\n\n<p>El jueves 12 de febrero se llevar\u00e1 a cabo en el Estadio Teodoro Mariscal la coronaci\u00f3n del Rey del Carnaval, con la actuaci\u00f3n del cantante Ed\u00e9n Mu\u00f1oz, uno de los exponentes m\u00e1s importantes del regional mexicano que encender\u00e1 el escenario con sus \u00e9xitos musicales en una noche que promete estar llena de emoci\u00f3n y fiesta total.<\/p>\n\n\n\n<p>Para el viernes 13 de febrero, durante la coronaci\u00f3n de la Reina de los Juegos Florales, tambi\u00e9n en el Estadio Teodoro Mariscal, se ha preparado el espect\u00e1culo musical \u201cYo s\u00e9 que te acordar\u00e1s\u201d, en homenaje al &#8220;Rey de la Banda&#8221;, Germ\u00e1n Liz\u00e1rraga, por sus 75 a\u00f1os de trayectoria, y a la Orquesta Sinf\u00f3nica Sinaloa de las Artes (OSSLA), que celebra su 25 aniversario.<\/p>\n\n\n\n<figure class=\"wp-block-gallery has-nested-images columns-default is-cropped wp-block-gallery-4 is-layout-flex wp-block-gallery-is-layout-flex\">\n<figure class=\"wp-block-image size-large\"><img decoding=\"async\" width=\"500\" height=\"333\" data-id=\"1096881\" src=\"https:\/\/dimensionturistica.com\/es\/wp-content\/uploads\/2026\/01\/2SINALOA-1.jpg\" alt=\"\" class=\"wp-image-1096881\" srcset=\"https:\/\/dimensionturistica.com\/es\/wp-content\/uploads\/2026\/01\/2SINALOA-1.jpg 500w, https:\/\/dimensionturistica.com\/es\/wp-content\/uploads\/2026\/01\/2SINALOA-1-300x200.jpg 300w\" sizes=\"(max-width: 500px) 100vw, 500px\" \/><\/figure>\n<\/figure>\n\n\n\n<p>Con su inconfundible estilo, Germ\u00e1n Liz\u00e1rraga y su Banda Estrellas de Sinaloa har\u00e1n cantar y bailar al p\u00fablico con los \u00e9xitos que han marcado generaciones, en una noche llena del sonido que identifica a Sinaloa.<\/p>\n\n\n\n<p>La fiesta carnavalera continuar\u00e1 el s\u00e1bado 14 de febrero, donde la cantante Yuridia ser\u00e1 la voz estelar en la coronaci\u00f3n de la Reina del Carnaval, con un concierto que promete emociones, grandes \u00e9xitos y una velada llena de sentimiento en el Estadio Teodoro Mariscal.<\/p>\n\n\n\n<figure class=\"wp-block-gallery has-nested-images columns-default is-cropped wp-block-gallery-5 is-layout-flex wp-block-gallery-is-layout-flex\">\n<figure class=\"wp-block-image size-large\"><img decoding=\"async\" width=\"500\" height=\"281\" data-id=\"1096882\" src=\"https:\/\/dimensionturistica.com\/es\/wp-content\/uploads\/2026\/01\/6SINALOA.jpg\" alt=\"\" class=\"wp-image-1096882\" srcset=\"https:\/\/dimensionturistica.com\/es\/wp-content\/uploads\/2026\/01\/6SINALOA.jpg 500w, https:\/\/dimensionturistica.com\/es\/wp-content\/uploads\/2026\/01\/6SINALOA-300x169.jpg 300w\" sizes=\"(max-width: 500px) 100vw, 500px\" \/><\/figure>\n<\/figure>\n\n\n\n<p>Al terminar su actuaci\u00f3n, la Bah\u00eda de Olas Altas se iluminar\u00e1 con la celebraci\u00f3n del Combate Naval, un espect\u00e1culo de fuegos pirot\u00e9cnicos que rememora la heroica defensa de Mazatl\u00e1n contra la intervenci\u00f3n francesa en 1864, el cual combina la nostalgia por la historia local con una gran carga emocional y festiva para las personas que lo disfrutan.<\/p>\n\n\n\n<p>El domingo 15 de febrero se llevar\u00e1 a cabo el evento m\u00e1s esperado por locales y visitantes durante la m\u00e1xima fiesta de los mazatlecos: el desfile del Carnaval por el Malec\u00f3n.<\/p>\n\n\n\n<figure class=\"wp-block-gallery has-nested-images columns-default is-cropped wp-block-gallery-6 is-layout-flex wp-block-gallery-is-layout-flex\">\n<figure class=\"wp-block-image size-large\"><img decoding=\"async\" width=\"500\" height=\"281\" data-id=\"1096883\" src=\"https:\/\/dimensionturistica.com\/es\/wp-content\/uploads\/2026\/01\/7SINMALOA.jpg\" alt=\"\" class=\"wp-image-1096883\" srcset=\"https:\/\/dimensionturistica.com\/es\/wp-content\/uploads\/2026\/01\/7SINMALOA.jpg 500w, https:\/\/dimensionturistica.com\/es\/wp-content\/uploads\/2026\/01\/7SINMALOA-300x169.jpg 300w\" sizes=\"(max-width: 500px) 100vw, 500px\" \/><\/figure>\n<\/figure>\n\n\n\n<p>Se trata de un recorrido de majestuosos carros aleg\u00f3ricos, comparsas coloridas, m\u00fasica de banda y la participaci\u00f3n de la realeza del Carnaval y diversas celebridades invitadas, que son aplaudidas y vitoreadas por miles de personas a su paso.<\/p>\n\n\n\n<p>Para el lunes 16 de febrero el escenario del Teodoro Mariscal se llenar\u00e1 de m\u00fasica, baile y energ\u00eda juvenil en la Coronaci\u00f3n de la Reina Infantil, donde Belinda y Lara Campos ofrecer\u00e1n una noche m\u00e1gica.<\/p>\n\n\n\n<p>A los eventos de las coronaciones se suman las noches de m\u00fasica y baile en Olas Altas y la Plazuela Machado, con la participaci\u00f3n de diversos grupos y bandas sinaloenses.<\/p>\n\n\n\n<figure class=\"wp-block-gallery has-nested-images columns-default is-cropped wp-block-gallery-7 is-layout-flex wp-block-gallery-is-layout-flex\">\n<figure class=\"wp-block-image size-large\"><img decoding=\"async\" width=\"500\" height=\"333\" data-id=\"1096884\" src=\"https:\/\/dimensionturistica.com\/es\/wp-content\/uploads\/2026\/01\/8SINALOA.jpg\" alt=\"\" class=\"wp-image-1096884\" srcset=\"https:\/\/dimensionturistica.com\/es\/wp-content\/uploads\/2026\/01\/8SINALOA.jpg 500w, https:\/\/dimensionturistica.com\/es\/wp-content\/uploads\/2026\/01\/8SINALOA-300x200.jpg 300w\" sizes=\"(max-width: 500px) 100vw, 500px\" \/><\/figure>\n<\/figure>\n\n\n\n<p>La fiesta carnestolenda culminar\u00e1 el martes 17 con la realizaci\u00f3n el segundo desfile de carros aleg\u00f3ricos y la promesa de que la celebraci\u00f3n del pr\u00f3ximo a\u00f1o ser\u00e1 m\u00e1s espectacular.<\/p>\n\n\n\n<p>En Mazatl\u00e1n, ya huele a Carnaval, a un mes de que comiencen las actividades la ciudad est\u00e1 lista para recibir a miles de visitantes y celebrar en grande su hist\u00f3rica fiesta.<\/p>\n\n\n\n<p>Los boletos para las diferentes coronaciones est\u00e1n a la venta en www.ticketsar.com.mx y taquillas del Carnaval: Gran Plaza Mazatl\u00e1n, Plaza Acaya Mazatl\u00e1n, Palacio Municipal y Cultura Mazatl\u00e1n.<\/p>\n\n\n\n<p>\u00b7&nbsp;&nbsp;&nbsp;&nbsp;&nbsp;&nbsp; Calendario<\/p>\n\n\n\n<p>Jueves 12 de febrero<\/p>\n\n\n\n<figure class=\"wp-block-gallery has-nested-images columns-default is-cropped wp-block-gallery-8 is-layout-flex wp-block-gallery-is-layout-flex\">\n<figure class=\"wp-block-image size-large\"><img decoding=\"async\" width=\"500\" height=\"281\" data-id=\"1096885\" src=\"https:\/\/dimensionturistica.com\/es\/wp-content\/uploads\/2026\/01\/9SINALOA-1.jpg\" alt=\"\" class=\"wp-image-1096885\" srcset=\"https:\/\/dimensionturistica.com\/es\/wp-content\/uploads\/2026\/01\/9SINALOA-1.jpg 500w, https:\/\/dimensionturistica.com\/es\/wp-content\/uploads\/2026\/01\/9SINALOA-1-300x169.jpg 300w\" sizes=\"(max-width: 500px) 100vw, 500px\" \/><\/figure>\n<\/figure>\n\n\n\n<p>19:30 Coronaci\u00f3n del Rey de la Alegr\u00eda en el Estadio Teodoro Mariscal. Actuaci\u00f3n de Ed\u00e9n Mu\u00f1oz.<\/p>\n\n\n\n<p>Viernes 13 de febrero<\/p>\n\n\n\n<p>20:30 Coronaci\u00f3n de la Reina de los juegos Florales en el Estadio Teodoro Mariscal. Espect\u00e1culo \u201cYo s\u00e9 que te acordar\u00e1s\u201d.<\/p>\n\n\n\n<p>S\u00e1bado 14 de febrero<\/p>\n\n\n\n<p>18:30 Coronaci\u00f3n de la Reina del Carnaval en el Estadio Teodoro Mariscal. Actuaci\u00f3n de Yuridia.<\/p>\n\n\n\n<p>23:00 Combate Naval en la Bah\u00eda de Olas Altas.<\/p>\n\n\n\n<p>Domingo 15 de febrero<\/p>\n\n\n\n<p>17:00 Desfile del Carnaval por el Malec\u00f3n de Mazatl\u00e1n.<\/p>\n\n\n\n<p>Lunes 16 de febrero<\/p>\n\n\n\n<figure class=\"wp-block-gallery has-nested-images columns-default is-cropped wp-block-gallery-9 is-layout-flex wp-block-gallery-is-layout-flex\">\n<figure class=\"wp-block-image size-large\"><img decoding=\"async\" width=\"500\" height=\"333\" data-id=\"1096886\" src=\"https:\/\/dimensionturistica.com\/es\/wp-content\/uploads\/2026\/01\/22SINALOA.jpg\" alt=\"\" class=\"wp-image-1096886\" srcset=\"https:\/\/dimensionturistica.com\/es\/wp-content\/uploads\/2026\/01\/22SINALOA.jpg 500w, https:\/\/dimensionturistica.com\/es\/wp-content\/uploads\/2026\/01\/22SINALOA-300x200.jpg 300w\" sizes=\"(max-width: 500px) 100vw, 500px\" \/><\/figure>\n<\/figure>\n\n\n\n<p>18:00 Coronaci\u00f3n de la Reina Infantil en el Estadio Teodoro Mariscal. Actuaci\u00f3n de Belinda y Lara Campos.<\/p>\n\n\n\n<p>Martes 17 de febrero<\/p>\n\n\n\n<p>16:30 Segundo Desfile del Carnaval por el Malec\u00f3n de Mazatl\u00e1n.<\/p>\n\n\n\n<p>#VisitSinaloa #TurismoSinaloa #CarnavaldeMazatlan<\/p>\n","protected":false},"excerpt":{"rendered":"<p>Mazatl\u00e1n se prepara para vivir su m\u00e1xima fiesta del a\u00f1o, el Carnaval, que en su edici\u00f3n 2026 se llevar\u00e1 a cabo del 12 al 17 de febrero. Bajo el lema \u201c\u00a1Arriba la tambora!\u201d, esta celebraci\u00f3n busca elevar la proyecci\u00f3n del puerto a nivel nacional e internacional para atraer a m\u00e1s turistas al destino y al [&hellip;]<\/p>\n","protected":false},"author":1,"featured_media":0,"comment_status":"open","ping_status":"closed","sticky":false,"template":"","format":"standard","meta":{"om_disable_all_campaigns":false,"jnews-multi-image_gallery":[],"jnews_single_post":{"format":"standard"},"jnews_primary_category":[],"jnews_social_meta":[],"footnotes":""},"categories":[39],"tags":[],"class_list":["post-1096874","post","type-post","status-publish","format-standard","hentry","category-viajes"],"_links":{"self":[{"href":"https:\/\/dimensionturistica.com\/es\/wp-json\/wp\/v2\/posts\/1096874","targetHints":{"allow":["GET"]}}],"collection":[{"href":"https:\/\/dimensionturistica.com\/es\/wp-json\/wp\/v2\/posts"}],"about":[{"href":"https:\/\/dimensionturistica.com\/es\/wp-json\/wp\/v2\/types\/post"}],"author":[{"embeddable":true,"href":"https:\/\/dimensionturistica.com\/es\/wp-json\/wp\/v2\/users\/1"}],"replies":[{"embeddable":true,"href":"https:\/\/dimensionturistica.com\/es\/wp-json\/wp\/v2\/comments?post=1096874"}],"version-history":[{"count":1,"href":"https:\/\/dimensionturistica.com\/es\/wp-json\/wp\/v2\/posts\/1096874\/revisions"}],"predecessor-version":[{"id":1096887,"href":"https:\/\/dimensionturistica.com\/es\/wp-json\/wp\/v2\/posts\/1096874\/revisions\/1096887"}],"wp:attachment":[{"href":"https:\/\/dimensionturistica.com\/es\/wp-json\/wp\/v2\/media?parent=1096874"}],"wp:term":[{"taxonomy":"category","embeddable":true,"href":"https:\/\/dimensionturistica.com\/es\/wp-json\/wp\/v2\/categories?post=1096874"},{"taxonomy":"post_tag","embeddable":true,"href":"https:\/\/dimensionturistica.com\/es\/wp-json\/wp\/v2\/tags?post=1096874"}],"curies":[{"name":"wp","href":"https:\/\/api.w.org\/{rel}","templated":true}]}}