{"id":1096810,"date":"2026-01-13T18:29:38","date_gmt":"2026-01-13T18:29:38","guid":{"rendered":"https:\/\/dimensionturistica.com\/es\/?p=1096810"},"modified":"2026-01-13T18:29:38","modified_gmt":"2026-01-13T18:29:38","slug":"el-regreso-del-corte-de-cabello-medio-de-los-90-en-2026-impulsa-una-nueva-tendencia","status":"publish","type":"post","link":"https:\/\/dimensionturistica.com\/es\/el-regreso-del-corte-de-cabello-medio-de-los-90-en-2026-impulsa-una-nueva-tendencia\/","title":{"rendered":"El regreso del corte de cabello medio de los 90 en 2026 impulsa una nueva tendencia."},"content":{"rendered":"<h3>El Renacer de un Cl\u00e1sico: El Corte de Cabello Mediano que Regresa en 2026<\/h3>\n<p>En la esfera cambiante de la moda, ciertos estilos siempre encuentran la manera de reincorporarse, redefiniendo tendencias y atrayendo la atenci\u00f3n de nuevas generaciones. En este sentido, el ic\u00f3nico corte de cabello mediano de los a\u00f1os 90 est\u00e1 destinado a hacer un poderoso regreso en 2026, y figuras como Kenia Os ya est\u00e1n marcando el camino.<\/p>\n<h4>Una Mirada al Pasado<\/h4>\n<p>Los a\u00f1os 90 fueron una d\u00e9cada emblem\u00e1tica, caracterizada por su audacia y la experimentaci\u00f3n est\u00e9tica en m\u00faltiples vertientes, desde la m\u00fasica hasta la moda. Este estilo de corte, que captura la esencia desenfadada de la juventud de esa \u00e9poca, se destaca por su versatilidad, adapt\u00e1ndose tanto a texturas lisas como rizadas. Las capas sutiles y el volumen controlado hacen de este corte una opci\u00f3n id\u00f3nea para quienes buscan un cambio fresco sin comprometer el largo del cabello.<\/p>\n<h4>Kenia Os: La Influencia Actual<\/h4>\n<p>La popular influencer y cantante Kenia Os ha sido una de las primeras en adoptar esta tendencia en su nueva imagen, combinando su personalidad vibrante con un look que evoca nostalgia. Este estilo no es solo un gui\u00f1o al pasado, sino tambi\u00e9n una declaraci\u00f3n de intenciones: libertad y creatividad. A medida que m\u00e1s personalidades se suman a esta tendencia, el corte mediano empieza a atraer la atenci\u00f3n de los amantes de la moda de todas las edades.<\/p>\n<h4>\u00bfPor Qu\u00e9 Elegir un Corte de Cabello Mediano?<\/h4>\n<p>Optar por un corte de cabello mediano implica m\u00faltiples beneficios. Primero, se facilita el manejo y el estilizado diario. Adem\u00e1s, ofrece infinitas posibilidades de peinado: desde un look elegante y pulido hasta uno m\u00e1s desenfadado y atrevido. A trav\u00e9s de diversas herramientas como planchas y rizadores, el cabello mediano puede adaptarse a cualquier ocasi\u00f3n, convirti\u00e9ndose en un aliado perfecto para el d\u00eda a d\u00eda.<\/p>\n<h4>Estilos y Variaciones<\/h4>\n<p>Este corte se puede personalizar con diferentes texturas y acabados. Desde una apariencia lisa y brillante que proyecta sofisticaci\u00f3n, hasta ondas suaves que aportan un aire casual, las variaciones son infinitas. Para quienes buscan un impacto visual mayor, es posible integrar mechas de colores o jugar con las capas para a\u00f1adir un toque moderno.<\/p>\n<h4>El Futuro de la Moda<\/h4>\n<p>El regreso del corte mediano de los 90 simboliza una tendencia m\u00e1s amplia hacia la reutilizaci\u00f3n de estilos ic\u00f3nicos. A medida que el mundo se adentra en 2026, se espera que este corte no solo vuelva a ser popular, sino que tambi\u00e9n inspire nuevas propuestas creativas en el \u00e1mbito del cabello y la moda en general. La clave est\u00e1 en c\u00f3mo cada individuo lograr\u00e1 reinterpretarlo para adecuarlo a su estilo personal.<\/p>\n<p>Con cada nueva aparici\u00f3n de figuras influyentes como Kenia Os, el inter\u00e9s por este corte contin\u00faa creciendo. Es un recordatorio de que la moda sigue ciclos y que, a veces, lo que se ha visto antes puede resurgir con un nuevo aire. Estar al tanto de estas tendencias no solo enriquece nuestro estilo personal, sino que tambi\u00e9n nos conecta con una historia m\u00e1s amplia en la cultura de la moda. <\/p>\n<h4>Est\u00e9n Preparados: \u00a1El Estilo de los 90 Est\u00e1 de Vuelta!<\/h4>\n<p>As\u00ed que, para aquellos que est\u00e1n pensando en un cambio, el corte de cabello mediano de los 90 podr\u00eda ser la opci\u00f3n perfecta. La reinvenci\u00f3n de los cl\u00e1sicos nunca ha sido tan emocionante, y con la llegada de 2026 a la vuelta de la esquina, vale la pena estar listos para abrazar esta tendencia y llevarla con orgullo. \u00bfEst\u00e1s listo para dar el paso y unirte a la revoluci\u00f3n del look que arrasar\u00e1 en las calles?<\/p>\n<p><em> &#8221; Fuentes www.vogue.mx &#8221; <\/em><\/p>\n","protected":false},"excerpt":{"rendered":"<p>El Renacer de un Cl\u00e1sico: El Corte de Cabello Mediano que Regresa en 2026 En la esfera cambiante de la moda, ciertos estilos siempre encuentran la manera de reincorporarse, redefiniendo tendencias y atrayendo la atenci\u00f3n de nuevas generaciones. En este sentido, el ic\u00f3nico corte de cabello mediano de los a\u00f1os 90 est\u00e1 destinado a hacer [&hellip;]<\/p>\n","protected":false},"author":14,"featured_media":1096811,"comment_status":"open","ping_status":"closed","sticky":false,"template":"","format":"standard","meta":{"om_disable_all_campaigns":false,"jnews-multi-image_gallery":[],"jnews_single_post":[],"jnews_primary_category":[],"jnews_social_meta":[],"footnotes":""},"categories":[144872],"tags":[88277,39783,201310,89129,209762,263532,659,4025,35651,90380,2182],"class_list":["post-1096810","post","type-post","status-publish","format-standard","has-post-thumbnail","hentry","category-fashion","tag-90s","tag-cabello","tag-corte-de-cabello","tag-hairstyle","tag-kenia-os","tag-mediano","tag-moda","tag-regreso","tag-retro","tag-revival","tag-tendencias"],"_links":{"self":[{"href":"https:\/\/dimensionturistica.com\/es\/wp-json\/wp\/v2\/posts\/1096810","targetHints":{"allow":["GET"]}}],"collection":[{"href":"https:\/\/dimensionturistica.com\/es\/wp-json\/wp\/v2\/posts"}],"about":[{"href":"https:\/\/dimensionturistica.com\/es\/wp-json\/wp\/v2\/types\/post"}],"author":[{"embeddable":true,"href":"https:\/\/dimensionturistica.com\/es\/wp-json\/wp\/v2\/users\/14"}],"replies":[{"embeddable":true,"href":"https:\/\/dimensionturistica.com\/es\/wp-json\/wp\/v2\/comments?post=1096810"}],"version-history":[{"count":1,"href":"https:\/\/dimensionturistica.com\/es\/wp-json\/wp\/v2\/posts\/1096810\/revisions"}],"predecessor-version":[{"id":1096812,"href":"https:\/\/dimensionturistica.com\/es\/wp-json\/wp\/v2\/posts\/1096810\/revisions\/1096812"}],"wp:featuredmedia":[{"embeddable":true,"href":"https:\/\/dimensionturistica.com\/es\/wp-json\/wp\/v2\/media\/1096811"}],"wp:attachment":[{"href":"https:\/\/dimensionturistica.com\/es\/wp-json\/wp\/v2\/media?parent=1096810"}],"wp:term":[{"taxonomy":"category","embeddable":true,"href":"https:\/\/dimensionturistica.com\/es\/wp-json\/wp\/v2\/categories?post=1096810"},{"taxonomy":"post_tag","embeddable":true,"href":"https:\/\/dimensionturistica.com\/es\/wp-json\/wp\/v2\/tags?post=1096810"}],"curies":[{"name":"wp","href":"https:\/\/api.w.org\/{rel}","templated":true}]}}