{"id":1096441,"date":"2026-01-12T22:16:07","date_gmt":"2026-01-12T22:16:07","guid":{"rendered":"https:\/\/dimensionturistica.com\/es\/?p=1096441"},"modified":"2026-01-12T22:16:07","modified_gmt":"2026-01-12T22:16:07","slug":"la-ambicion-no-deberia-avergonzar-que-provoca-la-incomodidad-ante-la-actitud-de-timothee-chalamet","status":"publish","type":"post","link":"https:\/\/dimensionturistica.com\/es\/la-ambicion-no-deberia-avergonzar-que-provoca-la-incomodidad-ante-la-actitud-de-timothee-chalamet\/","title":{"rendered":"La ambici\u00f3n no deber\u00eda avergonzar: \u00bfQu\u00e9 provoca la incomodidad ante la actitud de Timoth\u00e9e Chalamet?"},"content":{"rendered":"<h3>La Nueva Definici\u00f3n de Masculinidad en la Moda: Timoth\u00e9e Chalamet y su Impacto Cultural<\/h3>\n<p>La moda siempre ha sido un reflejo de la sociedad y sus constantes cambios. A medida que la cultura evoluciona, tambi\u00e9n lo hace nuestra percepci\u00f3n de lo que significa ser &#8220;moderno&#8221; en el \u00e1mbito del estilo. Un nombre que ha captado la atenci\u00f3n de millones es el de Timoth\u00e9e Chalamet, quien ha desafiado las convenciones y ha generado un debate ferviente sobre la masculinidad contempor\u00e1nea.<\/p>\n<h4>Un Estilo Inusual<\/h4>\n<p>Desde su irrupci\u00f3n en la alfombra roja, Chalamet ha optado por siluetas y estilos que rompen con la est\u00e9tica tradicional masculina. Con cada aparici\u00f3n, mezcla colores vibrantes, tejidos inesperados y cortes que suelen ser considerados \u201cfemeninos\u201d. Esta elecci\u00f3n no es trivial. En un mundo donde la moda suele dictar normas r\u00edgidas sobre la apariencia, su audacia invita a reconsiderar la forma en que se percibe el g\u00e9nero en el vestuario.<\/p>\n<h4>La Actitud que Incomoda<\/h4>\n<p>No es solo su forma de vestir lo que provoca reacciones encontradas, sino tambi\u00e9n su actitud. Chalamet presenta una vulnerabilidad que muchos consideran desconcertante en un hombre del espect\u00e1culo. Este naturalismo en su comportamiento lo distingue en un entorno donde la masculinidad se ha asociado tradicionalmente con la fuerza y la invulnerabilidad. Su presencia invita a cuestionar por qu\u00e9 el desd\u00e9n hacia lo que se percibe como &#8220;d\u00e9bil&#8221; persiste y a plantear una pregunta crucial: \u00bfpuede la moda ser realmente un espacio inclusivo?<\/p>\n<h4>La Influencia de la Generaci\u00f3n Z<\/h4>\n<p>La irrupci\u00f3n de Chalamet en el mundo de la moda es, en gran medida, un reflejo de las inquietudes de las generaciones m\u00e1s j\u00f3venes, que buscan una representaci\u00f3n m\u00e1s aut\u00e9ntica y fluida. Este cambio no solo abarca el vestuario; tambi\u00e9n se extiende a las actitudes y comportamientos. La Generaci\u00f3n Z busca desafiar las normas preestablecidas, y Chalamet se ha convertido en un \u00edcono que personifica esta lucha por la autenticidad y la aceptaci\u00f3n.<\/p>\n<h4>Reflexiones sobre la Identidad<\/h4>\n<p>La incomodidad que genera Timoth\u00e9e Chalamet puede ser vista como un indicador de tiempos en transformaci\u00f3n. A medida que el mundo cambia, tambi\u00e9n lo hacen los espacios en los que se discute la identidad. Chalamet parece estar en la vanguardia de este movimiento, desafiando las etiquetas de g\u00e9nero y permitiendo que su estilo personal hable por s\u00ed mismo, sin miedo a ser juzgado.<\/p>\n<h4>La Moda como Forma de Expresi\u00f3n<\/h4>\n<p>El impacto de Chalamet va m\u00e1s all\u00e1 de la simple est\u00e9tica. Su valent\u00eda para expresar su identidad a trav\u00e9s de la moda es un poderoso recordatorio de que esta no es solo un medio de presentaci\u00f3n, sino una forma de comunicaci\u00f3n. La moda tiene el potencial de empoderar a quienes deciden adoptarla como un veh\u00edculo de autoexpresi\u00f3n.<\/p>\n<h3>Un Futuro Abierto<\/h3>\n<p>Sin duda, el fen\u00f3meno Timoth\u00e9e Chalamet representa un cambio significativo en la narrativa de g\u00e9nero en la moda. Su influencia est\u00e1 redefiniendo la masculinidad y empujando los l\u00edmites de la creatividad estil\u00edstica. A medida que el debate sobre la identidad de g\u00e9nero se intensifica, la moda seguir\u00e1 siendo un campo crucial donde esas conversaciones podr\u00e1n prosperar. La historia de Chalamet es solo el comienzo de una transformaci\u00f3n m\u00e1s amplia que podr\u00eda alterar nuestras percepciones por completo.<\/p>\n<p>En este contexto, la pr\u00f3xima vez que observemos una alfombra roja, recordemos que no se trata solo de un atuendo; se trata de un mensaje que puede resonar en la cultura contempor\u00e1nea y, tal vez, allanar el camino para un futuro donde la individualidad y la autenticidad sean celebradas en todas sus formas.<\/p>\n<p><em> &#8221; Fuentes www.vogue.mx &#8221; <\/em><\/p>\n","protected":false},"excerpt":{"rendered":"<p>La Nueva Definici\u00f3n de Masculinidad en la Moda: Timoth\u00e9e Chalamet y su Impacto Cultural La moda siempre ha sido un reflejo de la sociedad y sus constantes cambios. A medida que la cultura evoluciona, tambi\u00e9n lo hace nuestra percepci\u00f3n de lo que significa ser &#8220;moderno&#8221; en el \u00e1mbito del estilo. Un nombre que ha captado [&hellip;]<\/p>\n","protected":false},"author":14,"featured_media":1096442,"comment_status":"open","ping_status":"closed","sticky":false,"template":"","format":"standard","meta":{"om_disable_all_campaigns":false,"jnews-multi-image_gallery":[],"jnews_single_post":[],"jnews_primary_category":[],"jnews_social_meta":[],"footnotes":""},"categories":[144872],"tags":[47234,53023,131609,1633,662,16195,2167,237806,38190,13598,1907,31895],"class_list":["post-1096441","post","type-post","status-publish","format-standard","has-post-thumbnail","hentry","category-fashion","tag-actitud","tag-ambicion","tag-celebridad","tag-critica","tag-cultura","tag-exito","tag-genero","tag-incomodidad","tag-percepcion","tag-personalidad","tag-sociedad","tag-timothee-chalamet"],"_links":{"self":[{"href":"https:\/\/dimensionturistica.com\/es\/wp-json\/wp\/v2\/posts\/1096441","targetHints":{"allow":["GET"]}}],"collection":[{"href":"https:\/\/dimensionturistica.com\/es\/wp-json\/wp\/v2\/posts"}],"about":[{"href":"https:\/\/dimensionturistica.com\/es\/wp-json\/wp\/v2\/types\/post"}],"author":[{"embeddable":true,"href":"https:\/\/dimensionturistica.com\/es\/wp-json\/wp\/v2\/users\/14"}],"replies":[{"embeddable":true,"href":"https:\/\/dimensionturistica.com\/es\/wp-json\/wp\/v2\/comments?post=1096441"}],"version-history":[{"count":1,"href":"https:\/\/dimensionturistica.com\/es\/wp-json\/wp\/v2\/posts\/1096441\/revisions"}],"predecessor-version":[{"id":1096443,"href":"https:\/\/dimensionturistica.com\/es\/wp-json\/wp\/v2\/posts\/1096441\/revisions\/1096443"}],"wp:featuredmedia":[{"embeddable":true,"href":"https:\/\/dimensionturistica.com\/es\/wp-json\/wp\/v2\/media\/1096442"}],"wp:attachment":[{"href":"https:\/\/dimensionturistica.com\/es\/wp-json\/wp\/v2\/media?parent=1096441"}],"wp:term":[{"taxonomy":"category","embeddable":true,"href":"https:\/\/dimensionturistica.com\/es\/wp-json\/wp\/v2\/categories?post=1096441"},{"taxonomy":"post_tag","embeddable":true,"href":"https:\/\/dimensionturistica.com\/es\/wp-json\/wp\/v2\/tags?post=1096441"}],"curies":[{"name":"wp","href":"https:\/\/api.w.org\/{rel}","templated":true}]}}