{"id":1096299,"date":"2026-01-12T14:54:48","date_gmt":"2026-01-12T14:54:48","guid":{"rendered":"https:\/\/dimensionturistica.com\/es\/?p=1096299"},"modified":"2026-01-12T14:54:48","modified_gmt":"2026-01-12T14:54:48","slug":"400-horas-de-confeccion-la-travesia-del-vestido-versace-de-amanda-seyfried-en-los-globos-de-oro-2026","status":"publish","type":"post","link":"https:\/\/dimensionturistica.com\/es\/400-horas-de-confeccion-la-travesia-del-vestido-versace-de-amanda-seyfried-en-los-globos-de-oro-2026\/","title":{"rendered":"400 Horas de Confecci\u00f3n: La Traves\u00eda del Vestido Versace de Amanda Seyfried en los Globos de Oro 2026"},"content":{"rendered":"<h3>Elegancia Sofisticada: Amanda Seyfried Brilla en los Golden Globes 2026<\/h3>\n<p>La alfombra roja de los Golden Globes 2026 se inund\u00f3 de glamour y sofisticaci\u00f3n, pero un look, en particular, dej\u00f3 a todos boquiabiertos. Amanda Seyfried, talentosa actriz y s\u00edmbolo de estilo, se present\u00f3 con un impactante vestido blanco de Versace que ha capturado la atenci\u00f3n de la cr\u00edtica y ha provocado suspiros entre los aficionados a la moda.<\/p>\n<h4>Un Dise\u00f1o que Habla por S\u00ed Mismo<\/h4>\n<p>El vestido, confeccionado en un blanco radiante, incorpora un dise\u00f1o que destaca la figura de Seyfried de manera impecable. Con un escote profundo que complementa su elegancia, las l\u00edneas fluidas del vestido fluyen con un movimiento casi et\u00e9reo. Este dise\u00f1o, que refleja la esencia de la marca Versace, no solo resalta su belleza, sino que tambi\u00e9n establece un nuevo est\u00e1ndar para las futuras apariciones en la alfombra roja.<\/p>\n<h4>Detalles que Marcan la Diferencia<\/h4>\n<p>Cada detalle del atuendo es emblem\u00e1tico. Desde la precisi\u00f3n en los cortes hasta los delicados acabados, el vestido de Seyfried es un testimonio del savoir-faire de Versace. La simplicidad del blanco se contrarresta con un sutil brillo, manteniendo el equilibrio perfecto entre sofisticaci\u00f3n y vanguardia. Los accesorios elegidos, minimalistas pero impactantes, acent\u00faan a\u00fan m\u00e1s su figura, permitiendo que el vestido sea el verdadero protagonista.<\/p>\n<h4>La Influencia de un Icono<\/h4>\n<p>Amanda Seyfried ha demostrado ser m\u00e1s que una actriz; es un referente de estilo contempor\u00e1neo. Su elecci\u00f3n de Versace no solo es una declaraci\u00f3n de moda, sino tambi\u00e9n una inspiraci\u00f3n para aquellos que buscan atreverse a ser diferentes en su estilo personal. A trav\u00e9s de su imagen, Seyfried invita a los seguidores a explorar la fusi\u00f3n entre la elegancia cl\u00e1sica y las tendencias modernas.<\/p>\n<h4>Reacciones en Redes Sociales<\/h4>\n<p>Las redes sociales han estallado con comentarios sobre el look de Seyfried, convirti\u00e9ndose r\u00e1pidamente en el tema de conversaci\u00f3n entre los aficionados del mundo del entretenimiento. La viralidad de su apariencia ha generado m\u00faltiples memes y publicaciones, resaltando c\u00f3mo un solo atuendo puede transformar la narrativa de un evento. \u00bfPuede el vestido de Seyfried ser considerado uno de los m\u00e1s memorables de la historia de los Golden Globes? La conversaci\u00f3n est\u00e1 abierta y la audiencia, \u00e1vida de detalles, no duda en compartir sus opiniones.<\/p>\n<h4>Reflexionando Sobre el Futuro de la Moda<\/h4>\n<p>La indiscutible huella que deja Amanda Seyfried en la moda nos invita a preguntarnos sobre el futuro de las elecciones estil\u00edsticas en eventos de alta relevancia. \u00bfEst\u00e1n los dise\u00f1adores listos para seguir la pista de estas declaraciones audaces? Sin duda, esta aparici\u00f3n marca un nuevo cap\u00edtulo donde la moda se convierte en un potente medio de expresi\u00f3n.<\/p>\n<p>La alfombra roja es un escaparate de creatividad, y la elecci\u00f3n de Seyfried es un recordatorio de que la elegancia nunca pasa de moda. Su vestido de Versace no solo adorn\u00f3 su figura, sino que tambi\u00e9n ha comenzado a escribir una nueva historia en el \u00e1mbito de la moda contempor\u00e1nea. A medida que la conversaci\u00f3n sobre su look evoluciona, queda claro que la combinaci\u00f3n de talento y estilo siempre dar\u00e1 de qu\u00e9 hablar en los grandes escenarios.<\/p>\n<p><em> &#8221; Fuentes www.vogue.mx &#8221; <\/em><\/p>\n","protected":false},"excerpt":{"rendered":"<p>Elegancia Sofisticada: Amanda Seyfried Brilla en los Golden Globes 2026 La alfombra roja de los Golden Globes 2026 se inund\u00f3 de glamour y sofisticaci\u00f3n, pero un look, en particular, dej\u00f3 a todos boquiabiertos. Amanda Seyfried, talentosa actriz y s\u00edmbolo de estilo, se present\u00f3 con un impactante vestido blanco de Versace que ha capturado la atenci\u00f3n [&hellip;]<\/p>\n","protected":false},"author":14,"featured_media":1096300,"comment_status":"open","ping_status":"closed","sticky":false,"template":"","format":"standard","meta":{"om_disable_all_campaigns":false,"jnews-multi-image_gallery":[],"jnews_single_post":[],"jnews_primary_category":[],"jnews_social_meta":[],"footnotes":""},"categories":[144872],"tags":[263380,21732,214569,6446,53175,205938,416,263289,176162,659,263381],"class_list":["post-1096299","post","type-post","status-publish","format-standard","has-post-thumbnail","hentry","category-fashion","tag-400-horas-de-costura","tag-alfombra-roja","tag-amanda-seyfried","tag-celebridades","tag-disenador","tag-eventos-de-cine","tag-golden-globes","tag-golden-globes-2026","tag-historia-de-la-moda","tag-moda","tag-vestido-versace"],"_links":{"self":[{"href":"https:\/\/dimensionturistica.com\/es\/wp-json\/wp\/v2\/posts\/1096299","targetHints":{"allow":["GET"]}}],"collection":[{"href":"https:\/\/dimensionturistica.com\/es\/wp-json\/wp\/v2\/posts"}],"about":[{"href":"https:\/\/dimensionturistica.com\/es\/wp-json\/wp\/v2\/types\/post"}],"author":[{"embeddable":true,"href":"https:\/\/dimensionturistica.com\/es\/wp-json\/wp\/v2\/users\/14"}],"replies":[{"embeddable":true,"href":"https:\/\/dimensionturistica.com\/es\/wp-json\/wp\/v2\/comments?post=1096299"}],"version-history":[{"count":1,"href":"https:\/\/dimensionturistica.com\/es\/wp-json\/wp\/v2\/posts\/1096299\/revisions"}],"predecessor-version":[{"id":1096301,"href":"https:\/\/dimensionturistica.com\/es\/wp-json\/wp\/v2\/posts\/1096299\/revisions\/1096301"}],"wp:featuredmedia":[{"embeddable":true,"href":"https:\/\/dimensionturistica.com\/es\/wp-json\/wp\/v2\/media\/1096300"}],"wp:attachment":[{"href":"https:\/\/dimensionturistica.com\/es\/wp-json\/wp\/v2\/media?parent=1096299"}],"wp:term":[{"taxonomy":"category","embeddable":true,"href":"https:\/\/dimensionturistica.com\/es\/wp-json\/wp\/v2\/categories?post=1096299"},{"taxonomy":"post_tag","embeddable":true,"href":"https:\/\/dimensionturistica.com\/es\/wp-json\/wp\/v2\/tags?post=1096299"}],"curies":[{"name":"wp","href":"https:\/\/api.w.org\/{rel}","templated":true}]}}