{"id":1096219,"date":"2026-01-12T11:04:03","date_gmt":"2026-01-12T11:04:03","guid":{"rendered":"https:\/\/dimensionturistica.com\/es\/?p=1096219"},"modified":"2026-01-12T11:04:03","modified_gmt":"2026-01-12T11:04:03","slug":"valentin-carrera-se-alza-con-el-primer-galardon-altair-de-narrativa-de-viajes","status":"publish","type":"post","link":"https:\/\/dimensionturistica.com\/es\/valentin-carrera-se-alza-con-el-primer-galardon-altair-de-narrativa-de-viajes\/","title":{"rendered":"Valent\u00edn Carrera se alza con el Primer Galard\u00f3n Alta\u00efr de Narrativa de Viajes"},"content":{"rendered":"<h3>Un Viaje Literario hacia Nuevos Horizontes<\/h3>\n<p>La literatura de viajes ha capturado la imaginaci\u00f3n de lectores y viajeros por generaciones. Cada relato se convierte en una ventana abierta hacia culturas, paisajes y experiencias \u00fanicas. En este contexto, recientemente se ha reconocido a una obra que no solo narra un viaje, sino que tambi\u00e9n refleja la esencia misma de la exploraci\u00f3n: un viaje interior.<\/p>\n<p>En un evento que celebra la riqueza del turismo y la escritura, un autor ha destacado con su obra, ganadora de un prestigioso premio en el \u00e1mbito literario. Este galard\u00f3n no solo simboliza un logro personal, sino que invita a una reflexi\u00f3n m\u00e1s profunda sobre c\u00f3mo los viajes pueden transformar nuestra percepci\u00f3n del mundo y de nosotros mismos.<\/p>\n<p>La narrativa, que mezcla la observaci\u00f3n detallada con reflexiones emocionales, ofrece al lector la oportunidad de experimentar cada destino no solo como un espacio geogr\u00e1fico, sino tambi\u00e9n como un trampol\u00edn para la introspecci\u00f3n. Las descripciones v\u00edvidas de paisajes, encuentros y sensaciones nos transportan a lugares lejanos, haciendo que el lector sienta que est\u00e1 recorriendo esos caminos junto al autor.<\/p>\n<p>Pero, \u00bfqu\u00e9 hace que un relato de viaje sea verdaderamente cautivador? La respuesta puede residir en la autenticidad. El autor ganador ha logrado crear un v\u00ednculo poderoso entre el lector y el escenario; cada palabra resuena con la sensibilidad de alguien que no solo observa, sino que tambi\u00e9n siente y vive el momento. Este enfoque permite que la literatura de viajes se convierta en algo m\u00e1s que un compendio de experiencias; se transforma en un veh\u00edculo de conexi\u00f3n humana.<\/p>\n<p>Este premio tambi\u00e9n destaca la importancia de la creaci\u00f3n literaria en un mundo donde la informaci\u00f3n se encuentra al alcance de un clic. En un tiempo en que los destinos tur\u00edsticos son a menudo consumidos de manera superficial, el arte de contar historias se vuelve crucial para revalorizar la experiencia del viaje. Las palabras tienen el potencial de evocar emociones, de inspirar el deseo de salir y explorar, y de recordarnos que el verdadero viaje comienza en nuestro interior.<\/p>\n<p>El reconocimiento de esta obra no solo resalta el talento del autor, sino tambi\u00e9n la riqueza del patrimonio cultural y natural que podemos disfrutar a trav\u00e9s del turismo. Nos invita a considerar cada viaje como una oportunidad de crecimiento personal, un desaf\u00edo a nuestros l\u00edmites y, sobre todo, una celebraci\u00f3n de la diversidad que el mundo nos ofrece.<\/p>\n<p>As\u00ed que, la pr\u00f3xima vez que planees tus vacaciones o escapes, recuerda que cada nuevo lugar tiene su propia historia que contar. Con un libro en mano o una historia en tu coraz\u00f3n, estar\u00e1s listo para embarcarte en un viaje que no solo traspasar\u00e1 fronteras geogr\u00e1ficas, sino que tambi\u00e9n abrir\u00e1 nuevas dimensiones de tu propio ser. La literatura y el turismo son veh\u00edculos que nos llevan a destinos insospechados; t\u00fa solo tienes que dar el primer paso. \u00a1Feliz viaje!<\/p>\n<p><em> &#8221; Fuentes www.elbierzodigital.com &#8221; <\/em><\/p>\n","protected":false},"excerpt":{"rendered":"<p>Un Viaje Literario hacia Nuevos Horizontes La literatura de viajes ha capturado la imaginaci\u00f3n de lectores y viajeros por generaciones. Cada relato se convierte en una ventana abierta hacia culturas, paisajes y experiencias \u00fanicas. En este contexto, recientemente se ha reconocido a una obra que no solo narra un viaje, sino que tambi\u00e9n refleja la [&hellip;]<\/p>\n","protected":false},"author":4,"featured_media":1096220,"comment_status":"open","ping_status":"closed","sticky":false,"template":"","format":"standard","meta":{"om_disable_all_campaigns":false,"jnews-multi-image_gallery":[],"jnews_single_post":[],"jnews_primary_category":[],"jnews_social_meta":[],"footnotes":""},"categories":[39],"tags":[233685,662,16425,121064,2387,6954,5327,1907,263360,263359,545],"class_list":["post-1096219","post","type-post","status-publish","format-standard","has-post-thumbnail","hentry","category-viajes","tag-altair","tag-cultura","tag-escritura","tag-ficcion","tag-literatura","tag-premio","tag-reconocimiento","tag-sociedad","tag-valentin-carrera","tag-valentu00edn-carrera","tag-viajes"],"_links":{"self":[{"href":"https:\/\/dimensionturistica.com\/es\/wp-json\/wp\/v2\/posts\/1096219","targetHints":{"allow":["GET"]}}],"collection":[{"href":"https:\/\/dimensionturistica.com\/es\/wp-json\/wp\/v2\/posts"}],"about":[{"href":"https:\/\/dimensionturistica.com\/es\/wp-json\/wp\/v2\/types\/post"}],"author":[{"embeddable":true,"href":"https:\/\/dimensionturistica.com\/es\/wp-json\/wp\/v2\/users\/4"}],"replies":[{"embeddable":true,"href":"https:\/\/dimensionturistica.com\/es\/wp-json\/wp\/v2\/comments?post=1096219"}],"version-history":[{"count":1,"href":"https:\/\/dimensionturistica.com\/es\/wp-json\/wp\/v2\/posts\/1096219\/revisions"}],"predecessor-version":[{"id":1096221,"href":"https:\/\/dimensionturistica.com\/es\/wp-json\/wp\/v2\/posts\/1096219\/revisions\/1096221"}],"wp:featuredmedia":[{"embeddable":true,"href":"https:\/\/dimensionturistica.com\/es\/wp-json\/wp\/v2\/media\/1096220"}],"wp:attachment":[{"href":"https:\/\/dimensionturistica.com\/es\/wp-json\/wp\/v2\/media?parent=1096219"}],"wp:term":[{"taxonomy":"category","embeddable":true,"href":"https:\/\/dimensionturistica.com\/es\/wp-json\/wp\/v2\/categories?post=1096219"},{"taxonomy":"post_tag","embeddable":true,"href":"https:\/\/dimensionturistica.com\/es\/wp-json\/wp\/v2\/tags?post=1096219"}],"curies":[{"name":"wp","href":"https:\/\/api.w.org\/{rel}","templated":true}]}}