{"id":1096167,"date":"2026-01-12T06:54:33","date_gmt":"2026-01-12T06:54:33","guid":{"rendered":"https:\/\/dimensionturistica.com\/es\/?p=1096167"},"modified":"2026-01-12T06:54:33","modified_gmt":"2026-01-12T06:54:33","slug":"valor-sentimental-inga-ibsdotter-lilleaas-brilla-en-su-rol-protagonico-en-los-globos-de-oro-2026","status":"publish","type":"post","link":"https:\/\/dimensionturistica.com\/es\/valor-sentimental-inga-ibsdotter-lilleaas-brilla-en-su-rol-protagonico-en-los-globos-de-oro-2026\/","title":{"rendered":"Valor Sentimental: Inga Ibsdotter Lilleaas Brilla en su Rol Protag\u00f3nico en los Globos de Oro 2026"},"content":{"rendered":"<p><strong>La Glamour de los Globos: Un Viaje a trav\u00e9s de la Moda en los Golden Globes 2026<\/strong><\/p>\n<p>La noche de los Golden Globes es, sin lugar a dudas, uno de los eventos m\u00e1s esperados en el calendario de la moda. Cada a\u00f1o, estrellas de todo el mundo deslumbran en la alfombra roja, y la edici\u00f3n de 2026 no fue la excepci\u00f3n. Este a\u00f1o, las tendencias y los dise\u00f1os brillaron con una fuerza singular, dejando una marca indeleble en la memoria de los amantes de la moda.<\/p>\n<p>Uno de los aspectos m\u00e1s comentados fue la apuesta por la sostenibilidad y la innovaci\u00f3n en los materiales. Dise\u00f1adores emergentes y consagrados se unieron a la causa ecol\u00f3gica, presentando creaciones que no solo eran visualmente impactantes, sino que tambi\u00e9n reflejaban un compromiso con el medioambiente. Vestidos elaborados con tejidos reciclados y t\u00e9cnicas de confecci\u00f3n responsables se mezclaron con la sofisticaci\u00f3n caracter\u00edstica de este evento.<\/p>\n<p>Entre las estrellas que capturaron la atenci\u00f3n, se destac\u00f3 la presencia de \u00edconos de la industria que optaron por piezas que combinaban tradici\u00f3n y vanguardia. La elegancia de los cortes cl\u00e1sicos se vio complementada por toques modernos, como asimetr\u00edas y detalles met\u00e1licos. Los colores, que abarcaron desde tonos neutros hasta vibrantes tonalidades joya, transformaron la alfombra roja en un aut\u00e9ntico espect\u00e1culo visual.<\/p>\n<p>Las joyas jugaron un papel fundamental esa noche. Los accesorios no solo acentuaron los atuendos, sino que se convirtieron en protagonistas por derecho propio. Dise\u00f1os audaces, llenos de brillo, as\u00ed como piezas minimalistas, ofrecieron una variedad que cautiv\u00f3 a todos. Este a\u00f1o, la tendencia de las joyas personalizadas se consolid\u00f3, con celebridades luciendo piezas \u00fanicas que contaban historias personales o rend\u00edan homenaje a sus ra\u00edces.<\/p>\n<p>Las peinados y el maquillaje tambi\u00e9nuvieron su momento estelar. Desde coletas pulidas hasta ondas suaves y desenfadadas, las elecciones capilares variaron en estilo, reflejando la individualidad de cada artista. En el mundo del maquillaje, los tonos naturales dominaron, aunque no faltaron los looks m\u00e1s atrevidos que a\u00f1adieron un toque de drama a la velada.<\/p>\n<p>La interacci\u00f3n entre moda y medios sociales se volvi\u00f3 m\u00e1s evidente que nunca. Durante el evento, el entusiasmo de los fans y la prensa en redes sociales proporcion\u00f3 una visibilidad sin precedentes. Los comentaristas de moda se apresuraron a compartir sus opiniones, convirtiendo cada aparici\u00f3n en una conversaci\u00f3n global. Los hashtags se dispararon, y las tendencias se convirtieron en temas candentes instant\u00e1neamente, dando vida a una experiencia m\u00e1s democr\u00e1tica y accesible.<\/p>\n<p>Con la vista puesta hacia el futuro, el evento de este a\u00f1o dej\u00f3 claro que la moda sigue siendo un lenguaje universal, capaz de trascender fronteras y edades. La expresi\u00f3n creativa se celebra no solo a trav\u00e9s del dise\u00f1o, sino tambi\u00e9n a trav\u00e9s de las voces que lo impulsan. A medida que los Golden Globes se despiden de su edici\u00f3n 2026, el mundo espera con ansias lo que vendr\u00e1 en el pr\u00f3ximo cap\u00edtulo de esta apasionante narrativa que une arte, celebridades y cultura pop.<\/p>\n<p><em> &#8221; Fuentes www.vogue.com &#8221; <\/em><\/p>\n","protected":false},"excerpt":{"rendered":"<p>La Glamour de los Globos: Un Viaje a trav\u00e9s de la Moda en los Golden Globes 2026 La noche de los Golden Globes es, sin lugar a dudas, uno de los eventos m\u00e1s esperados en el calendario de la moda. Cada a\u00f1o, estrellas de todo el mundo deslumbran en la alfombra roja, y la edici\u00f3n [&hellip;]<\/p>\n","protected":false},"author":14,"featured_media":1096168,"comment_status":"open","ping_status":"closed","sticky":false,"template":"","format":"standard","meta":{"om_disable_all_campaigns":false,"jnews-multi-image_gallery":[],"jnews_single_post":[],"jnews_primary_category":[],"jnews_social_meta":[],"footnotes":""},"categories":[144872],"tags":[263314,152750,198620,213038,56,113611,198883,263348,64679,263349,165,225509],"class_list":["post-1096167","post","type-post","status-publish","format-standard","has-post-thumbnail","hentry","category-fashion","tag-2026-golden-globes","tag-acting","tag-awards-season","tag-breakout-star","tag-celebrity-news","tag-film-industry","tag-golden-globe-awards","tag-inga-ibsdotter-lilleaas","tag-loewe","tag-main-character","tag-red-carpet","tag-sentimental-value"],"_links":{"self":[{"href":"https:\/\/dimensionturistica.com\/es\/wp-json\/wp\/v2\/posts\/1096167","targetHints":{"allow":["GET"]}}],"collection":[{"href":"https:\/\/dimensionturistica.com\/es\/wp-json\/wp\/v2\/posts"}],"about":[{"href":"https:\/\/dimensionturistica.com\/es\/wp-json\/wp\/v2\/types\/post"}],"author":[{"embeddable":true,"href":"https:\/\/dimensionturistica.com\/es\/wp-json\/wp\/v2\/users\/14"}],"replies":[{"embeddable":true,"href":"https:\/\/dimensionturistica.com\/es\/wp-json\/wp\/v2\/comments?post=1096167"}],"version-history":[{"count":1,"href":"https:\/\/dimensionturistica.com\/es\/wp-json\/wp\/v2\/posts\/1096167\/revisions"}],"predecessor-version":[{"id":1096169,"href":"https:\/\/dimensionturistica.com\/es\/wp-json\/wp\/v2\/posts\/1096167\/revisions\/1096169"}],"wp:featuredmedia":[{"embeddable":true,"href":"https:\/\/dimensionturistica.com\/es\/wp-json\/wp\/v2\/media\/1096168"}],"wp:attachment":[{"href":"https:\/\/dimensionturistica.com\/es\/wp-json\/wp\/v2\/media?parent=1096167"}],"wp:term":[{"taxonomy":"category","embeddable":true,"href":"https:\/\/dimensionturistica.com\/es\/wp-json\/wp\/v2\/categories?post=1096167"},{"taxonomy":"post_tag","embeddable":true,"href":"https:\/\/dimensionturistica.com\/es\/wp-json\/wp\/v2\/tags?post=1096167"}],"curies":[{"name":"wp","href":"https:\/\/api.w.org\/{rel}","templated":true}]}}