{"id":1096067,"date":"2026-01-12T00:01:08","date_gmt":"2026-01-12T00:01:08","guid":{"rendered":"https:\/\/dimensionturistica.com\/es\/?p=1096067"},"modified":"2026-01-12T00:01:08","modified_gmt":"2026-01-12T00:01:08","slug":"un-adios-solemne-y-un-encuentro-con-emmanuel-macron-la-historia-de-un-borbon","status":"publish","type":"post","link":"https:\/\/dimensionturistica.com\/es\/un-adios-solemne-y-un-encuentro-con-emmanuel-macron-la-historia-de-un-borbon\/","title":{"rendered":"Un Adi\u00f3s Solemne y un Encuentro con Emmanuel Macron: La Historia de un Borb\u00f3n"},"content":{"rendered":"<h3>La Parisina Conexi\u00f3n Real: Felipe VI y sus Visitas en la Ciudad del Amor<\/h3>\n<p>Par\u00eds, con su inigualable belleza y su historia vibrante, ha sido escenario de ocasiones memorables. Entre ellas, los recientes viajes del rey Felipe VI de Espa\u00f1a han a\u00f1adido un matiz especial a las p\u00e1ginas de la historia que une a las dos naciones. Dos visitas, una marcada por el luto y otra por el di\u00e1logo diplom\u00e1tico, dibujan un retrato de la relaci\u00f3n entre Espa\u00f1a y Francia en un contexto contempor\u00e1neo.<\/p>\n<p>La primera de estas visitas tuvo lugar en un contexto solemne: el funeral de la reina Isabel II. Este evento no solo fue un tributo a una figura hist\u00f3rica de gran relevancia, sino tambi\u00e9n un recordatorio del papel que las casas reales desempe\u00f1an en la diplomacia internacional. En un momento donde el adi\u00f3s era el protagonista, Felipe VI represent\u00f3 a Espa\u00f1a ante una congregaci\u00f3n de mandatarios y figuras destacadas del mundo, subrayando la importancia de la unidad y la solidaridad entre naciones.<\/p>\n<p>Su segundo viaje, sin embargo, adquiri\u00f3 un tono m\u00e1s optimista y estrat\u00e9gico. En un encuentro con el presidente Emmanuel Macron, Felipe VI explor\u00f3 las avenidas de la cooperaci\u00f3n bilateral, en un contexto donde Europa enfrenta desaf\u00edos econ\u00f3micos y sociales. Las relaciones entre ambos pa\u00edses, hist\u00f3ricamente entrelazadas por la cultura y la pol\u00edtica, son cruciales para abordar problemas comunes, desde el cambio clim\u00e1tico hasta la seguridad regional.<\/p>\n<p>Este di\u00e1logo no fue solo una formalidad; se convirti\u00f3 en una charla sobre el futuro de Europa, donde ambos l\u00edderes coincidieron en la necesidad de fortalecer los lazos entre sus pa\u00edses. Este tipo de encuentros no solo son importantes a nivel pol\u00edtico, sino que tambi\u00e9n representan oportunidades para el turismo y el comercio. Cuando las relaciones bilaterales florecen, el inter\u00e9s por visitar Espa\u00f1a y Francia se incrementa, generando beneficios tangibles para las econom\u00edas locales y promoviendo el intercambio cultural.<\/p>\n<p>Par\u00eds, la ciudad que ha sido un refugio para artistas, pensadores y so\u00f1adores a lo largo de la historia, sigue encarnando la belleza del di\u00e1logo y el entendimiento mutuo. Imagina pasear por las calles empedradas del Marais, disfrutar de una cena en un bistr\u00f3 junto al r\u00edo Sena o perderse entre las obras maestras del Louvre, todo mientras sientes la resonancia de estos encuentros en el trasfondo de la historia.<\/p>\n<p>Cada visita de una figura real, digna y carism\u00e1tica como Felipe VI, no solo refuerza v\u00ednculos diplom\u00e1ticos, sino que tambi\u00e9n invita al viajero incansable a explorar las profundas conexiones entre las naciones. En este sentido, el viaje del rey es un recordatorio de que cada encuentro tiene el potencial de transformar el presente y abrir nuevas puertas hacia el futuro.<\/p>\n<p>As\u00ed, mientras Par\u00eds sigue siendo un foco brillando en el mapa tur\u00edstico mundial, es esencial recordar que su magia se ve potenciada por las historias de aquellos que, como Felipe VI, han caminado por sus calles. Las interacciones saludables y las colaboraciones fruct\u00edferas pueden ser la chispa que ilumina el camino hacia un futuro compartido en el coraz\u00f3n de Europa. Sin duda, tanto los viajeros como los l\u00edderes est\u00e1n invitados a ser parte de este viaje transformador en el que el entendimiento y la amistad son los ejes centrales.<\/p>\n<p><em> &#8221; Fuentes www.eleconomista.es &#8221; <\/em><\/p>\n","protected":false},"excerpt":{"rendered":"<p>La Parisina Conexi\u00f3n Real: Felipe VI y sus Visitas en la Ciudad del Amor Par\u00eds, con su inigualable belleza y su historia vibrante, ha sido escenario de ocasiones memorables. Entre ellas, los recientes viajes del rey Felipe VI de Espa\u00f1a han a\u00f1adido un matiz especial a las p\u00e1ginas de la historia que une a las [&hellip;]<\/p>\n","protected":false},"author":4,"featured_media":1096068,"comment_status":"open","ping_status":"closed","sticky":false,"template":"","format":"standard","meta":{"om_disable_all_campaigns":false,"jnews-multi-image_gallery":[],"jnews_single_post":[],"jnews_primary_category":[],"jnews_social_meta":[],"footnotes":""},"categories":[39],"tags":[65250,9268,5726,3402,22419],"class_list":["post-1096067","post","type-post","status-publish","format-standard","has-post-thumbnail","hentry","category-viajes","tag-borbon","tag-casas-reales","tag-emmanuel-macron","tag-encuentro","tag-funeral"],"_links":{"self":[{"href":"https:\/\/dimensionturistica.com\/es\/wp-json\/wp\/v2\/posts\/1096067","targetHints":{"allow":["GET"]}}],"collection":[{"href":"https:\/\/dimensionturistica.com\/es\/wp-json\/wp\/v2\/posts"}],"about":[{"href":"https:\/\/dimensionturistica.com\/es\/wp-json\/wp\/v2\/types\/post"}],"author":[{"embeddable":true,"href":"https:\/\/dimensionturistica.com\/es\/wp-json\/wp\/v2\/users\/4"}],"replies":[{"embeddable":true,"href":"https:\/\/dimensionturistica.com\/es\/wp-json\/wp\/v2\/comments?post=1096067"}],"version-history":[{"count":1,"href":"https:\/\/dimensionturistica.com\/es\/wp-json\/wp\/v2\/posts\/1096067\/revisions"}],"predecessor-version":[{"id":1096069,"href":"https:\/\/dimensionturistica.com\/es\/wp-json\/wp\/v2\/posts\/1096067\/revisions\/1096069"}],"wp:featuredmedia":[{"embeddable":true,"href":"https:\/\/dimensionturistica.com\/es\/wp-json\/wp\/v2\/media\/1096068"}],"wp:attachment":[{"href":"https:\/\/dimensionturistica.com\/es\/wp-json\/wp\/v2\/media?parent=1096067"}],"wp:term":[{"taxonomy":"category","embeddable":true,"href":"https:\/\/dimensionturistica.com\/es\/wp-json\/wp\/v2\/categories?post=1096067"},{"taxonomy":"post_tag","embeddable":true,"href":"https:\/\/dimensionturistica.com\/es\/wp-json\/wp\/v2\/tags?post=1096067"}],"curies":[{"name":"wp","href":"https:\/\/api.w.org\/{rel}","templated":true}]}}